{"id":21981,"date":"2020-02-26T12:00:20","date_gmt":"2020-02-26T15:00:20","guid":{"rendered":"http:\/\/www.yungayino.cl\/noticias\/?p=21981"},"modified":"2020-02-26T13:01:38","modified_gmt":"2020-02-26T16:01:38","slug":"team-nuble-de-para-atletismo-realiza-inedita-pretemporada-en-pemuco","status":"publish","type":"post","link":"https:\/\/www.yungayino.cl\/noticias\/?p=21981","title":{"rendered":"Team \u00d1uble de Para-Atletismo Realiza In\u00e9dita Pretemporada en Pemuco"},"content":{"rendered":"<p><img loading=\"lazy\" decoding=\"async\" class=\"alignnone size-full wp-image-21982\" src=\"http:\/\/www.yungayino.cl\/noticias\/wp-content\/uploads\/2020\/02\/para_atletismo_pemuco_2020.jpg\" alt=\"\" width=\"700\" height=\"432\" srcset=\"https:\/\/www.yungayino.cl\/noticias\/wp-content\/uploads\/2020\/02\/para_atletismo_pemuco_2020.jpg 700w, https:\/\/www.yungayino.cl\/noticias\/wp-content\/uploads\/2020\/02\/para_atletismo_pemuco_2020-300x185.jpg 300w, https:\/\/www.yungayino.cl\/noticias\/wp-content\/uploads\/2020\/02\/para_atletismo_pemuco_2020-243x150.jpg 243w\" sizes=\"auto, (max-width: 700px) 100vw, 700px\" \/><\/p>\n<p style=\"text-align: justify;\">Pemuco, febrero 2020: D\u00edas de intensa preparaci\u00f3n son los que ha vivido el Team \u00d1uble de para-atletismo que se encuentra realizando por primera vez una pretemporada para llegar de la mejor forma a las competencias del presente a\u00f1o, donde destacan los Juegos Binacionales Para-Araucan\u00eda (mayo) y los Jugos Para-Nacionales (junio).<\/p>\n<p style=\"text-align: justify;\">En total, han sido 10 d\u00edas de concentraci\u00f3n en el Estadio Municipal de Pemuco, donde los deportistas han trabajado a doble jornada bajo las \u00f3rdenes de la entrenadora Bernardita Maldonado, incluyendo ejercicios de cancha y piscina.<\/p>\n<p style=\"text-align: justify;\">\u201cEstamos buscando que nuestros deportistas mejoren sus aspectos t\u00e9cnicos, f\u00edsicos y psicol\u00f3gicos. Para eso hemos incorporado material audiovisual como apoyo, adem\u00e1s de los trabajos habituales en cancha. El tener que convivir juntos y preocuparse de labores dom\u00e9sticas los ayuda tambi\u00e9n a crecer como personas independientes\u201d, explica Maldonado.<\/p>\n<p style=\"text-align: justify;\">La pretemporada fue posible gracias al financiamiento del Instituto Nacional de Deportes (IND) de \u00d1uble a trav\u00e9s de Fondeporte, que adem\u00e1s consider\u00f3 los buenos resultados alcanzados por el Team \u00d1uble de para atletismo durante el 2019: Cuarto lugar en los Juegos Para-Nacionales y S\u00e9ptimo en los Para-Araucan\u00eda (compiten 13 regiones).<\/p>\n<p style=\"text-align: justify;\">John Mar\u00edn, r\u00e9cord nacional en lanzamiento de bala y jabalina, coment\u00f3 que \u201chan sido d\u00edas intensos pero muy bien aprovechados. Estamos dando lo mejor de nosotros y la convivencia nos sirve como equipo para todo lo que viene\u201d.<\/p>\n<p style=\"text-align: justify;\">Adem\u00e1s de Mar\u00edn, los deportistas concentrados son Ignacio Lagos, Johnny Mesa, Magdiel Espinoza, H\u00e9ctor C\u00e1rdenas, Jorge Valdevenito, Juan Quezada, Caterine Aedo y Mauricio Barra.<\/p>\n","protected":false},"excerpt":{"rendered":"<p>Pemuco, febrero 2020: D\u00edas de intensa preparaci\u00f3n son los que ha vivido el Team \u00d1uble de para-atletismo que se encuentra realizando por primera vez una pretemporada para llegar de la mejor forma a las&#46;&#46;&#46;<\/p>\n","protected":false},"author":2,"featured_media":21982,"comment_status":"closed","ping_status":"open","sticky":false,"template":"","format":"standard","meta":{"footnotes":""},"categories":[17,1],"tags":[379,1115,2176,30,2175,8,6,2174],"class_list":["post-21981","post","type-post","status-publish","format-standard","has-post-thumbnail","hentry","category-deporte","category-noticias","tag-deportes","tag-noticias","tag-para-atletismo","tag-pemuco","tag-team-nuble","tag-yungay","tag-yungayino","tag-yungayino-c"],"_links":{"self":[{"href":"https:\/\/www.yungayino.cl\/noticias\/index.php?rest_route=\/wp\/v2\/posts\/21981","targetHints":{"allow":["GET"]}}],"collection":[{"href":"https:\/\/www.yungayino.cl\/noticias\/index.php?rest_route=\/wp\/v2\/posts"}],"about":[{"href":"https:\/\/www.yungayino.cl\/noticias\/index.php?rest_route=\/wp\/v2\/types\/post"}],"author":[{"embeddable":true,"href":"https:\/\/www.yungayino.cl\/noticias\/index.php?rest_route=\/wp\/v2\/users\/2"}],"replies":[{"embeddable":true,"href":"https:\/\/www.yungayino.cl\/noticias\/index.php?rest_route=%2Fwp%2Fv2%2Fcomments&post=21981"}],"version-history":[{"count":1,"href":"https:\/\/www.yungayino.cl\/noticias\/index.php?rest_route=\/wp\/v2\/posts\/21981\/revisions"}],"predecessor-version":[{"id":21983,"href":"https:\/\/www.yungayino.cl\/noticias\/index.php?rest_route=\/wp\/v2\/posts\/21981\/revisions\/21983"}],"wp:featuredmedia":[{"embeddable":true,"href":"https:\/\/www.yungayino.cl\/noticias\/index.php?rest_route=\/wp\/v2\/media\/21982"}],"wp:attachment":[{"href":"https:\/\/www.yungayino.cl\/noticias\/index.php?rest_route=%2Fwp%2Fv2%2Fmedia&parent=21981"}],"wp:term":[{"taxonomy":"category","embeddable":true,"href":"https:\/\/www.yungayino.cl\/noticias\/index.php?rest_route=%2Fwp%2Fv2%2Fcategories&post=21981"},{"taxonomy":"post_tag","embeddable":true,"href":"https:\/\/www.yungayino.cl\/noticias\/index.php?rest_route=%2Fwp%2Fv2%2Ftags&post=21981"}],"curies":[{"name":"wp","href":"https:\/\/api.w.org\/{rel}","templated":true}]}}