{"id":21987,"date":"2020-02-28T14:00:33","date_gmt":"2020-02-28T17:00:33","guid":{"rendered":"http:\/\/www.yungayino.cl\/noticias\/?p=21987"},"modified":"2020-02-28T15:00:22","modified_gmt":"2020-02-28T18:00:22","slug":"adjudicacion-programa-yo-emprendo-en-yungay-2019","status":"publish","type":"post","link":"https:\/\/www.yungayino.cl\/noticias\/?p=21987","title":{"rendered":"Adjudicaci\u00f3n Programa \u201cYo Emprendo en Yungay 2019\u201d"},"content":{"rendered":"<p><img loading=\"lazy\" decoding=\"async\" class=\"alignnone size-full wp-image-21988\" src=\"http:\/\/www.yungayino.cl\/noticias\/wp-content\/uploads\/2020\/02\/yo_emprendo_YUNGAY_2020.png\" alt=\"\" width=\"700\" height=\"204\" srcset=\"https:\/\/www.yungayino.cl\/noticias\/wp-content\/uploads\/2020\/02\/yo_emprendo_YUNGAY_2020.png 700w, https:\/\/www.yungayino.cl\/noticias\/wp-content\/uploads\/2020\/02\/yo_emprendo_YUNGAY_2020-300x87.png 300w, https:\/\/www.yungayino.cl\/noticias\/wp-content\/uploads\/2020\/02\/yo_emprendo_YUNGAY_2020-515x150.png 515w\" sizes=\"auto, (max-width: 700px) 100vw, 700px\" \/><\/p>\n<p style=\"text-align: justify;\">Yungay, viernes 28 febrero 2020: La Ilustre Municipalidad de Yungay dio a conocer la n\u00f3mina de las personas que se adjudicaron los proyectos postulados al programa \u201cYo Emprendo en Yungay\u201d, tercera versi\u00f3n a\u00f1o 2019.<\/p>\n<p style=\"text-align: justify;\">El convenio de corporaci\u00f3n es integrado por la Corporaci\u00f3n Industrial para el Desarrollo del BioB\u00edo, CIDERE BioB\u00edo, la empresa Masisa S.A. y la Ilustre Municipalidad de Yungay.<\/p>\n<p style=\"text-align: justify;\"><strong><u>Lista de personas premiadas YEY, Tercera Versi\u00f3n:<\/u><\/strong><\/p>\n<p style=\"text-align: justify;\">1.- \u00c1ngel Lermanda<\/p>\n<p style=\"text-align: justify;\">2.- Aquiles Bravo<\/p>\n<p style=\"text-align: justify;\">3.- Azucena Hern\u00e1ndez<\/p>\n<p style=\"text-align: justify;\">4.- Benita Fuentealba<\/p>\n<p style=\"text-align: justify;\">5.- Benita Sep\u00falveda<\/p>\n<p style=\"text-align: justify;\">6.- Blanca Fa\u00fandez<\/p>\n<p style=\"text-align: justify;\">7.- Carolina Cid<\/p>\n<p style=\"text-align: justify;\">8.- Cristina Vejar<\/p>\n<p style=\"text-align: justify;\">9.- Crist\u00f3bal Villalobos<\/p>\n<p style=\"text-align: justify;\">10.- Diego Fritz<\/p>\n<p style=\"text-align: justify;\">11.- Fresia Valdebenito<\/p>\n<p style=\"text-align: justify;\">12.- Gladys Silva<\/p>\n<p style=\"text-align: justify;\">13.- Irma Valeria<\/p>\n<p style=\"text-align: justify;\">14.- Jos\u00e9 Luis Polanco<\/p>\n<p style=\"text-align: justify;\">15.- Jos\u00e9 Mancilla<\/p>\n<p style=\"text-align: justify;\">16.- Katherine S\u00e1nchez<\/p>\n<p style=\"text-align: justify;\">17.- Leonel Riquelme<\/p>\n<p style=\"text-align: justify;\">18.- Luisa Carrasco<\/p>\n<p style=\"text-align: justify;\">19.- Luz Monroy<\/p>\n<p style=\"text-align: justify;\">20.- Marcela Morales<\/p>\n<p style=\"text-align: justify;\">21.- Marcelo Herrera<\/p>\n<p style=\"text-align: justify;\">22.- Mar\u00eda Cifuentes<\/p>\n<p style=\"text-align: justify;\">23.- Mar\u00eda Garc\u00eda<\/p>\n<p style=\"text-align: justify;\">24.- Mar\u00eda Ort\u00edz<\/p>\n<p style=\"text-align: justify;\">25.- Mar\u00eda Reyes<\/p>\n<p style=\"text-align: justify;\">26.- Marisol Seguel<\/p>\n<p style=\"text-align: justify;\">27.- Maryorie Rivas<\/p>\n<p style=\"text-align: justify;\">28.- Matilde Bilbao<\/p>\n<p style=\"text-align: justify;\">29.- Patricio \u00c1lvarez<\/p>\n<p style=\"text-align: justify;\">30.- Patricio Cid<\/p>\n<p style=\"text-align: justify;\">31.- Ramiro Rivas<\/p>\n<p style=\"text-align: justify;\">32.- Rebeca V\u00e1squez<\/p>\n<p style=\"text-align: justify;\">33.-Sergio Bursi<\/p>\n<p style=\"text-align: justify;\">34.- Sof\u00eda Triantafilo<\/p>\n<p style=\"text-align: justify;\">35.- Susana Guti\u00e9rrez<\/p>\n<p style=\"text-align: justify;\">36.- Teodoro \u00c1lvarez<\/p>\n","protected":false},"excerpt":{"rendered":"<p>Yungay, viernes 28 febrero 2020: La Ilustre Municipalidad de Yungay dio a conocer la n\u00f3mina de las personas que se adjudicaron los proyectos postulados al programa \u201cYo Emprendo en Yungay\u201d, tercera versi\u00f3n a\u00f1o 2019.&#46;&#46;&#46;<\/p>\n","protected":false},"author":2,"featured_media":21988,"comment_status":"closed","ping_status":"open","sticky":false,"template":"","format":"standard","meta":{"footnotes":""},"categories":[1],"tags":[1115,1517,8,6,117],"class_list":["post-21987","post","type-post","status-publish","format-standard","has-post-thumbnail","hentry","category-noticias","tag-noticias","tag-yo-emprendo-en-yungay","tag-yungay","tag-yungayino","tag-yungayinocl"],"_links":{"self":[{"href":"https:\/\/www.yungayino.cl\/noticias\/index.php?rest_route=\/wp\/v2\/posts\/21987","targetHints":{"allow":["GET"]}}],"collection":[{"href":"https:\/\/www.yungayino.cl\/noticias\/index.php?rest_route=\/wp\/v2\/posts"}],"about":[{"href":"https:\/\/www.yungayino.cl\/noticias\/index.php?rest_route=\/wp\/v2\/types\/post"}],"author":[{"embeddable":true,"href":"https:\/\/www.yungayino.cl\/noticias\/index.php?rest_route=\/wp\/v2\/users\/2"}],"replies":[{"embeddable":true,"href":"https:\/\/www.yungayino.cl\/noticias\/index.php?rest_route=%2Fwp%2Fv2%2Fcomments&post=21987"}],"version-history":[{"count":3,"href":"https:\/\/www.yungayino.cl\/noticias\/index.php?rest_route=\/wp\/v2\/posts\/21987\/revisions"}],"predecessor-version":[{"id":21991,"href":"https:\/\/www.yungayino.cl\/noticias\/index.php?rest_route=\/wp\/v2\/posts\/21987\/revisions\/21991"}],"wp:featuredmedia":[{"embeddable":true,"href":"https:\/\/www.yungayino.cl\/noticias\/index.php?rest_route=\/wp\/v2\/media\/21988"}],"wp:attachment":[{"href":"https:\/\/www.yungayino.cl\/noticias\/index.php?rest_route=%2Fwp%2Fv2%2Fmedia&parent=21987"}],"wp:term":[{"taxonomy":"category","embeddable":true,"href":"https:\/\/www.yungayino.cl\/noticias\/index.php?rest_route=%2Fwp%2Fv2%2Fcategories&post=21987"},{"taxonomy":"post_tag","embeddable":true,"href":"https:\/\/www.yungayino.cl\/noticias\/index.php?rest_route=%2Fwp%2Fv2%2Ftags&post=21987"}],"curies":[{"name":"wp","href":"https:\/\/api.w.org\/{rel}","templated":true}]}}