{"id":22029,"date":"2020-03-12T14:00:31","date_gmt":"2020-03-12T17:00:31","guid":{"rendered":"http:\/\/www.yungayino.cl\/noticias\/?p=22029"},"modified":"2020-03-12T14:06:53","modified_gmt":"2020-03-12T17:06:53","slug":"confirman-el-refuerzo-de-la-red-asistencial-ante-el-primer-caso-de-covid-19-en-nuble","status":"publish","type":"post","link":"https:\/\/www.yungayino.cl\/noticias\/?p=22029","title":{"rendered":"Confirman el Refuerzo de la Red Asistencial Ante el Primer Caso de COVID 19 en \u00d1uble"},"content":{"rendered":"<p><img loading=\"lazy\" decoding=\"async\" class=\"alignnone size-full wp-image-22030\" src=\"http:\/\/www.yungayino.cl\/noticias\/wp-content\/uploads\/2020\/03\/covid-19.jpg\" alt=\"\" width=\"700\" height=\"350\" srcset=\"https:\/\/www.yungayino.cl\/noticias\/wp-content\/uploads\/2020\/03\/covid-19.jpg 700w, https:\/\/www.yungayino.cl\/noticias\/wp-content\/uploads\/2020\/03\/covid-19-300x150.jpg 300w\" sizes=\"auto, (max-width: 700px) 100vw, 700px\" \/><\/p>\n<p style=\"text-align: justify;\">Regional, jueves 12 de marzo 2020: en reuni\u00f3n con los Hospitales de la Regi\u00f3n, el Servicio de Salud \u00d1uble recalc\u00f3 que el trabajo que se ha realizado permite que la red asistencial est\u00e9 preparada para la detecci\u00f3n oportuna de casos. Sin embargo, el principal llamado es a prevenir y adoptar las recomendaciones que disminuyen el riesgo de contraer esta patolog\u00eda.<\/p>\n<p style=\"text-align: justify;\">El Director (s) del Servicio de Salud \u00d1uble (SS\u00d1), Ricardo S\u00e1nchez Opazo, encabez\u00f3 un nuevo encuentro que reuni\u00f3 a todos los directores y l\u00edderes de equipos cl\u00ednicos de los Hospitales de la Regi\u00f3n, para afinar las coordinaciones y estrategias de preparaci\u00f3n de la red asistencial ante la llegada del COVID-19.<\/p>\n<p style=\"text-align: justify;\">En la jornada la autoridad recalc\u00f3 que todos los establecimientos de la red asistencial, as\u00ed como el SAMU, cuentan con los protocolos claros y sus elementos de protecci\u00f3n personal para detectar tempranamente posibles casos. Por lo tanto, \u201ccualquier persona que presente s\u00edntomas como tos, dificultad respiratoria y haya viajado recientemente a alguno de los pa\u00edses o zonas que reportan casos de esta enfermedad, o estado en contacto con alguna persona con la patolog\u00eda, debe consultar en nuestros centros de salud\u201d, puntualiz\u00f3 S\u00e1nchez.<\/p>\n<p style=\"text-align: justify;\">El directivo destac\u00f3 que, \u201cnuestro sistema p\u00fablico de salud y sus funcionarios y funcionarias tienen experiencia, est\u00e1n formados y preparados; han enfrentado m\u00faltiples contingencias sanitarias con \u00e9tica y profesionalismo. Sin embargo, as\u00ed como la red ha tomado las medidas de preparaci\u00f3n para enfrentar esta pandemia, el llamado es a actuar de manera responsable, adoptando todas las recomendaciones que ha hecho la autoridad sanitaria para prevenir\u201d.<\/p>\n<p style=\"text-align: justify;\">En esa l\u00ednea, la doctora Patricia Saavedra, Subdirectora de Gesti\u00f3n Asistencial del SS\u00d1, explic\u00f3 que \u201cen este momento, lo esencial es evitar la transmisi\u00f3n, por ello, les recordamos la importancia del lavado de manos, al toser, cubrirse la boca con el antebrazo y evitar acercarse a personas con enfermedades respiratorias\u201d.<\/p>\n<p style=\"text-align: justify;\">La especialista a\u00f1adi\u00f3 que \u201ctal como lo ha dicho el Ministro de Salud, es primordial que tomemos consciencia de la importancia de cambiar algunas conductas para evitar una r\u00e1pida propagaci\u00f3n del virus, por ello, les pedimos guardar cierta distancia respecto de las personas que tenemos al frente; no saludarse y despedirse con un beso o d\u00e1ndose las manos, ya que eso puede significar una permanencia m\u00e1s prolongada del virus. Quiero ser enf\u00e1tica en esto; como equipos de salud no podemos controlar como se saluda la poblaci\u00f3n, pero s\u00ed recalcar la responsabilidad que cada uno tiene en el cuidado de nuestra salud\u201d.<\/p>\n<p style=\"text-align: justify;\"><strong>Mitos<\/strong><\/p>\n<p style=\"text-align: justify;\">A medida que se registran m\u00e1s casos en el mundo, surgen nuevos mitos respecto del COVID19, por ello, la doctora Patricia Saavedra aclara que hay muchas creencias err\u00f3neas en torno a esta patolog\u00eda. \u201cUna de las cosas m\u00e1s comunes que se han escuchado estas semanas es la pregunta: \u00bfEs seguro recibir una carta o un paquete procedentes de China o de otro pa\u00eds que presente casos? Ante esta duda, la Organizaci\u00f3n Mundial de la Salud (OMS) ha sido clara en se\u00f1alar que s\u00ed. Las personas no deben preocuparse, ya que no corren riesgo de contraer el nuevo coronavirus de esta forma\u201d, enfatiz\u00f3 la doctora.<\/p>\n<p style=\"text-align: justify;\">La profesional puntualiz\u00f3 que otro de los rumores es si \u00bfpueden los animales de compa\u00f1\u00eda propagar el nuevo coronavirus? Por el momento, no hay ninguna prueba de que el nuevo coronavirus infecte a animales de compa\u00f1\u00eda como los perros y los gatos.<\/p>\n<p style=\"text-align: justify;\">Respecto de si el COVID 19 afecta s\u00f3lo a personas mayores. La respuesta es no. Puede ocurrir el contagio durante todo el ciclo vital, sin embargo, se ha observado que las personas mayores y las que padecen algunas enfermedades, como asma, diabetes o cardiopat\u00edas, tienen m\u00e1s probabilidades de enfermarse gravemente.<\/p>\n<p style=\"text-align: justify;\">En cuanto a si el virus puede transmitirse a trav\u00e9s de objetos, como monedas y billetes. La realidad es que el riesgo de infectarse mediante el contacto con objetos, como monedas, billetes o tarjetas de cr\u00e9dito, es muy bajo.<\/p>\n<p style=\"text-align: justify;\"><strong>\u00bfEs efectivo el uso de mascarillas?<\/strong><\/p>\n<p style=\"text-align: justify;\">De acuerdo a la OMS estudios han demostrado que el uso de mascarillas s\u00f3lo es efectivo para proteger a los trabajadores de la salud y reducir el riesgo de que pacientes enfermos diseminen la enfermedad. En ese sentido, su utilizaci\u00f3n se recomienda a personas que tienen s\u00edntomas respiratorios como tos, estornudos o dificultad para respirar, incluso cuando buscan atenci\u00f3n m\u00e9dica, para proteger a los que est\u00e1n a su alrededor; tambi\u00e9n, a quienes brindan atenci\u00f3n a personas con s\u00edntomas respiratorios, incluidos los familiares del paciente y a los trabajadores de la salud, cuando ingresan a una habitaci\u00f3n con usuarios\/as, o tratan a un individuo con s\u00edntomas respiratorios, y de acuerdo con el tipo de prestaci\u00f3n que se brindar\u00e1.<\/p>\n<p style=\"text-align: justify;\">La especialista aclara que \u201cla mascarilla no evita el coronavirus cuando es lo \u00fanico que se usa. Se debe combinar con las otras medidas de prevenci\u00f3n como higiene y lavado de manos. Adem\u00e1s, las que suelen venderse al p\u00fablico no son una protecci\u00f3n efectiva, debido a que son demasiado sueltas y se humedecen por lo que su duraci\u00f3n es cercana a una hora\u201d. Sin embargo, pueden ayudar a reducir el riesgo de contraer un virus a trav\u00e9s de las gotitas del estornudo, o la tos, y proporcionar cierta protecci\u00f3n contra las transmisiones de boca a boca.<\/p>\n<p style=\"text-align: justify;\"><strong>Ante dudas la invitaci\u00f3n es a llamar a Salud Responde 600 360 7777, las 24 horas del d\u00eda, los 365 d\u00edas del a\u00f1o.<\/strong><\/p>\n<p style=\"text-align: justify;\"><strong>\u00a0<\/strong><\/p>\n<p style=\"text-align: justify;\">CASOS CONFIRMADOS EN CHILE COVID-19 <a href=\"https:\/\/www.minsal.cl\/nuevo-coronavirus-2019-ncov\/casos-confirmados-en-chile-covid-19\/?fbclid=IwAR0krB-SwBINeZk1HQ2SZrMt9PTyhbFGnBIrvlephgGcGj2aQSmsiKkRRrs\"><strong>AQU\u00cd<\/strong><\/a><\/p>\n","protected":false},"excerpt":{"rendered":"<p>Regional, jueves 12 de marzo 2020: en reuni\u00f3n con los Hospitales de la Regi\u00f3n, el Servicio de Salud \u00d1uble recalc\u00f3 que el trabajo que se ha realizado permite que la red asistencial est\u00e9 preparada&#46;&#46;&#46;<\/p>\n","protected":false},"author":2,"featured_media":22030,"comment_status":"closed","ping_status":"open","sticky":false,"template":"","format":"standard","meta":{"footnotes":""},"categories":[1,1675],"tags":[2181,2182,2183,1115,1678,65,8,6,117],"class_list":["post-22029","post","type-post","status-publish","format-standard","has-post-thumbnail","hentry","category-noticias","category-saludc","tag-chilla","tag-coronavirus","tag-covid-19","tag-noticias","tag-nuble","tag-salud","tag-yungay","tag-yungayino","tag-yungayinocl"],"_links":{"self":[{"href":"https:\/\/www.yungayino.cl\/noticias\/index.php?rest_route=\/wp\/v2\/posts\/22029","targetHints":{"allow":["GET"]}}],"collection":[{"href":"https:\/\/www.yungayino.cl\/noticias\/index.php?rest_route=\/wp\/v2\/posts"}],"about":[{"href":"https:\/\/www.yungayino.cl\/noticias\/index.php?rest_route=\/wp\/v2\/types\/post"}],"author":[{"embeddable":true,"href":"https:\/\/www.yungayino.cl\/noticias\/index.php?rest_route=\/wp\/v2\/users\/2"}],"replies":[{"embeddable":true,"href":"https:\/\/www.yungayino.cl\/noticias\/index.php?rest_route=%2Fwp%2Fv2%2Fcomments&post=22029"}],"version-history":[{"count":2,"href":"https:\/\/www.yungayino.cl\/noticias\/index.php?rest_route=\/wp\/v2\/posts\/22029\/revisions"}],"predecessor-version":[{"id":22032,"href":"https:\/\/www.yungayino.cl\/noticias\/index.php?rest_route=\/wp\/v2\/posts\/22029\/revisions\/22032"}],"wp:featuredmedia":[{"embeddable":true,"href":"https:\/\/www.yungayino.cl\/noticias\/index.php?rest_route=\/wp\/v2\/media\/22030"}],"wp:attachment":[{"href":"https:\/\/www.yungayino.cl\/noticias\/index.php?rest_route=%2Fwp%2Fv2%2Fmedia&parent=22029"}],"wp:term":[{"taxonomy":"category","embeddable":true,"href":"https:\/\/www.yungayino.cl\/noticias\/index.php?rest_route=%2Fwp%2Fv2%2Fcategories&post=22029"},{"taxonomy":"post_tag","embeddable":true,"href":"https:\/\/www.yungayino.cl\/noticias\/index.php?rest_route=%2Fwp%2Fv2%2Ftags&post=22029"}],"curies":[{"name":"wp","href":"https:\/\/api.w.org\/{rel}","templated":true}]}}