{"id":22033,"date":"2020-03-11T14:23:16","date_gmt":"2020-03-11T17:23:16","guid":{"rendered":"http:\/\/www.yungayino.cl\/noticias\/?p=22033"},"modified":"2020-03-12T14:25:45","modified_gmt":"2020-03-12T17:25:45","slug":"nueva-asociacion-gremial-busca-potenciar-el-turismo-en-yungay","status":"publish","type":"post","link":"https:\/\/www.yungayino.cl\/noticias\/?p=22033","title":{"rendered":"Nueva Asociaci\u00f3n Gremial Busca Potenciar el Turismo en Yungay"},"content":{"rendered":"<p><img loading=\"lazy\" decoding=\"async\" class=\"alignnone size-full wp-image-22035\" src=\"http:\/\/www.yungayino.cl\/noticias\/wp-content\/uploads\/2020\/03\/camara_turismo_yungay.jpg\" alt=\"\" width=\"700\" height=\"350\" srcset=\"https:\/\/www.yungayino.cl\/noticias\/wp-content\/uploads\/2020\/03\/camara_turismo_yungay.jpg 700w, https:\/\/www.yungayino.cl\/noticias\/wp-content\/uploads\/2020\/03\/camara_turismo_yungay-300x150.jpg 300w\" sizes=\"auto, (max-width: 700px) 100vw, 700px\" \/><\/p>\n<p style=\"text-align: justify;\">Yungay, marzo 2020: \u201cLa asociatividad es el factor clave para el potenciamiento del motor del emprendimiento y es el impulso que en definitiva permite al emprendedor saltar a un nivel realmente competitivo\u201d, se\u00f1al\u00f3 el seremi de Econom\u00eda de \u00d1uble Roger Cisterna, al t\u00e9rmino de la ceremonia de constituci\u00f3n de la nueva C\u00e1mara de Turismo, Cultura, Fomento y Reciclaje de Yungay A.G. \u201cApostamos por su \u00e9xito y estamos muy satisfechos por el importante paso que est\u00e1 dando este grupo de empresarios, al que junto a Sernatur y Sercotec continuaremos entreg\u00e1ndoles todo nuestro apoyo\u201d, asever\u00f3.<\/p>\n<p style=\"text-align: justify;\"><iframe loading=\"lazy\" style=\"border: none; overflow: hidden;\" src=\"https:\/\/www.facebook.com\/plugins\/post.php?href=https:\/\/www.facebook.com\/yungayino.cl\/posts\/3271150312899985?__xts__%5B0%5D=68.ARAdMHZLT7xbjZmelNSzq1UWqrn94RuZ8ZkWt4CXqzHxh9i1WEdMCclHMtfPIapPrPq0F-FM0kWG8-52ebc_ZcLWFER13VF7hHNUOFujR4Ekiig0q2MJXDnIJCkPuzqzKU_92Cb2RiTx6UCKS8xrVFsg1gshpLuU5Lq71vYXi7LoUHtBlVoZSPqwEykDStEmWluZM_DVLE6q-TiV5xLiGFLL3vyZvJ5WCno4nquHK_qyL62YRICjhMdEdMJVqn8vDhis3cPRzblFYEJJ7VW4891jABcCzcraLCyFTO3Ny9JDGV3i7AVnE3hj2lbwp5NIVQsy4xuk_KBCLzD6z97MDa4ObSeuNswWXehWL1YBIX3aLuLJtHVfHVIAXerRXIwCa8qvRDmi2vf3S3S-9w5Cy_sGX7j6ktHH4PFav80MQYlJDSVqS_iwA70B2PEwclj2astr_ZywKUX0aig4rUK4&amp;__tn__=-R&amp;l=a77e327dc6&amp;l=f5951f1994&amp;l=bfecbb8adf&amp;l=687b6bf5da&amp;width=500&amp;show_text=true&amp;height=691&amp;appId\" width=\"500\" height=\"715\" frameborder=\"0\" scrolling=\"no\"><\/iframe><\/p>\n<p style=\"text-align: justify;\">Felipe Caama\u00f1o, presidente de la nueva entidad, coment\u00f3: \u201cEsta asociaci\u00f3n gremial es la primera de su tipo y re\u00fane a 25 de los principales empresarios, artesanos y emprendedores de la comuna, quienes desde hace alg\u00fan tiempo vienen desarrollando una iniciativa con la que esperan posicionar a Yungay como destino tur\u00edstico de la Regi\u00f3n de \u00d1uble. Estamos trabajando en crear la primera ruta de turismo de Yungay, la que recorrer\u00e1 los principales atractivos tur\u00edsticos de la comuna y los distintos emprendimientos de los socios de la C\u00e1mara, por ello nos estamos asesorando con excelentes profesionales de cada \u00e1rea, entre ellos Rub\u00e9n de la Hera Placencia, presidente de la Asociaci\u00f3n Gremial de Gu\u00edas de Turismo de B\u00edo B\u00edo, quien capacit\u00f3 a los 20 gu\u00edas con que ahora cuenta Yungay\u201d, afirm\u00f3.<\/p>\n<p style=\"text-align: justify;\">El principal foco de esta nueva C\u00e1mara es crear la primera ruta tur\u00edstica de Yungay, la que recorrer\u00e1 los principales atractivos de la comuna y esto va en directo beneficio para los emprendedores al tener mejor vitrina para sus productos y servicios. Dentro de los lugares que se destacan y poseen un gran potencial dentro de la zona se encuentran dos ca\u00eddas de agua: El Salto del Cholgu\u00e1n y El Saltillo del Cholgu\u00e1n, adem\u00e1s de Salto del Itata que se encuentra ubicado a 18 Km de Yungay, para quienes disfrutan al aire libre existen parajes \u00fanicos, rodeado de flora y fauna que permite realizar deportes como la pesca, trekking, motocross, ciclismo enduro, como es el caso del Valle de Las Vacas en el sector de Santa Lucia Bajo, un imponente valle situado en la pre cordillera.<\/p>\n<p style=\"text-align: justify;\">[su_button url=\u00bbhttps:\/\/www.facebook.com\/pg\/yungayino.cl\/photos\/?tab=album&amp;album_id=3271149842900032&#8243; target=\u00bbblank\u00bb size=\u00bb7&#8243; radius=\u00bbround\u00bb icon=\u00bbicon: facebook-square\u00bb]FOTOGRAF\u00cdAS &#8211; Nueva Asociaci\u00f3n Gremial Busca Potenciar el Turismo en Yungay[\/su_button]<\/p>\n","protected":false},"excerpt":{"rendered":"<p>Yungay, marzo 2020: \u201cLa asociatividad es el factor clave para el potenciamiento del motor del emprendimiento y es el impulso que en definitiva permite al emprendedor saltar a un nivel realmente competitivo\u201d, se\u00f1al\u00f3 el&#46;&#46;&#46;<\/p>\n","protected":false},"author":2,"featured_media":22035,"comment_status":"closed","ping_status":"open","sticky":false,"template":"","format":"standard","meta":{"footnotes":""},"categories":[1,15],"tags":[2184,1115,1119,8,6,117],"class_list":["post-22033","post","type-post","status-publish","format-standard","has-post-thumbnail","hentry","category-noticias","category-turismo","tag-camara-turismo","tag-noticias","tag-turismo","tag-yungay","tag-yungayino","tag-yungayinocl"],"_links":{"self":[{"href":"https:\/\/www.yungayino.cl\/noticias\/index.php?rest_route=\/wp\/v2\/posts\/22033","targetHints":{"allow":["GET"]}}],"collection":[{"href":"https:\/\/www.yungayino.cl\/noticias\/index.php?rest_route=\/wp\/v2\/posts"}],"about":[{"href":"https:\/\/www.yungayino.cl\/noticias\/index.php?rest_route=\/wp\/v2\/types\/post"}],"author":[{"embeddable":true,"href":"https:\/\/www.yungayino.cl\/noticias\/index.php?rest_route=\/wp\/v2\/users\/2"}],"replies":[{"embeddable":true,"href":"https:\/\/www.yungayino.cl\/noticias\/index.php?rest_route=%2Fwp%2Fv2%2Fcomments&post=22033"}],"version-history":[{"count":5,"href":"https:\/\/www.yungayino.cl\/noticias\/index.php?rest_route=\/wp\/v2\/posts\/22033\/revisions"}],"predecessor-version":[{"id":22039,"href":"https:\/\/www.yungayino.cl\/noticias\/index.php?rest_route=\/wp\/v2\/posts\/22033\/revisions\/22039"}],"wp:featuredmedia":[{"embeddable":true,"href":"https:\/\/www.yungayino.cl\/noticias\/index.php?rest_route=\/wp\/v2\/media\/22035"}],"wp:attachment":[{"href":"https:\/\/www.yungayino.cl\/noticias\/index.php?rest_route=%2Fwp%2Fv2%2Fmedia&parent=22033"}],"wp:term":[{"taxonomy":"category","embeddable":true,"href":"https:\/\/www.yungayino.cl\/noticias\/index.php?rest_route=%2Fwp%2Fv2%2Fcategories&post=22033"},{"taxonomy":"post_tag","embeddable":true,"href":"https:\/\/www.yungayino.cl\/noticias\/index.php?rest_route=%2Fwp%2Fv2%2Ftags&post=22033"}],"curies":[{"name":"wp","href":"https:\/\/api.w.org\/{rel}","templated":true}]}}