{"id":22040,"date":"2020-03-15T18:00:51","date_gmt":"2020-03-15T21:00:51","guid":{"rendered":"http:\/\/www.yungayino.cl\/noticias\/?p=22040"},"modified":"2020-03-15T20:51:38","modified_gmt":"2020-03-15T23:51:38","slug":"gobierno-anuncia-nuevas-medidas-para-frenar-el-avance-del-coronavirus","status":"publish","type":"post","link":"https:\/\/www.yungayino.cl\/noticias\/?p=22040","title":{"rendered":"Gobierno Anuncia Nuevas Medidas para Frenar el Avance del Coronavirus"},"content":{"rendered":"<p><img loading=\"lazy\" decoding=\"async\" class=\"alignnone size-full wp-image-22041\" src=\"http:\/\/www.yungayino.cl\/noticias\/wp-content\/uploads\/2020\/03\/presidentre-15-marzo.jpg\" alt=\"\" width=\"700\" height=\"350\" srcset=\"https:\/\/www.yungayino.cl\/noticias\/wp-content\/uploads\/2020\/03\/presidentre-15-marzo.jpg 700w, https:\/\/www.yungayino.cl\/noticias\/wp-content\/uploads\/2020\/03\/presidentre-15-marzo-300x150.jpg 300w\" sizes=\"auto, (max-width: 700px) 100vw, 700px\" \/><\/p>\n<p style=\"text-align: justify;\">Nacional, 15 de marzo 2020: Entre las nuevas medidas est\u00e1 la suspensi\u00f3n de clases en jardines infantiles, colegios municipales, particulares subvencionados y privados por dos semanas, a partir de este lunes 16 de marzo. Adem\u00e1s, se extremar\u00e1n medidas para resguardar la salud de los adultos mayores que se encuentran en los ELEAM, cuarentena en todos los hogares del Sename, entre otras.<\/p>\n<p style=\"text-align: justify;\">Como una forma de enfrentar la fase 3 del Coronavirus en el pa\u00eds, declarada ayer con el Ministerio de Salud y la confirmaci\u00f3n de 75 personas con contagios comprobados de COVID-19, es que el Presidente Sebasti\u00e1n Pi\u00f1era anunci\u00f3 hoy medidas adicionales para enfrentar esta situaci\u00f3n en el pa\u00eds y resguardar la salud de todos los chilenos.<\/p>\n<p>&nbsp;<\/p>\n<p>https:\/\/www.facebook.com\/yungayino.cl\/posts\/3278747288806954?__xts__%5B0%5D=68.ARAn5Ejm-anspgXn3RXcSQZJayE6BrpfiOrQ5fLdqvTKHhcWeu26T1DxBsPSEYmJZToWbv8AdjTXIrIw0xcvHRaX6Y-nltwmAltVyh7UyVQEiwaJ1u8GPmCntDq3KNOjGFcqY2gpSCM0YosNORGMjR8Yuk2tBPtD993rjLVA3KDWttdwUCWJtpA7U-lsJwNedvNyoFB__awDyqjTBsURFwmy0DlrDC79auGFmBKmYeVwO0O_zudpQTq19Y_QbjkluHpmT-pzuJLbvoFqK6iIrI5xQ6bQc9HriW9-yFvSbh_ljh2VCmxJaCCDZGlZTz0QBJXeqlElFvufnumQloD87DQup8jokiokUXIeFkgg4XgUBwIiq8BX5YmQOorvHJ3Mfesf7JA1dPP41ol5UTQJd_xFz-lvk-khcPTqzKEjTfMGsWSfYXfu_LS7QCCy5py7DeR1OMrqKJdwTmxLjEJl&#038;__tn__=-R<\/p>\n<p>&nbsp;<\/p>\n<p style=\"text-align: justify;\">Las nuevas medidas est\u00e1n enfocadas especialmente en evitar la propagaci\u00f3n del virus entre la poblaci\u00f3n:<\/p>\n<ol style=\"text-align: justify;\">\n<li><strong> Establecimientos educacionales<\/strong><\/li>\n<\/ol>\n<p style=\"text-align: justify;\">Se suspenden las clases por dos semanas en los jardines infantiles, colegios municipales, particulares subvencionados y privados. Esto regir\u00e1 a partir de ma\u00f1ana lunes 16 de marzo.<\/p>\n<p style=\"text-align: justify;\">Adem\u00e1s, para ellos se adoptar\u00e1n las siguientes medidas:<\/p>\n<p style=\"text-align: justify;\">&#8211; Se establecer\u00e1n mecanismos para mantener el servicio de alimentaci\u00f3n de la JUNAEB, para los estudiantes afectados y que lo requieran.<\/p>\n<p style=\"text-align: justify;\">&#8211; Se implementar\u00e1n mecanismos de acompa\u00f1amiento en las escuelas para aquellos ni\u00f1os que lo requieran.<\/p>\n<p style=\"text-align: justify;\">&#8211; Los Municipios han comprometidos Turnos \u00c9ticos en los colegios para acompa\u00f1ar a los menores que, por las condiciones de sus familias y hogares lo requieran.<\/p>\n<p style=\"text-align: justify;\">&#8211; Se vacunar\u00e1 contra la influenza en el marco de la campa\u00f1a que comienza ma\u00f1ana y se establecer\u00e1n mecanismos en caso que se requieran diagn\u00f3sticos relacionados con el Coronavirus.<\/p>\n<p style=\"text-align: justify;\">&#8211; Se pondr\u00e1 a disposici\u00f3n una plataforma online que estar\u00e1 disponible para todos los estudiantes, a trav\u00e9s del Ministerio de Educaci\u00f3n para facilitar la teleducaci\u00f3n o educaci\u00f3n remota.<\/p>\n<ol style=\"text-align: justify;\" start=\"2\">\n<li><strong> Adultos mayores <\/strong><\/li>\n<\/ol>\n<p style=\"text-align: justify;\">A partir de ma\u00f1ana lunes 16 de marzo y por los pr\u00f3ximos 30 d\u00edas:<\/p>\n<p style=\"text-align: justify;\">Se proh\u00edben las visitas a los Establecimientos de Larga Estad\u00eda de Adultos Mayores y se restringe el acceso a las personas estrictamente necesarias, y se fortalecer\u00e1n las medidas de higiene y aislamiento al interior de estos establecimientos.<\/p>\n<p style=\"text-align: justify;\">Se suspende el funcionamiento de todos los Centros de D\u00eda para adultos mayores a lo largo de todo el pa\u00eds.<\/p>\n<p style=\"text-align: justify;\">Se suspenden todas las reuniones de clubes y uniones comunales de adultos mayores en el pa\u00eds.<\/p>\n<ol style=\"text-align: justify;\" start=\"3\">\n<li><strong> Recintos penitenciarios<\/strong><\/li>\n<\/ol>\n<p style=\"text-align: justify;\">Para proteger la salud de los adultos mayores que est\u00e1n privados de libertad, esta semana el Gobierno enviar\u00e1 al Congreso un Proyecto de Ley para sustituir la pena de privaci\u00f3n de libertad por arresto domiciliario total para todos los mayores de 75 a\u00f1os, y aquellos entre 65 y 74 a\u00f1os, que les reste menos de un a\u00f1o para cumplir su condena.<\/p>\n<p style=\"text-align: justify;\">Este proyecto excluye a aquellos condenados por delitos graves, violaciones a los derechos humanos y de lesa humanidad. Adicionalmente, se tomar\u00e1n medidas para restringir la frecuencia de las visitas y el n\u00famero de personas que podr\u00e1 participar en ellas, y habr\u00e1 un mayor control sanitario para el ingreso de todas las personas a los centros penitenciarios.<\/p>\n<ol style=\"text-align: justify;\" start=\"4\">\n<li><strong> Ni\u00f1as, ni\u00f1os y adolescentes en hogares Sename <\/strong><\/li>\n<\/ol>\n<p style=\"text-align: justify;\">Se pondr\u00e1 en cuarentena a todos los hogares del SENAME del pa\u00eds. A estos hogares, al igual que en el caso de los Centros de Adultos mayores, s\u00f3lo entrar\u00e1n las personas estrictamente necesarias e indispensables y se adoptar\u00e1n severas medidas de control sanitario.<\/p>\n<ol style=\"text-align: justify;\" start=\"5\">\n<li><strong> Actos p\u00fablicos<\/strong><\/li>\n<\/ol>\n<p style=\"text-align: justify;\">Se reduce de 500 a 200 personas el n\u00famero m\u00e1ximo de personas que pueden participar en actos p\u00fablicos. Esta medida entrar\u00e1 en vigencia a partir del d\u00eda mi\u00e9rcoles 18 de marzo.<\/p>\n<ol style=\"text-align: justify;\" start=\"6\">\n<li><strong> Transporte<\/strong><\/li>\n<\/ol>\n<p style=\"text-align: justify;\">Se han fortalecido las medidas de higiene en el metro y los buses urbanos e interurbanos.<\/p>\n<p style=\"text-align: justify;\">Seg\u00fan las recomendaciones de la OMS, las mascarillas est\u00e1n especialmente reservadas para los enfermos, de forma de evitar nuevos contagios y para el personal que tiene contacto directo con la poblaci\u00f3n de riesgo.<\/p>\n<ol style=\"text-align: justify;\" start=\"7\">\n<li><strong> Pasos fronterizos<\/strong><\/li>\n<\/ol>\n<p style=\"text-align: justify;\">En las fronteras terrestres, junto con la Declaraci\u00f3n Jurada, se han establecido Aduanas Sanitarias, a trav\u00e9s de un Examen M\u00e9dico para diagnosticar en la frontera el estado de salud de las personas, y en base a este, permitir o denegar su ingreso al pa\u00eds.<\/p>\n<p style=\"text-align: justify;\">Para evitar la importaci\u00f3n y propagaci\u00f3n de este virus y proteger la salud de los chilenos, todas las personas provenientes de pa\u00edses calificados de Alto Riesgo por la Organizaci\u00f3n Mundial de la Salud, tendr\u00e1n que estar en una cuarentena de 14 d\u00edas al ingresar al pa\u00eds, cuyo incumplimiento ser\u00e1 sancionado con las multas que corresponden.<\/p>\n<p style=\"text-align: justify;\">Adem\u00e1s, todas las personas que pasen la Aduana Sanitaria, recibir\u00e1n un Pasaporte Sanitario para el control y seguimiento de todas las personas que provengan de estos pa\u00edses.<\/p>\n<ol style=\"text-align: justify;\" start=\"8\">\n<li><strong> Cruceros<\/strong><\/li>\n<\/ol>\n<p style=\"text-align: justify;\">A partir de hoy, y hasta el 30 de septiembre, se proh\u00edbe la recalada en todos los puertos chilenos de cruceros de pasajeros.<\/p>\n<p style=\"text-align: justify;\">Respecto de la situaci\u00f3n que afecta a Caleta Tortel, esta localidad se encuentra bajo cuarentena por los pr\u00f3ximos 14 d\u00edas, con suspensi\u00f3n de colegios y con normalidad de funcionamiento de los servicios b\u00e1sicos y entrega de alimentos.<\/p>\n<ol style=\"text-align: justify;\" start=\"9\">\n<li><strong> Vacunaci\u00f3n Influenza<\/strong><\/li>\n<\/ol>\n<p style=\"text-align: justify;\">Dada la severidad mostrada por la influenza durante el invierno del hemisferio norte, se anticipa la campa\u00f1a de vacunaci\u00f3n contra la influenza para este lunes y durar\u00e1 dos meses. La campa\u00f1a apunta a vacunar a 8 millones de personas, y muy especialmente a los grupos de alto riesgo como los ni\u00f1os, los adultos mayores, las mujeres embarazadas, los enfermos cr\u00f3nicos y los funcionarios de la salud.<\/p>\n<p style=\"text-align: justify;\"><strong>Informaci\u00f3n Comuna Yungay:<\/strong><\/p>\n<p style=\"text-align: justify;\">La Municipalidad de Yungay se suma a la instrucci\u00f3n del Gobierno de Chile de suspender las clases en toda la red educacional municipal de la comuna (jardines infantiles, salas cunas, educaci\u00f3n b\u00e1sica y media).<\/p>\n<p style=\"text-align: justify;\">Ma\u00f1ana lunes 16 el Alcalde sostendr\u00e1 reuniones con el Director del hospital de Yungay, Jefe del departamento de salud municipal, Jefa del Departamento de educaci\u00f3n municipal y el Director del CESFAM de Campanario para bordar en conjunto las medidas a seguir.<\/p>\n<p style=\"text-align: justify;\">Posteriormente, con el equipo directivo municipal y los directores de establecimientos educacionales de la comuna para abordar el inicio de la campa\u00f1a de vacunaci\u00f3n contra la influenza.<\/p>\n<p style=\"text-align: justify;\">Durante las pr\u00f3ximas horas se seguir\u00e1n realizando coordinaciones que permitan mantener a la comunidad m\u00e1s segura frente a la posibilidad de contagio del Coronavirus.<\/p>\n<p style=\"text-align: justify;\">\u201cEstamos preocupados por esta situaci\u00f3n y tomaremos todas las medidas que est\u00e9n en nuestras manos para resguardar a nuestra poblaci\u00f3n\u201d manifest\u00f3 el alcalde Rafael Cifuentes Rodr\u00edguez.<\/p>\n<p style=\"text-align: justify;\">Recuerda m\u00e1s informaci\u00f3n en:<\/p>\n<p style=\"text-align: justify;\"><a href=\"https:\/\/www.gob.cl\/coronavirus\/\">https:\/\/www.gob.cl\/coronavirus\/<\/a><\/p>\n<p style=\"text-align: justify;\">Y en: <a href=\"https:\/\/www.minsal.cl\/nuevo-coronavirus-2019-ncov\/\">https:\/\/www.minsal.cl\/nuevo-coronavirus-2019-ncov\/<\/a><\/p>\n","protected":false},"excerpt":{"rendered":"<p>Nacional, 15 de marzo 2020: Entre las nuevas medidas est\u00e1 la suspensi\u00f3n de clases en jardines infantiles, colegios municipales, particulares subvencionados y privados por dos semanas, a partir de este lunes 16 de marzo.&#46;&#46;&#46;<\/p>\n","protected":false},"author":2,"featured_media":22041,"comment_status":"closed","ping_status":"open","sticky":false,"template":"","format":"standard","meta":{"footnotes":""},"categories":[3,1493,1,1675],"tags":[2182,366,1115,65,2185,8,6,117],"class_list":["post-22040","post","type-post","status-publish","format-standard","has-post-thumbnail","hentry","category-actualidad","category-educacion","category-noticias","category-saludc","tag-coronavirus","tag-educacion","tag-noticias","tag-salud","tag-suspension-clases","tag-yungay","tag-yungayino","tag-yungayinocl"],"_links":{"self":[{"href":"https:\/\/www.yungayino.cl\/noticias\/index.php?rest_route=\/wp\/v2\/posts\/22040","targetHints":{"allow":["GET"]}}],"collection":[{"href":"https:\/\/www.yungayino.cl\/noticias\/index.php?rest_route=\/wp\/v2\/posts"}],"about":[{"href":"https:\/\/www.yungayino.cl\/noticias\/index.php?rest_route=\/wp\/v2\/types\/post"}],"author":[{"embeddable":true,"href":"https:\/\/www.yungayino.cl\/noticias\/index.php?rest_route=\/wp\/v2\/users\/2"}],"replies":[{"embeddable":true,"href":"https:\/\/www.yungayino.cl\/noticias\/index.php?rest_route=%2Fwp%2Fv2%2Fcomments&post=22040"}],"version-history":[{"count":6,"href":"https:\/\/www.yungayino.cl\/noticias\/index.php?rest_route=\/wp\/v2\/posts\/22040\/revisions"}],"predecessor-version":[{"id":22047,"href":"https:\/\/www.yungayino.cl\/noticias\/index.php?rest_route=\/wp\/v2\/posts\/22040\/revisions\/22047"}],"wp:featuredmedia":[{"embeddable":true,"href":"https:\/\/www.yungayino.cl\/noticias\/index.php?rest_route=\/wp\/v2\/media\/22041"}],"wp:attachment":[{"href":"https:\/\/www.yungayino.cl\/noticias\/index.php?rest_route=%2Fwp%2Fv2%2Fmedia&parent=22040"}],"wp:term":[{"taxonomy":"category","embeddable":true,"href":"https:\/\/www.yungayino.cl\/noticias\/index.php?rest_route=%2Fwp%2Fv2%2Fcategories&post=22040"},{"taxonomy":"post_tag","embeddable":true,"href":"https:\/\/www.yungayino.cl\/noticias\/index.php?rest_route=%2Fwp%2Fv2%2Ftags&post=22040"}],"curies":[{"name":"wp","href":"https:\/\/api.w.org\/{rel}","templated":true}]}}