{"id":22048,"date":"2020-03-16T17:00:41","date_gmt":"2020-03-16T20:00:41","guid":{"rendered":"http:\/\/www.yungayino.cl\/noticias\/?p=22048"},"modified":"2020-03-16T17:41:56","modified_gmt":"2020-03-16T20:41:56","slug":"19-500-familias-de-nuble-seran-beneficiadas-en-la-tercera-nomina-del-aporte-familiar-permanente","status":"publish","type":"post","link":"https:\/\/www.yungayino.cl\/noticias\/?p=22048","title":{"rendered":"19.500 Familias de \u00d1uble Ser\u00e1n Beneficiadas en la Tercera N\u00f3mina del Aporte Familiar Permanente"},"content":{"rendered":"<p><img loading=\"lazy\" decoding=\"async\" class=\"alignnone size-full wp-image-22049\" src=\"http:\/\/www.yungayino.cl\/noticias\/wp-content\/uploads\/2020\/03\/aporte_familiar_permanente_2020.jpg\" alt=\"\" width=\"700\" height=\"388\" srcset=\"https:\/\/www.yungayino.cl\/noticias\/wp-content\/uploads\/2020\/03\/aporte_familiar_permanente_2020.jpg 700w, https:\/\/www.yungayino.cl\/noticias\/wp-content\/uploads\/2020\/03\/aporte_familiar_permanente_2020-300x166.jpg 300w, https:\/\/www.yungayino.cl\/noticias\/wp-content\/uploads\/2020\/03\/aporte_familiar_permanente_2020-271x150.jpg 271w\" sizes=\"auto, (max-width: 700px) 100vw, 700px\" \/><\/p>\n<p style=\"text-align: justify;\">Regional, lunes 16 de marzo 2020: hoy se anunci\u00f3 el inicio del pago a la tercera n\u00f3mina de beneficiarios del Aporte Familiar Permanente, que favorecer\u00e1 a unas 70 mil personas en toda la Regi\u00f3n de \u00d1uble.<\/p>\n<p style=\"text-align: justify;\">Seg\u00fan detall\u00f3 la Seremi del Trabajo y Previsi\u00f3n Social, Yeniffer Ferrada Canto, \u201ceste aporte, que sol\u00edamos conocer como el Bono Marzo, beneficia en este tercer grupo, principalmente, a trabajadores y trabajadoras que reciben pagos por cargas familiares. Se trata de alrededor de 19.500 familias que se suman a las otras 29.153 familias que ya recibieron el aporte\u201d.<\/p>\n<p style=\"text-align: justify;\">A la fecha, el Estado ha desembolsado m\u00e1s de 1.899 millones de pesos para el Aporte Familiar Permanente que otorga $47.765 por cada carga familiar. A esta cifra se agregan $1.422 millones a partir de hoy, totalizando m\u00e1s de $3.323 millones en \u00d1uble.<\/p>\n<p style=\"text-align: justify;\">\u201cEste aporte no se orienta s\u00f3lo a las familias m\u00e1s vulnerables, sino tambi\u00e9n a trabajadores y trabajadoras de la clase media que reciben Asignaci\u00f3n Familiar o Maternal y que tanto se esfuerzan por sacar a sus familias adelante\u201d, precis\u00f3 la Seremi Yeniffer Ferrada.<\/p>\n<p style=\"text-align: justify;\">Sobre los m\u00e9todos de pago, el director del IPS, Edmundo Novoa Puga, dio a conocer que a trav\u00e9s del sitio web <a href=\"http:\/\/www.aportefamiliar.cl\">www.aportefamiliar.cl<\/a>, llamando al 101 del Call Center de ChileAtiende o en los centros IPS y ChileAtiende es posible consultar fecha y lugar de pago. A lo anterior a\u00f1adi\u00f3 que \u201cel Gobierno hizo un esfuerzo por adelantar el pago del Aporte Familiar, de manera que un grupo importante de personas recibi\u00f3 el beneficio desde el 15 de febrero. Por otra parte, se espera aumentar el n\u00famero de beneficiarios en el mediano plazo, ya que hay personas que siguen actualizando su informaci\u00f3n de cargas familiares de manera retroactiva\u201d.<\/p>\n","protected":false},"excerpt":{"rendered":"<p>Regional, lunes 16 de marzo 2020: hoy se anunci\u00f3 el inicio del pago a la tercera n\u00f3mina de beneficiarios del Aporte Familiar Permanente, que favorecer\u00e1 a unas 70 mil personas en toda la Regi\u00f3n&#46;&#46;&#46;<\/p>\n","protected":false},"author":2,"featured_media":22049,"comment_status":"closed","ping_status":"open","sticky":false,"template":"","format":"standard","meta":{"footnotes":""},"categories":[3,1],"tags":[2186,1115,1678,8,6,117],"class_list":["post-22048","post","type-post","status-publish","format-standard","has-post-thumbnail","hentry","category-actualidad","category-noticias","tag-aporte-familiar-permanente","tag-noticias","tag-nuble","tag-yungay","tag-yungayino","tag-yungayinocl"],"_links":{"self":[{"href":"https:\/\/www.yungayino.cl\/noticias\/index.php?rest_route=\/wp\/v2\/posts\/22048","targetHints":{"allow":["GET"]}}],"collection":[{"href":"https:\/\/www.yungayino.cl\/noticias\/index.php?rest_route=\/wp\/v2\/posts"}],"about":[{"href":"https:\/\/www.yungayino.cl\/noticias\/index.php?rest_route=\/wp\/v2\/types\/post"}],"author":[{"embeddable":true,"href":"https:\/\/www.yungayino.cl\/noticias\/index.php?rest_route=\/wp\/v2\/users\/2"}],"replies":[{"embeddable":true,"href":"https:\/\/www.yungayino.cl\/noticias\/index.php?rest_route=%2Fwp%2Fv2%2Fcomments&post=22048"}],"version-history":[{"count":1,"href":"https:\/\/www.yungayino.cl\/noticias\/index.php?rest_route=\/wp\/v2\/posts\/22048\/revisions"}],"predecessor-version":[{"id":22050,"href":"https:\/\/www.yungayino.cl\/noticias\/index.php?rest_route=\/wp\/v2\/posts\/22048\/revisions\/22050"}],"wp:featuredmedia":[{"embeddable":true,"href":"https:\/\/www.yungayino.cl\/noticias\/index.php?rest_route=\/wp\/v2\/media\/22049"}],"wp:attachment":[{"href":"https:\/\/www.yungayino.cl\/noticias\/index.php?rest_route=%2Fwp%2Fv2%2Fmedia&parent=22048"}],"wp:term":[{"taxonomy":"category","embeddable":true,"href":"https:\/\/www.yungayino.cl\/noticias\/index.php?rest_route=%2Fwp%2Fv2%2Fcategories&post=22048"},{"taxonomy":"post_tag","embeddable":true,"href":"https:\/\/www.yungayino.cl\/noticias\/index.php?rest_route=%2Fwp%2Fv2%2Ftags&post=22048"}],"curies":[{"name":"wp","href":"https:\/\/api.w.org\/{rel}","templated":true}]}}