{"id":22063,"date":"2020-03-18T17:00:48","date_gmt":"2020-03-18T20:00:48","guid":{"rendered":"http:\/\/www.yungayino.cl\/noticias\/?p=22063"},"modified":"2020-03-18T18:04:50","modified_gmt":"2020-03-18T21:04:50","slug":"yungay-decreta-estado-de-emergencia-comunal","status":"publish","type":"post","link":"https:\/\/www.yungayino.cl\/noticias\/?p=22063","title":{"rendered":"Yungay Decreta Estado de Emergencia Comunal"},"content":{"rendered":"<p><img loading=\"lazy\" decoding=\"async\" class=\"alignnone size-full wp-image-22064\" src=\"http:\/\/www.yungayino.cl\/noticias\/wp-content\/uploads\/2020\/03\/portada.jpg\" alt=\"\" width=\"700\" height=\"350\" srcset=\"https:\/\/www.yungayino.cl\/noticias\/wp-content\/uploads\/2020\/03\/portada.jpg 700w, https:\/\/www.yungayino.cl\/noticias\/wp-content\/uploads\/2020\/03\/portada-300x150.jpg 300w\" sizes=\"auto, (max-width: 700px) 100vw, 700px\" \/><\/p>\n<p style=\"text-align: justify;\">Yungay, mi\u00e9rcoles 18 de marzo 2020: Alcalde de Yungay, Rafael Cifuentes Rodr\u00edguez, anunci\u00f3 hoy mi\u00e9rcoles que se decretar\u00e1 estado de emergencia comunal debido al coronavirus y que se extender\u00e1 hasta el 1 de abril de 2020.<\/p>\n<p style=\"text-align: justify;\">La determinaci\u00f3n se realiz\u00f3 luego de una reuni\u00f3n del Comit\u00e9 de Emergencia Comunal y permitir\u00e1 tener una mayor coordinaci\u00f3n para enfrentar la emergencia que afecta el pa\u00eds.<\/p>\n<p style=\"text-align: justify;\">En esa l\u00ednea, el alcalde afirma que ya no se entregar\u00e1n permisos municipales para el uso de espacios de alta convocatoria, \u201cesta es una medida para contribuir con el cuidado de nuestros vecinos y vecinas, medidas que hoy son indispensables para que el virus no se propague por nuestra comuna\u201d, haciendo un llamado tambi\u00e9n a no saturar el servicio de salud.<\/p>\n<p style=\"text-align: justify;\"><strong><u>Las medidas son<\/u><\/strong><strong>:<\/strong><\/p>\n<ol style=\"text-align: justify;\">\n<li>Cierre total de bares, pubs, discoteques y cantinas.<\/li>\n<li>Cierre de restaurantes y locales de comida r\u00e1pida, no obstante, podr\u00e1n vender sus productos en formato con despacho a domicilio, con las respectivas medidas de prevenci\u00f3n sanitaria.<\/li>\n<li>Se exime de esta restricci\u00f3n de funcionamiento a los supermercados, minimarket, negocios de abarrotes, fruter\u00edas, verduler\u00edas y farmacias, tomando resguardos necesarios para evitar aglomeraciones de p\u00fablico.<\/li>\n<li>Cierre de todos los recintos deportivos y recreativos de la comuna, sean municipales, comunitarios o privados.<\/li>\n<li>Se proh\u00edbe el funcionamiento de las ferias libres.<\/li>\n<li>Cierre de todos los balnearios de la comuna, municipales y privados.<\/li>\n<li>Se recomienda al transporte p\u00fablico tomar medidas sanitarias de ventilaci\u00f3n adecuada y desinfecci\u00f3n entre un viaje y otro.<\/li>\n<li>Se recomienda a los supermercados y bancos tomar medidas que impliquen control en el acceso de usuarios evitando aglomeraciones al interior del edificio.<\/li>\n<li>Se recomienda a los locales comerciales reducir sus jornadas laborales, controlar el acceso y la aglomeraci\u00f3n de p\u00fablico o efectuar el cierre total del local.<\/li>\n<li>Se recomienda la no realizaci\u00f3n de cultos, misas o ceremonias religiosas y, en caso de efectuarse, tomar medidas preventivas sanitarias al momento de realizar dichas reuniones.<\/li>\n<li>Carabineros y Bomberos realizar\u00e1n perifoneos p\u00fablicos diarios, llamando a la responsabilidad y prevenci\u00f3n en la comunidad.<\/li>\n<li>Se habilitar\u00e1 l\u00ednea telef\u00f3nica Yungay Responde para consultas m\u00e9dicas con el objetivo de evitar la afluencia de p\u00fablico en el servicio de atenci\u00f3n primaria: 42 2 585730.<\/li>\n<li>Se suspende toda actividad autorizada u organizada por la municipalidad: deportivas, carreras, bingos, shows bailables, rodeos, reuniones de todo tipo de Organizaciones Comunitarias.<\/li>\n<\/ol>\n<p style=\"text-align: justify;\">El seguimiento de las medidas ser\u00e1 fiscalizado por Carabineros de Chile y su incumplimiento ser\u00e1 sancionado de acuerdo a la legislaci\u00f3n vigente.<\/p>\n<p style=\"text-align: justify;\">Las medidas ser\u00e1n reevaluadas seg\u00fan la evoluci\u00f3n del contexto de Estado de Cat\u00e1strofe, decretada hoy por el Presidente.<\/p>\n<p style=\"text-align: justify;\">[su_button url=\u00bbhttps:\/\/www.facebook.com\/pg\/yungayino.cl\/photos\/?tab=album&amp;album_id=3285895124758837&#8243; target=\u00bbblank\u00bb size=\u00bb7&#8243; radius=\u00bbround\u00bb icon=\u00bbicon: facebook-square\u00bb]FOTOGRAF\u00cdAS &#8211; Yungay Decreta Estado de Emergencia Comunal[\/su_button]<\/p>\n","protected":false},"excerpt":{"rendered":"<p>Yungay, mi\u00e9rcoles 18 de marzo 2020: Alcalde de Yungay, Rafael Cifuentes Rodr\u00edguez, anunci\u00f3 hoy mi\u00e9rcoles que se decretar\u00e1 estado de emergencia comunal debido al coronavirus y que se extender\u00e1 hasta el 1 de abril&#46;&#46;&#46;<\/p>\n","protected":false},"author":2,"featured_media":22064,"comment_status":"closed","ping_status":"open","sticky":false,"template":"","format":"standard","meta":{"footnotes":""},"categories":[3,1],"tags":[2189,1115,8,6,117],"class_list":["post-22063","post","type-post","status-publish","format-standard","has-post-thumbnail","hentry","category-actualidad","category-noticias","tag-estado-emergencia-comunal","tag-noticias","tag-yungay","tag-yungayino","tag-yungayinocl"],"_links":{"self":[{"href":"https:\/\/www.yungayino.cl\/noticias\/index.php?rest_route=\/wp\/v2\/posts\/22063","targetHints":{"allow":["GET"]}}],"collection":[{"href":"https:\/\/www.yungayino.cl\/noticias\/index.php?rest_route=\/wp\/v2\/posts"}],"about":[{"href":"https:\/\/www.yungayino.cl\/noticias\/index.php?rest_route=\/wp\/v2\/types\/post"}],"author":[{"embeddable":true,"href":"https:\/\/www.yungayino.cl\/noticias\/index.php?rest_route=\/wp\/v2\/users\/2"}],"replies":[{"embeddable":true,"href":"https:\/\/www.yungayino.cl\/noticias\/index.php?rest_route=%2Fwp%2Fv2%2Fcomments&post=22063"}],"version-history":[{"count":5,"href":"https:\/\/www.yungayino.cl\/noticias\/index.php?rest_route=\/wp\/v2\/posts\/22063\/revisions"}],"predecessor-version":[{"id":22069,"href":"https:\/\/www.yungayino.cl\/noticias\/index.php?rest_route=\/wp\/v2\/posts\/22063\/revisions\/22069"}],"wp:featuredmedia":[{"embeddable":true,"href":"https:\/\/www.yungayino.cl\/noticias\/index.php?rest_route=\/wp\/v2\/media\/22064"}],"wp:attachment":[{"href":"https:\/\/www.yungayino.cl\/noticias\/index.php?rest_route=%2Fwp%2Fv2%2Fmedia&parent=22063"}],"wp:term":[{"taxonomy":"category","embeddable":true,"href":"https:\/\/www.yungayino.cl\/noticias\/index.php?rest_route=%2Fwp%2Fv2%2Fcategories&post=22063"},{"taxonomy":"post_tag","embeddable":true,"href":"https:\/\/www.yungayino.cl\/noticias\/index.php?rest_route=%2Fwp%2Fv2%2Ftags&post=22063"}],"curies":[{"name":"wp","href":"https:\/\/api.w.org\/{rel}","templated":true}]}}