{"id":22071,"date":"2020-03-20T11:00:41","date_gmt":"2020-03-20T14:00:41","guid":{"rendered":"http:\/\/www.yungayino.cl\/noticias\/?p=22071"},"modified":"2020-03-20T11:20:19","modified_gmt":"2020-03-20T14:20:19","slug":"yungay-aplica-desinfectante-en-lugares-publicos-de-la-comuna","status":"publish","type":"post","link":"https:\/\/www.yungayino.cl\/noticias\/?p=22071","title":{"rendered":"Yungay Aplica Desinfectante en Lugares P\u00fablicos de la Comuna"},"content":{"rendered":"<p><img loading=\"lazy\" decoding=\"async\" class=\"alignnone size-full wp-image-22072\" src=\"http:\/\/www.yungayino.cl\/noticias\/wp-content\/uploads\/2020\/03\/desinfectante_calles.jpg\" alt=\"\" width=\"700\" height=\"350\" srcset=\"https:\/\/www.yungayino.cl\/noticias\/wp-content\/uploads\/2020\/03\/desinfectante_calles.jpg 700w, https:\/\/www.yungayino.cl\/noticias\/wp-content\/uploads\/2020\/03\/desinfectante_calles-300x150.jpg 300w\" sizes=\"auto, (max-width: 700px) 100vw, 700px\" \/><\/p>\n<p style=\"text-align: justify;\">Yungay, 20 de marzo 2020: desde ayer jueves se comenz\u00f3 la desinfecci\u00f3n de espacios p\u00fablicos de alta concurrencia, una medida preventiva, cuya gesti\u00f3n se inici\u00f3 a partir del lunes en una reuni\u00f3n del Comit\u00e9 de Emergencia Comunal.<\/p>\n<p style=\"text-align: justify;\"><iframe loading=\"lazy\" style=\"border: none; overflow: hidden;\" src=\"https:\/\/www.facebook.com\/plugins\/post.php?href=https:\/\/www.facebook.com\/yungayino.cl\/posts\/3290112381003778?__xts__%5B0%5D=68.ARAytmk1vt_Io_WxHyxycRG1OII4CLNjSwxJSPwegaz2zzpBf9_IaL1EMjAAkOQm1S8Y6YieLBqfttQ2dzW_l_k8XTsxN_Z1Qhw4F2TMGD_yd2EO5pxl_d_3JgF2xdtYj70YnKazTBv_7BIQlc0BGUTJO08xCibfaQKOanz-Y9HsUijOVCTPi7Nws9ia2NPPHk44uRPbAwsyk8eKC4VI-wTVSNmLGGMQ4p-bTDFOozw0NoLtC-a37nxEy4EZrGvg5A3fLj1rzfGlpZ0Fmi_FhX8M0f09YVardXmlRmouKUI5czPTZShabL1p3F4cpd-djvbIt98w6yrhj61R8vWWYk5AEh78A8IW1zFtqnk-Y9BBBFSmRL8kGow5-dul6O1DzNVuJbU56Cq_QeW-gMDUWSfmvQREZalEQGkRgh28bAHspdJ8vOx2kj1SsH3al_mw6004kT5EDkO-WIwAn6wA&amp;__tn__=-R&amp;l=a77e327dc6&amp;l=f5951f1994&amp;l=bfecbb8adf&amp;l=687b6bf5da&amp;width=500&amp;show_text=true&amp;height=691&amp;appId\" width=\"500\" height=\"715\" frameborder=\"0\" scrolling=\"no\"><\/iframe><\/p>\n<p style=\"text-align: justify;\">El desinfectante es una soluci\u00f3n a base de Hipoclorito de Sodio el que ser\u00e1 aplicado mediante el m\u00e9todo de pulverizaci\u00f3n.<\/p>\n<p style=\"text-align: justify;\">Esta labor ser\u00e1 ejecutada por el equipo de la empresa de aseo de la comuna y la colaboraci\u00f3n del agricultor Carlos Riquelme Castillo, quien facilitar\u00e1 la maquinaria necesaria para acelerar la aplicaci\u00f3n del desinfectante.<\/p>\n<p style=\"text-align: justify;\">\u201cComenzaremos con los lugares con mayor afluencia de p\u00fablico y \u00e1reas verdes. Estay aplicaci\u00f3n se prolongar\u00e1 por los pr\u00f3ximos d\u00edas tanto en Yungay como en Campanario\u201d coment\u00f3 el alcalde, Rafael Cifuentes Rodr\u00edguez, agradeciendo, adem\u00e1s, la colaboraci\u00f3n y voluntad del agricultor y de Bomberos de la comuna.<\/p>\n<p style=\"text-align: justify;\">Cabe mencionar que, aunque la soluci\u00f3n aplicada no es nociva para la salud, es importante que la comunidad no se exponga.<\/p>\n<p style=\"text-align: justify;\">El equipo desinfectar\u00e1 lugares sensibles como el Hogar de Ancianos, Terminal de Buses, Cesfam de Campanario, paraderos, frontis de Instituciones P\u00fablicas y supermercados.<\/p>\n<p style=\"text-align: justify;\">[su_button url=\u00bbhttps:\/\/www.facebook.com\/pg\/yungayino.cl\/photos\/?tab=album&amp;album_id=3290112034337146&#8243; target=\u00bbblank\u00bb size=\u00bb7&#8243; radius=\u00bbround\u00bb icon=\u00bbicon: facebook-square\u00bb]FOTOGRAF\u00cdAS &#8211; Yungay Aplica Desinfectante en Lugares P\u00fablicos de la Comuna[\/su_button]<\/p>\n","protected":false},"excerpt":{"rendered":"<p>Yungay, 20 de marzo 2020: desde ayer jueves se comenz\u00f3 la desinfecci\u00f3n de espacios p\u00fablicos de alta concurrencia, una medida preventiva, cuya gesti\u00f3n se inici\u00f3 a partir del lunes en una reuni\u00f3n del Comit\u00e9&#46;&#46;&#46;<\/p>\n","protected":false},"author":2,"featured_media":22072,"comment_status":"closed","ping_status":"open","sticky":false,"template":"","format":"standard","meta":{"footnotes":""},"categories":[3,1,1675],"tags":[1115,8,6,117],"class_list":["post-22071","post","type-post","status-publish","format-standard","has-post-thumbnail","hentry","category-actualidad","category-noticias","category-saludc","tag-noticias","tag-yungay","tag-yungayino","tag-yungayinocl"],"_links":{"self":[{"href":"https:\/\/www.yungayino.cl\/noticias\/index.php?rest_route=\/wp\/v2\/posts\/22071","targetHints":{"allow":["GET"]}}],"collection":[{"href":"https:\/\/www.yungayino.cl\/noticias\/index.php?rest_route=\/wp\/v2\/posts"}],"about":[{"href":"https:\/\/www.yungayino.cl\/noticias\/index.php?rest_route=\/wp\/v2\/types\/post"}],"author":[{"embeddable":true,"href":"https:\/\/www.yungayino.cl\/noticias\/index.php?rest_route=\/wp\/v2\/users\/2"}],"replies":[{"embeddable":true,"href":"https:\/\/www.yungayino.cl\/noticias\/index.php?rest_route=%2Fwp%2Fv2%2Fcomments&post=22071"}],"version-history":[{"count":3,"href":"https:\/\/www.yungayino.cl\/noticias\/index.php?rest_route=\/wp\/v2\/posts\/22071\/revisions"}],"predecessor-version":[{"id":22075,"href":"https:\/\/www.yungayino.cl\/noticias\/index.php?rest_route=\/wp\/v2\/posts\/22071\/revisions\/22075"}],"wp:featuredmedia":[{"embeddable":true,"href":"https:\/\/www.yungayino.cl\/noticias\/index.php?rest_route=\/wp\/v2\/media\/22072"}],"wp:attachment":[{"href":"https:\/\/www.yungayino.cl\/noticias\/index.php?rest_route=%2Fwp%2Fv2%2Fmedia&parent=22071"}],"wp:term":[{"taxonomy":"category","embeddable":true,"href":"https:\/\/www.yungayino.cl\/noticias\/index.php?rest_route=%2Fwp%2Fv2%2Fcategories&post=22071"},{"taxonomy":"post_tag","embeddable":true,"href":"https:\/\/www.yungayino.cl\/noticias\/index.php?rest_route=%2Fwp%2Fv2%2Ftags&post=22071"}],"curies":[{"name":"wp","href":"https:\/\/api.w.org\/{rel}","templated":true}]}}