{"id":22076,"date":"2020-03-22T11:00:24","date_gmt":"2020-03-22T14:00:24","guid":{"rendered":"http:\/\/www.yungayino.cl\/noticias\/?p=22076"},"modified":"2020-03-22T12:56:33","modified_gmt":"2020-03-22T15:56:33","slug":"gobierno-de-chile-decreta-nuevas-medidas-sanitarias-entre-las-que-se-encuentran-toque-de-queda-nacional-y-controles-mas-estrictos-de-desplazamiento","status":"publish","type":"post","link":"https:\/\/www.yungayino.cl\/noticias\/?p=22076","title":{"rendered":"Gobierno de Chile Decreta Nuevas Medidas Sanitarias, Entre las que se Encuentran Toque de Queda Nacional y Controles m\u00e1s Estrictos de Desplazamiento"},"content":{"rendered":"<p><img loading=\"lazy\" decoding=\"async\" class=\"alignnone size-full wp-image-22077\" src=\"http:\/\/www.yungayino.cl\/noticias\/wp-content\/uploads\/2020\/03\/22-marzo.jpg\" alt=\"\" width=\"700\" height=\"351\" srcset=\"https:\/\/www.yungayino.cl\/noticias\/wp-content\/uploads\/2020\/03\/22-marzo.jpg 700w, https:\/\/www.yungayino.cl\/noticias\/wp-content\/uploads\/2020\/03\/22-marzo-300x150.jpg 300w, https:\/\/www.yungayino.cl\/noticias\/wp-content\/uploads\/2020\/03\/22-marzo-299x150.jpg 299w\" sizes=\"auto, (max-width: 700px) 100vw, 700px\" \/><\/p>\n<p style=\"text-align: justify;\">Nacional, 22 de marzo 2020: Las nuevas medidas apuntan a controlar la evoluci\u00f3n de la epidemia en Chile, disminuir los desplazamientos entre regiones y garantizar el cumplimiento de cuarentenas en personas diagnosticadas.<\/p>\n<p style=\"text-align: justify;\">El Ministro de Salud, Jaime Ma\u00f1alich, anunci\u00f3 las siguientes medidas sanitarias decretadas por el Presidente Sebasti\u00e1n Pi\u00f1era para enfrentar la propagaci\u00f3n del Coronavirus en el pa\u00eds:<\/p>\n<ul style=\"text-align: justify;\">\n<li>Cuarentena en la localidad Puerto Williams: Se proh\u00edbe el ingreso y salida de cualquier persona, a excepci\u00f3n de quienes transporten carga esencial, las cuales estar\u00e1n sujetos a una aduana sanitaria estricta.<\/li>\n<\/ul>\n<ul style=\"text-align: justify;\">\n<li>Aduana sanitaria en el cruce mar\u00edtimo y a\u00e9reo del Estrecho de Magallanes, con autorizaci\u00f3n limitada de desplazamiento.<\/li>\n<\/ul>\n<ul style=\"text-align: justify;\">\n<li>Endurecimiento de la aduana sanitaria en el acceso al archipi\u00e9lago de Chilo\u00e9, con excepciones autorizadas con salvoconductos y para mantener el abastecimiento de la zona. Se inicia el domingo 22 de marzo.<\/li>\n<\/ul>\n<ul style=\"text-align: justify;\">\n<li>Cord\u00f3n sanitario alrededor de la ciudad de Chill\u00e1n: se proh\u00edbe el ingreso y salida de personas, salvo excepciones calificadas con salvoconducto. Se inicia el lunes 23 de marzo a las 12:00.<\/li>\n<\/ul>\n<ul style=\"text-align: justify;\">\n<li>Prohibici\u00f3n de tr\u00e1nsito hacia segundas viviendas, especialmente hacia aquellas localidades que concentran alta densidad.<\/li>\n<\/ul>\n<ul style=\"text-align: justify;\">\n<li>Retorno obligatorio de las personas que se hayan trasladado a dichas viviendas, con plazo final el d\u00eda 24 a las 22:00 hrs. El mi\u00e9rcoles 25 esta medida queda sujeta a fiscalizaci\u00f3n.<\/li>\n<\/ul>\n<ul style=\"text-align: justify;\">\n<li>Instalaci\u00f3n progresiva de aduanas sanitarias entre regiones para controlar la propagaci\u00f3n del virus, seg\u00fan se justifique.<\/li>\n<\/ul>\n<ul style=\"text-align: justify;\">\n<li>Cuarentena obligatoria para todo extranjero o chileno que llegue al pa\u00eds, cualquiera sea su origen.<\/li>\n<\/ul>\n<ul style=\"text-align: justify;\">\n<li>Toque de queda a partir de hoy en todo el territorio nacional, desde las 22:00 hasta las 05:00 hrs. para disminuir los contactos sociales y facilitar la fiscalizaci\u00f3n de cuarentenas obligatorias.<\/li>\n<\/ul>\n<ul style=\"text-align: justify;\">\n<li>Inicio en el plazo de una semana el uso de testeos r\u00e1pidos para diagnosticar a personas que, no teniendo s\u00edntomas, pueden ser portadoras del virus.<\/li>\n<\/ul>\n<ul style=\"text-align: justify;\">\n<li>Los casos positivos que no cumplan la cuarentena o manifiesten limitaciones para cumplirlas en su domicilio, podr\u00e1n ser ingresados en recintos adecuados que estar\u00e1n disponibles a partir del lunes 23 de marzo.<\/li>\n<\/ul>\n<ul style=\"text-align: justify;\">\n<li>Control policial, apoyada por FFAA, en las comunas de Providencia, Las Condes y Vitacura, para fiscalizar el desplazamiento de personas que pudiesen estar en cuarentena.<\/li>\n<\/ul>\n<ul style=\"text-align: justify;\">\n<li>Adicionalmente el ministro inform\u00f3 que a partir de las 9:00 de hoy, comenz\u00f3 a operar un control sanitario en el aeropuerto de Santiago para todos los vuelos nacionales.<\/li>\n<\/ul>\n<p style=\"text-align: justify;\"><a href=\"https:\/\/www.gob.cl\/noticias\/gobierno-de-chile-decreta-nuevas-medidas-sanitarias-entre-las-que-se-cuentan-toque-de-queda-nacional-y-controles-mas-estrictos-de-desplazamiento\/\">https:\/\/www.gob.cl\/noticias\/gobierno-de-chile-decreta-nuevas-medidas-sanitarias-entre-las-que-se-cuentan-toque-de-queda-nacional-y-controles-mas-estrictos-de-desplazamiento\/<\/a><\/p>\n","protected":false},"excerpt":{"rendered":"<p>Nacional, 22 de marzo 2020: Las nuevas medidas apuntan a controlar la evoluci\u00f3n de la epidemia en Chile, disminuir los desplazamientos entre regiones y garantizar el cumplimiento de cuarentenas en personas diagnosticadas. El Ministro&#46;&#46;&#46;<\/p>\n","protected":false},"author":2,"featured_media":22077,"comment_status":"closed","ping_status":"open","sticky":false,"template":"","format":"standard","meta":{"footnotes":""},"categories":[3,1],"tags":[1115,2190,8,6,117],"class_list":["post-22076","post","type-post","status-publish","format-standard","has-post-thumbnail","hentry","category-actualidad","category-noticias","tag-noticias","tag-toque-de-queda-nacional","tag-yungay","tag-yungayino","tag-yungayinocl"],"_links":{"self":[{"href":"https:\/\/www.yungayino.cl\/noticias\/index.php?rest_route=\/wp\/v2\/posts\/22076","targetHints":{"allow":["GET"]}}],"collection":[{"href":"https:\/\/www.yungayino.cl\/noticias\/index.php?rest_route=\/wp\/v2\/posts"}],"about":[{"href":"https:\/\/www.yungayino.cl\/noticias\/index.php?rest_route=\/wp\/v2\/types\/post"}],"author":[{"embeddable":true,"href":"https:\/\/www.yungayino.cl\/noticias\/index.php?rest_route=\/wp\/v2\/users\/2"}],"replies":[{"embeddable":true,"href":"https:\/\/www.yungayino.cl\/noticias\/index.php?rest_route=%2Fwp%2Fv2%2Fcomments&post=22076"}],"version-history":[{"count":2,"href":"https:\/\/www.yungayino.cl\/noticias\/index.php?rest_route=\/wp\/v2\/posts\/22076\/revisions"}],"predecessor-version":[{"id":22079,"href":"https:\/\/www.yungayino.cl\/noticias\/index.php?rest_route=\/wp\/v2\/posts\/22076\/revisions\/22079"}],"wp:featuredmedia":[{"embeddable":true,"href":"https:\/\/www.yungayino.cl\/noticias\/index.php?rest_route=\/wp\/v2\/media\/22077"}],"wp:attachment":[{"href":"https:\/\/www.yungayino.cl\/noticias\/index.php?rest_route=%2Fwp%2Fv2%2Fmedia&parent=22076"}],"wp:term":[{"taxonomy":"category","embeddable":true,"href":"https:\/\/www.yungayino.cl\/noticias\/index.php?rest_route=%2Fwp%2Fv2%2Fcategories&post=22076"},{"taxonomy":"post_tag","embeddable":true,"href":"https:\/\/www.yungayino.cl\/noticias\/index.php?rest_route=%2Fwp%2Fv2%2Ftags&post=22076"}],"curies":[{"name":"wp","href":"https:\/\/api.w.org\/{rel}","templated":true}]}}