{"id":22080,"date":"2020-03-23T12:00:08","date_gmt":"2020-03-23T15:00:08","guid":{"rendered":"http:\/\/www.yungayino.cl\/noticias\/?p=22080"},"modified":"2020-03-23T13:09:15","modified_gmt":"2020-03-23T16:09:15","slug":"comuna-de-yungay-confirma-primer-caso-de-covid-19-coronavirus","status":"publish","type":"post","link":"https:\/\/www.yungayino.cl\/noticias\/?p=22080","title":{"rendered":"Comuna de Yungay Confirma Primer Caso de COVID-19 (Coronavirus)"},"content":{"rendered":"<p><img loading=\"lazy\" decoding=\"async\" class=\"alignnone size-full wp-image-22081\" src=\"http:\/\/www.yungayino.cl\/noticias\/wp-content\/uploads\/2020\/03\/23-marzo-primer-caso-coronavirus.png\" alt=\"\" width=\"960\" height=\"960\" srcset=\"https:\/\/www.yungayino.cl\/noticias\/wp-content\/uploads\/2020\/03\/23-marzo-primer-caso-coronavirus.png 960w, https:\/\/www.yungayino.cl\/noticias\/wp-content\/uploads\/2020\/03\/23-marzo-primer-caso-coronavirus-300x300.png 300w, https:\/\/www.yungayino.cl\/noticias\/wp-content\/uploads\/2020\/03\/23-marzo-primer-caso-coronavirus-150x150.png 150w, https:\/\/www.yungayino.cl\/noticias\/wp-content\/uploads\/2020\/03\/23-marzo-primer-caso-coronavirus-160x160.png 160w, https:\/\/www.yungayino.cl\/noticias\/wp-content\/uploads\/2020\/03\/23-marzo-primer-caso-coronavirus-320x320.png 320w\" sizes=\"auto, (max-width: 960px) 100vw, 960px\" \/><\/p>\n<p style=\"text-align: justify;\">Yungay, lunes 23 de marzo 2020: La autoridad competente de salud se encuentra realizando el seguimiento al caso y tomando las medidas pertinentes para evitar la propagaci\u00f3n.<\/p>\n<p style=\"text-align: justify;\">Se hace un llamado a la comunidad para extremar las medidas de autocuidado, as\u00ed como cumplir los decretos que se han emitido durante est\u00e1 emergencia sanitaria.<\/p>\n<p style=\"text-align: justify;\">Alcalde Rafael Cifuentes ha solicitado al Jefe de Zona a cargo del Estado de Cat\u00e1strofe en \u00d1uble, General Cristi\u00e1n Vial, decretar Cuarentena Obligatoria en la comuna de Yungay y establecer Cord\u00f3n Sanitario en los accesos y salidas de la comuna, por lo que se le sugiere a la comunidad realizar cuarentena preventiva.<\/p>\n<p style=\"text-align: justify;\">No podemos dar el nombre de la persona que result\u00f3 positivo infringir\u00edamos la LEY N\u00ba20.584. La persona estaba en cuarentena y sus contactos tambi\u00e9n. Si infringen la cuarentena, recordar que existen Multas y penas de c\u00e1rcel por incumplimiento de cuarentenas. Son las que establece el C\u00f3digo Sanitario y el C\u00f3digo Penal. La subsecretaria de Salud Paula Daza, inform\u00f3 que las sanciones pueden ir de 0,1 a 50 UTM.<\/p>\n<p style=\"text-align: justify;\">La Universidad de Concepci\u00f3n prepar\u00f3 un test para que la gente pueda identificar cuando asistir a alg\u00fan centro asistencial.<\/p>\n<p style=\"text-align: justify;\"><a href=\"https:\/\/coronavirus.udec.cl\">https:\/\/coronavirus.udec.cl<\/a><\/p>\n<p>&nbsp;<\/p>\n<p style=\"text-align: justify;\"><strong>FUENTE: I. Municipalidad de Yungay<\/strong><\/p>\n<p>&nbsp;<\/p>\n<p>&nbsp;<\/p>\n<p><img loading=\"lazy\" decoding=\"async\" class=\"alignnone size-full wp-image-22083\" src=\"http:\/\/www.yungayino.cl\/noticias\/wp-content\/uploads\/2020\/03\/23-marzo-cuarentena-obligatoria.jpg\" alt=\"\" width=\"960\" height=\"960\" srcset=\"https:\/\/www.yungayino.cl\/noticias\/wp-content\/uploads\/2020\/03\/23-marzo-cuarentena-obligatoria.jpg 960w, https:\/\/www.yungayino.cl\/noticias\/wp-content\/uploads\/2020\/03\/23-marzo-cuarentena-obligatoria-300x300.jpg 300w, https:\/\/www.yungayino.cl\/noticias\/wp-content\/uploads\/2020\/03\/23-marzo-cuarentena-obligatoria-150x150.jpg 150w, https:\/\/www.yungayino.cl\/noticias\/wp-content\/uploads\/2020\/03\/23-marzo-cuarentena-obligatoria-160x160.jpg 160w, https:\/\/www.yungayino.cl\/noticias\/wp-content\/uploads\/2020\/03\/23-marzo-cuarentena-obligatoria-320x320.jpg 320w\" sizes=\"auto, (max-width: 960px) 100vw, 960px\" \/><\/p>\n<p>&nbsp;<\/p>\n<p><img loading=\"lazy\" decoding=\"async\" class=\"size-full wp-image-22084 aligncenter\" src=\"http:\/\/www.yungayino.cl\/noticias\/wp-content\/uploads\/2020\/03\/23-marzo-81-casos.jpg\" alt=\"\" width=\"494\" height=\"492\" srcset=\"https:\/\/www.yungayino.cl\/noticias\/wp-content\/uploads\/2020\/03\/23-marzo-81-casos.jpg 494w, https:\/\/www.yungayino.cl\/noticias\/wp-content\/uploads\/2020\/03\/23-marzo-81-casos-300x300.jpg 300w, https:\/\/www.yungayino.cl\/noticias\/wp-content\/uploads\/2020\/03\/23-marzo-81-casos-150x150.jpg 150w, https:\/\/www.yungayino.cl\/noticias\/wp-content\/uploads\/2020\/03\/23-marzo-81-casos-151x150.jpg 151w, https:\/\/www.yungayino.cl\/noticias\/wp-content\/uploads\/2020\/03\/23-marzo-81-casos-160x160.jpg 160w, https:\/\/www.yungayino.cl\/noticias\/wp-content\/uploads\/2020\/03\/23-marzo-81-casos-320x320.jpg 320w\" sizes=\"auto, (max-width: 494px) 100vw, 494px\" \/><\/p>\n","protected":false},"excerpt":{"rendered":"<p>Yungay, lunes 23 de marzo 2020: La autoridad competente de salud se encuentra realizando el seguimiento al caso y tomando las medidas pertinentes para evitar la propagaci\u00f3n. Se hace un llamado a la comunidad&#46;&#46;&#46;<\/p>\n","protected":false},"author":2,"featured_media":22082,"comment_status":"closed","ping_status":"open","sticky":false,"template":"","format":"standard","meta":{"footnotes":""},"categories":[3,1,1676],"tags":[2182,2183,1115,2191,65,8,6,117],"class_list":["post-22080","post","type-post","status-publish","format-standard","has-post-thumbnail","hentry","category-actualidad","category-noticias","category-salud","tag-coronavirus","tag-covid-19","tag-noticias","tag-primer-caso-yungay","tag-salud","tag-yungay","tag-yungayino","tag-yungayinocl"],"_links":{"self":[{"href":"https:\/\/www.yungayino.cl\/noticias\/index.php?rest_route=\/wp\/v2\/posts\/22080","targetHints":{"allow":["GET"]}}],"collection":[{"href":"https:\/\/www.yungayino.cl\/noticias\/index.php?rest_route=\/wp\/v2\/posts"}],"about":[{"href":"https:\/\/www.yungayino.cl\/noticias\/index.php?rest_route=\/wp\/v2\/types\/post"}],"author":[{"embeddable":true,"href":"https:\/\/www.yungayino.cl\/noticias\/index.php?rest_route=\/wp\/v2\/users\/2"}],"replies":[{"embeddable":true,"href":"https:\/\/www.yungayino.cl\/noticias\/index.php?rest_route=%2Fwp%2Fv2%2Fcomments&post=22080"}],"version-history":[{"count":3,"href":"https:\/\/www.yungayino.cl\/noticias\/index.php?rest_route=\/wp\/v2\/posts\/22080\/revisions"}],"predecessor-version":[{"id":22087,"href":"https:\/\/www.yungayino.cl\/noticias\/index.php?rest_route=\/wp\/v2\/posts\/22080\/revisions\/22087"}],"wp:featuredmedia":[{"embeddable":true,"href":"https:\/\/www.yungayino.cl\/noticias\/index.php?rest_route=\/wp\/v2\/media\/22082"}],"wp:attachment":[{"href":"https:\/\/www.yungayino.cl\/noticias\/index.php?rest_route=%2Fwp%2Fv2%2Fmedia&parent=22080"}],"wp:term":[{"taxonomy":"category","embeddable":true,"href":"https:\/\/www.yungayino.cl\/noticias\/index.php?rest_route=%2Fwp%2Fv2%2Fcategories&post=22080"},{"taxonomy":"post_tag","embeddable":true,"href":"https:\/\/www.yungayino.cl\/noticias\/index.php?rest_route=%2Fwp%2Fv2%2Ftags&post=22080"}],"curies":[{"name":"wp","href":"https:\/\/api.w.org\/{rel}","templated":true}]}}