{"id":22144,"date":"2020-03-28T19:30:23","date_gmt":"2020-03-28T22:30:23","guid":{"rendered":"http:\/\/www.yungayino.cl\/noticias\/?p=22144"},"modified":"2020-03-28T19:51:09","modified_gmt":"2020-03-28T22:51:09","slug":"seremi-de-salud-de-nuble-confirma-primer-caso-de-persona-con-covid-19-en-yungay","status":"publish","type":"post","link":"https:\/\/www.yungayino.cl\/noticias\/?p=22144","title":{"rendered":"SEREMI de Salud de \u00d1uble Confirma Primer Caso de Persona con COVID-19 en Yungay"},"content":{"rendered":"<p><img loading=\"lazy\" decoding=\"async\" class=\"alignnone size-full wp-image-22146\" src=\"http:\/\/www.yungayino.cl\/noticias\/wp-content\/uploads\/2020\/03\/prensa-\u00f1uble-27-marzo.jpg\" alt=\"\" width=\"750\" height=\"1204\" srcset=\"https:\/\/www.yungayino.cl\/noticias\/wp-content\/uploads\/2020\/03\/prensa-\u00f1uble-27-marzo.jpg 750w, https:\/\/www.yungayino.cl\/noticias\/wp-content\/uploads\/2020\/03\/prensa-\u00f1uble-27-marzo-187x300.jpg 187w, https:\/\/www.yungayino.cl\/noticias\/wp-content\/uploads\/2020\/03\/prensa-\u00f1uble-27-marzo-638x1024.jpg 638w, https:\/\/www.yungayino.cl\/noticias\/wp-content\/uploads\/2020\/03\/prensa-\u00f1uble-27-marzo-93x150.jpg 93w\" sizes=\"auto, (max-width: 750px) 100vw, 750px\" \/><\/p>\n<p>&nbsp;<\/p>\n<p>Yungay, s\u00e1bado 28 de marzo 2020: A trav\u00e9s de un Comunicado de Prensa la SEREMI de Salud de \u00d1uble confirma primer caso de persona con CORONAVIRUS en la comuna de Yungay. Tambi\u00e9n confirma que son 28 los nuevos casos confirmados de COVID-19 en la Regi\u00f3n (6 a\u00fan est\u00e1n en estudio).<\/p>\n<p>Por su parte el Hospital Comunitario de Salud Familiar de Yungay se ha puesto en contacto con la persona afectada para activar los protocolos a seguir.<\/p>\n<p>El comunicado, publicado hoy 28 de Marzo, tambi\u00e9n se\u00f1ala que dentro de los casos confirmados, 20 pacientes permanecen hospitalizados. De ellos, 6 se encuentran en Unidades de Pacientes Cr\u00edticos (UCI) y 5 se encuentran conectados a Ventilaci\u00f3n Mec\u00e1nica.<\/p>\n<p>&nbsp;<\/p>\n<p><img loading=\"lazy\" decoding=\"async\" class=\"alignnone size-full wp-image-22148\" src=\"http:\/\/www.yungayino.cl\/noticias\/wp-content\/uploads\/2020\/03\/91261683_988880014862955_5370360058183942144_o.png\" alt=\"\" width=\"960\" height=\"960\" srcset=\"https:\/\/www.yungayino.cl\/noticias\/wp-content\/uploads\/2020\/03\/91261683_988880014862955_5370360058183942144_o.png 960w, https:\/\/www.yungayino.cl\/noticias\/wp-content\/uploads\/2020\/03\/91261683_988880014862955_5370360058183942144_o-300x300.png 300w, https:\/\/www.yungayino.cl\/noticias\/wp-content\/uploads\/2020\/03\/91261683_988880014862955_5370360058183942144_o-150x150.png 150w, https:\/\/www.yungayino.cl\/noticias\/wp-content\/uploads\/2020\/03\/91261683_988880014862955_5370360058183942144_o-160x160.png 160w, https:\/\/www.yungayino.cl\/noticias\/wp-content\/uploads\/2020\/03\/91261683_988880014862955_5370360058183942144_o-320x320.png 320w\" sizes=\"auto, (max-width: 960px) 100vw, 960px\" \/><\/p>\n<p>&nbsp;<\/p>\n<p><img loading=\"lazy\" decoding=\"async\" class=\"alignnone size-full wp-image-22147\" src=\"http:\/\/www.yungayino.cl\/noticias\/wp-content\/uploads\/2020\/03\/casos-covid-19-27-marzo.jpg\" alt=\"\" width=\"591\" height=\"596\" srcset=\"https:\/\/www.yungayino.cl\/noticias\/wp-content\/uploads\/2020\/03\/casos-covid-19-27-marzo.jpg 591w, https:\/\/www.yungayino.cl\/noticias\/wp-content\/uploads\/2020\/03\/casos-covid-19-27-marzo-297x300.jpg 297w, https:\/\/www.yungayino.cl\/noticias\/wp-content\/uploads\/2020\/03\/casos-covid-19-27-marzo-150x150.jpg 150w, https:\/\/www.yungayino.cl\/noticias\/wp-content\/uploads\/2020\/03\/casos-covid-19-27-marzo-149x150.jpg 149w, https:\/\/www.yungayino.cl\/noticias\/wp-content\/uploads\/2020\/03\/casos-covid-19-27-marzo-160x160.jpg 160w\" sizes=\"auto, (max-width: 591px) 100vw, 591px\" \/><\/p>\n","protected":false},"excerpt":{"rendered":"<p>&nbsp; Yungay, s\u00e1bado 28 de marzo 2020: A trav\u00e9s de un Comunicado de Prensa la SEREMI de Salud de \u00d1uble confirma primer caso de persona con CORONAVIRUS en la comuna de Yungay. Tambi\u00e9n confirma&#46;&#46;&#46;<\/p>\n","protected":false},"author":2,"featured_media":22145,"comment_status":"closed","ping_status":"open","sticky":false,"template":"","format":"standard","meta":{"footnotes":""},"categories":[1,1675],"tags":[2182,2183,1115,1678,65,8,6,117],"class_list":["post-22144","post","type-post","status-publish","format-standard","has-post-thumbnail","hentry","category-noticias","category-saludc","tag-coronavirus","tag-covid-19","tag-noticias","tag-nuble","tag-salud","tag-yungay","tag-yungayino","tag-yungayinocl"],"_links":{"self":[{"href":"https:\/\/www.yungayino.cl\/noticias\/index.php?rest_route=\/wp\/v2\/posts\/22144","targetHints":{"allow":["GET"]}}],"collection":[{"href":"https:\/\/www.yungayino.cl\/noticias\/index.php?rest_route=\/wp\/v2\/posts"}],"about":[{"href":"https:\/\/www.yungayino.cl\/noticias\/index.php?rest_route=\/wp\/v2\/types\/post"}],"author":[{"embeddable":true,"href":"https:\/\/www.yungayino.cl\/noticias\/index.php?rest_route=\/wp\/v2\/users\/2"}],"replies":[{"embeddable":true,"href":"https:\/\/www.yungayino.cl\/noticias\/index.php?rest_route=%2Fwp%2Fv2%2Fcomments&post=22144"}],"version-history":[{"count":1,"href":"https:\/\/www.yungayino.cl\/noticias\/index.php?rest_route=\/wp\/v2\/posts\/22144\/revisions"}],"predecessor-version":[{"id":22149,"href":"https:\/\/www.yungayino.cl\/noticias\/index.php?rest_route=\/wp\/v2\/posts\/22144\/revisions\/22149"}],"wp:featuredmedia":[{"embeddable":true,"href":"https:\/\/www.yungayino.cl\/noticias\/index.php?rest_route=\/wp\/v2\/media\/22145"}],"wp:attachment":[{"href":"https:\/\/www.yungayino.cl\/noticias\/index.php?rest_route=%2Fwp%2Fv2%2Fmedia&parent=22144"}],"wp:term":[{"taxonomy":"category","embeddable":true,"href":"https:\/\/www.yungayino.cl\/noticias\/index.php?rest_route=%2Fwp%2Fv2%2Fcategories&post=22144"},{"taxonomy":"post_tag","embeddable":true,"href":"https:\/\/www.yungayino.cl\/noticias\/index.php?rest_route=%2Fwp%2Fv2%2Ftags&post=22144"}],"curies":[{"name":"wp","href":"https:\/\/api.w.org\/{rel}","templated":true}]}}