{"id":22150,"date":"2020-03-29T13:00:15","date_gmt":"2020-03-29T16:00:15","guid":{"rendered":"http:\/\/www.yungayino.cl\/noticias\/?p=22150"},"modified":"2020-03-29T14:56:38","modified_gmt":"2020-03-29T17:56:38","slug":"comunicado-ilustre-municipalidad-de-yungay","status":"publish","type":"post","link":"https:\/\/www.yungayino.cl\/noticias\/?p=22150","title":{"rendered":"Comunicado Ilustre Municipalidad de Yungay"},"content":{"rendered":"<p><img loading=\"lazy\" decoding=\"async\" class=\"alignnone size-full wp-image-22152\" src=\"http:\/\/www.yungayino.cl\/noticias\/wp-content\/uploads\/2020\/03\/29-marzo-comunicado-municipalidad.png\" alt=\"\" width=\"960\" height=\"960\" srcset=\"https:\/\/www.yungayino.cl\/noticias\/wp-content\/uploads\/2020\/03\/29-marzo-comunicado-municipalidad.png 960w, https:\/\/www.yungayino.cl\/noticias\/wp-content\/uploads\/2020\/03\/29-marzo-comunicado-municipalidad-300x300.png 300w, https:\/\/www.yungayino.cl\/noticias\/wp-content\/uploads\/2020\/03\/29-marzo-comunicado-municipalidad-150x150.png 150w, https:\/\/www.yungayino.cl\/noticias\/wp-content\/uploads\/2020\/03\/29-marzo-comunicado-municipalidad-160x160.png 160w, https:\/\/www.yungayino.cl\/noticias\/wp-content\/uploads\/2020\/03\/29-marzo-comunicado-municipalidad-320x320.png 320w\" sizes=\"auto, (max-width: 960px) 100vw, 960px\" \/><\/p>\n<p style=\"text-align: justify;\">Yungay, 29 de marzo de 2020: Respecto de la situaci\u00f3n de personas afectadas por CORONAVIRUS en la comuna de Yungay queremos informar lo que la SEREMI DE SALUD de \u00d1uble\u00a0instruye:<\/p>\n<ol style=\"text-align: justify;\">\n<li>El \u00fanico caso diagnosticado positivo al d\u00eda de hoy, por parte de la SEREMI DE SALUD de \u00d1uble es un funcionario del CESFAM de Campanario, quien fue notificado el d\u00eda 27 de marzo de 2020 durante la jornada de la tarde. El equipo Directivo del CESFAM activ\u00f3 su protocolo de limpieza y desinfecci\u00f3n, el cual finaliza este d\u00eda lunes 30 de Marzo para abrir las puertas a la comunidad el d\u00eda martes 31 de marzo 2020, seg\u00fan lo indicado por la SEREMI DE SALUD de \u00d1uble.<\/li>\n<\/ol>\n<ol style=\"text-align: justify;\" start=\"2\">\n<li>El funcionario fue puesto en cuarentena en su domicilio posterior a enterarse del estado de salud de una persona con la que tuvo interacci\u00f3n social confirmada como positivo. Las personas que tuvieron relaci\u00f3n estrecha con el caso positivo del CESFAM fueron informadas y permanecen con los debidos resguardos recomendados por la SEREMI DE SALUD de \u00d1uble.<\/li>\n<\/ol>\n<ol style=\"text-align: justify;\" start=\"3\">\n<li>En redes sociales se ha \u00abinformado\u00bb respecto de un posible segundo caso, solo se\u00f1alar que es la SEREMI DE SALUD de \u00d1uble la entidad responsable de oficializar cada caso confirmado, por tanto, quedamos a la espera que sea esa entidad quien de a conocer la informaci\u00f3n oficial.<\/li>\n<\/ol>\n<ol style=\"text-align: justify;\" start=\"4\">\n<li>Es necesario se\u00f1alar que estamos en presencia de un virus altamente contagioso, es por eso que reiteramos nuestro mensaje de mantener un distanciamiento social, realizar solo actividades en la comunidad que sea impostergable, limpieza de manos y superficies, y por \u00faltimo, consultar en los centros de salud cuando sea realmente necesario.<\/li>\n<\/ol>\n<ol start=\"5\">\n<li style=\"text-align: justify;\">Informamos que la ley 20.584 se\u00f1ala que es un \u201cderecho del usuario el resguardo de su informaci\u00f3n\u201d, es por eso que no se\u00f1alaremos datos personales de la persona afectada en este comunicado, solo indicaremos que se encuentra en buenas condiciones cl\u00ednicas, cumpliendo la cuarentena correspondiente y con sus contactos directos identificados, tal cual lo exige la SEREMI DE SALUD de \u00d1uble.<\/li>\n<\/ol>\n<p>&nbsp;<\/p>\n<p>FUENTE: ILUSTRE MUNICIPALIDAD DE YUNGAY<\/p>\n","protected":false},"excerpt":{"rendered":"<p>Yungay, 29 de marzo de 2020: Respecto de la situaci\u00f3n de personas afectadas por CORONAVIRUS en la comuna de Yungay queremos informar lo que la SEREMI DE SALUD de \u00d1uble\u00a0instruye: El \u00fanico caso diagnosticado&#46;&#46;&#46;<\/p>\n","protected":false},"author":2,"featured_media":22151,"comment_status":"closed","ping_status":"open","sticky":false,"template":"","format":"standard","meta":{"footnotes":""},"categories":[3,1,1675],"tags":[2182,2183,1115,1678,65,8,6,117],"class_list":["post-22150","post","type-post","status-publish","format-standard","has-post-thumbnail","hentry","category-actualidad","category-noticias","category-saludc","tag-coronavirus","tag-covid-19","tag-noticias","tag-nuble","tag-salud","tag-yungay","tag-yungayino","tag-yungayinocl"],"_links":{"self":[{"href":"https:\/\/www.yungayino.cl\/noticias\/index.php?rest_route=\/wp\/v2\/posts\/22150","targetHints":{"allow":["GET"]}}],"collection":[{"href":"https:\/\/www.yungayino.cl\/noticias\/index.php?rest_route=\/wp\/v2\/posts"}],"about":[{"href":"https:\/\/www.yungayino.cl\/noticias\/index.php?rest_route=\/wp\/v2\/types\/post"}],"author":[{"embeddable":true,"href":"https:\/\/www.yungayino.cl\/noticias\/index.php?rest_route=\/wp\/v2\/users\/2"}],"replies":[{"embeddable":true,"href":"https:\/\/www.yungayino.cl\/noticias\/index.php?rest_route=%2Fwp%2Fv2%2Fcomments&post=22150"}],"version-history":[{"count":12,"href":"https:\/\/www.yungayino.cl\/noticias\/index.php?rest_route=\/wp\/v2\/posts\/22150\/revisions"}],"predecessor-version":[{"id":22163,"href":"https:\/\/www.yungayino.cl\/noticias\/index.php?rest_route=\/wp\/v2\/posts\/22150\/revisions\/22163"}],"wp:featuredmedia":[{"embeddable":true,"href":"https:\/\/www.yungayino.cl\/noticias\/index.php?rest_route=\/wp\/v2\/media\/22151"}],"wp:attachment":[{"href":"https:\/\/www.yungayino.cl\/noticias\/index.php?rest_route=%2Fwp%2Fv2%2Fmedia&parent=22150"}],"wp:term":[{"taxonomy":"category","embeddable":true,"href":"https:\/\/www.yungayino.cl\/noticias\/index.php?rest_route=%2Fwp%2Fv2%2Fcategories&post=22150"},{"taxonomy":"post_tag","embeddable":true,"href":"https:\/\/www.yungayino.cl\/noticias\/index.php?rest_route=%2Fwp%2Fv2%2Ftags&post=22150"}],"curies":[{"name":"wp","href":"https:\/\/api.w.org\/{rel}","templated":true}]}}