{"id":22173,"date":"2020-03-31T19:00:18","date_gmt":"2020-03-31T22:00:18","guid":{"rendered":"http:\/\/www.yungayino.cl\/noticias\/?p=22173"},"modified":"2020-03-31T19:08:15","modified_gmt":"2020-03-31T22:08:15","slug":"municipio-lleva-ayuda-social-a-diferentes-sectores-de-la-comuna","status":"publish","type":"post","link":"https:\/\/www.yungayino.cl\/noticias\/?p=22173","title":{"rendered":"Municipio Lleva Ayuda Social a Diferentes Sectores de la Comuna"},"content":{"rendered":"<p><img loading=\"lazy\" decoding=\"async\" class=\"alignnone size-full wp-image-22174\" src=\"http:\/\/www.yungayino.cl\/noticias\/wp-content\/uploads\/2020\/03\/portada-3.jpg\" alt=\"\" width=\"700\" height=\"350\" srcset=\"https:\/\/www.yungayino.cl\/noticias\/wp-content\/uploads\/2020\/03\/portada-3.jpg 700w, https:\/\/www.yungayino.cl\/noticias\/wp-content\/uploads\/2020\/03\/portada-3-300x150.jpg 300w\" sizes=\"auto, (max-width: 700px) 100vw, 700px\" \/><\/p>\n<p style=\"text-align: justify;\">Yungay, martes 31 de marzo 2020: Durante las \u00faltimas dos semanas, en el contexto de la emergencia sanitaria que enfrenta el pa\u00eds, el alcalde Rafael Cifuentes Rodr\u00edguez, junto a la Directora de Desarrollo Comunitario, Pamela Jelves Acu\u00f1a, han llevado ayuda social a vecinas y vecinos que est\u00e1n postrados y a los adultos mayores de los distintos sectores de Yungay.<\/p>\n<p style=\"text-align: justify;\"><iframe loading=\"lazy\" style=\"border: none; overflow: hidden;\" src=\"https:\/\/www.facebook.com\/plugins\/post.php?href=https:\/\/www.facebook.com\/yungayino.cl\/posts\/3318082001540149?__xts__%5B0%5D=68.ARAPpKyCsxTfwfvWodfV4RskzUNNomhFbuJijtIdeKFKRU6J1AWTa6xbfMcWIwEvJqwabedBAJ9TzIWxcAjZW2qdcrKw34MfGq76m9PMJu61h0Wz6Iuh6EuVNDRuPCw1D1892EOD1DRE2aBshxoyoFTX42wfOZYNrIfD6hzm3ygDnOETpnmL19NqA9IeDrvywXQFyPk1JxetsYXI8Gu_YzMBAVI_adDT_0H6a8Qj4IE9pLlOU2PEr29we-_WE7B5QGD-uZLRrdz0vQ0IaRV6X5HJAbYZt4VpFicIAhWI9xu3lCQgkx2TtUjRL8sYJySdja8Uo-rRZqJpjaRT5lXIKiPII7bxCDNY-Cudr7LBSwQaKUwMUdixojCXnej5aJDxXJuc2XoYIVOQKtyB9VM_gr512rZ8e15cXHgVZammoqjgQt2BJR1EjsSsmfaWCH18elWsTvNVrZ5MO8qHEZYs&amp;__tn__=-R&amp;l=a77e327dc6&amp;l=f5951f1994&amp;l=bfecbb8adf&amp;l=687b6bf5da&amp;width=500&amp;show_text=true&amp;height=691&amp;appId\" width=\"500\" height=\"715\" frameborder=\"0\" scrolling=\"no\"><\/iframe><\/p>\n<p style=\"text-align: justify;\">Asimismo, desde la Direcci\u00f3n de Desarrollo Comunitario se est\u00e1 haciendo contacto telef\u00f3nico con las juntas de vecinos, con las organizaciones de adultos mayores y organizaciones deportivas para estar al tanto de casos sociales que necesiten atenci\u00f3n y as\u00ed acudir oportunamente con ayuda.<\/p>\n<p style=\"text-align: justify;\">Desde el Municipio se\u00f1alaron que se seguir\u00e1 estando muy atentos a nuestras vecinas y vecinos, por lo que ante cualquier caso que alguien requiera ayuda social, se puede contar a los tel\u00e9fonos <strong>42 2255624, 992263156<\/strong> o al correo <strong><a href=\"mailto:didecoyungay@yungay.cl\">didecoyungay@yungay.cl<\/a><\/strong><\/p>\n<p style=\"text-align: justify;\">Tambi\u00e9n, en caso de tener alguna consulta o requerimiento con los siguientes servicios, pueden escribir a estos correos electr\u00f3nicos:<\/p>\n<p style=\"text-align: justify;\"><strong>Registro Social de Hogares: <a href=\"mailto:fps@yungay.cl\">fps@yungay.cl<\/a><\/strong><\/p>\n<p style=\"text-align: justify;\"><strong>Subsidio \u00danico Familiar: <a href=\"mailto:cas@yungay.cl\">cas@yungay.cl<\/a><\/strong><\/p>\n<p style=\"text-align: justify;\"><strong>Vivienda: vivienda@yungay.cl o <a href=\"mailto:jmunoz@yungay.cl\">jmunoz@yungay.cl<\/a><\/strong><\/p>\n<p style=\"text-align: justify;\"><strong>\u00a0<\/strong><\/p>\n<p style=\"text-align: justify;\">[su_button url=\u00bbhttps:\/\/www.facebook.com\/pg\/yungayino.cl\/photos\/?tab=album&amp;album_id=3318081678206848&#8243; target=\u00bbblank\u00bb size=\u00bb7&#8243; radius=\u00bbround\u00bb icon=\u00bbicon: facebook-square\u00bb]FOTOGRAF\u00cdAS &#8211; Municipio Lleva Ayuda Social a Diferentes Sectores de la Comuna[\/su_button]<\/p>\n","protected":false},"excerpt":{"rendered":"<p>Yungay, martes 31 de marzo 2020: Durante las \u00faltimas dos semanas, en el contexto de la emergencia sanitaria que enfrenta el pa\u00eds, el alcalde Rafael Cifuentes Rodr\u00edguez, junto a la Directora de Desarrollo Comunitario,&#46;&#46;&#46;<\/p>\n","protected":false},"author":2,"featured_media":22174,"comment_status":"closed","ping_status":"open","sticky":false,"template":"","format":"standard","meta":{"footnotes":""},"categories":[1],"tags":[334,1115,8,6,117],"class_list":["post-22173","post","type-post","status-publish","format-standard","has-post-thumbnail","hentry","category-noticias","tag-dideco","tag-noticias","tag-yungay","tag-yungayino","tag-yungayinocl"],"_links":{"self":[{"href":"https:\/\/www.yungayino.cl\/noticias\/index.php?rest_route=\/wp\/v2\/posts\/22173","targetHints":{"allow":["GET"]}}],"collection":[{"href":"https:\/\/www.yungayino.cl\/noticias\/index.php?rest_route=\/wp\/v2\/posts"}],"about":[{"href":"https:\/\/www.yungayino.cl\/noticias\/index.php?rest_route=\/wp\/v2\/types\/post"}],"author":[{"embeddable":true,"href":"https:\/\/www.yungayino.cl\/noticias\/index.php?rest_route=\/wp\/v2\/users\/2"}],"replies":[{"embeddable":true,"href":"https:\/\/www.yungayino.cl\/noticias\/index.php?rest_route=%2Fwp%2Fv2%2Fcomments&post=22173"}],"version-history":[{"count":3,"href":"https:\/\/www.yungayino.cl\/noticias\/index.php?rest_route=\/wp\/v2\/posts\/22173\/revisions"}],"predecessor-version":[{"id":22177,"href":"https:\/\/www.yungayino.cl\/noticias\/index.php?rest_route=\/wp\/v2\/posts\/22173\/revisions\/22177"}],"wp:featuredmedia":[{"embeddable":true,"href":"https:\/\/www.yungayino.cl\/noticias\/index.php?rest_route=\/wp\/v2\/media\/22174"}],"wp:attachment":[{"href":"https:\/\/www.yungayino.cl\/noticias\/index.php?rest_route=%2Fwp%2Fv2%2Fmedia&parent=22173"}],"wp:term":[{"taxonomy":"category","embeddable":true,"href":"https:\/\/www.yungayino.cl\/noticias\/index.php?rest_route=%2Fwp%2Fv2%2Fcategories&post=22173"},{"taxonomy":"post_tag","embeddable":true,"href":"https:\/\/www.yungayino.cl\/noticias\/index.php?rest_route=%2Fwp%2Fv2%2Ftags&post=22173"}],"curies":[{"name":"wp","href":"https:\/\/api.w.org\/{rel}","templated":true}]}}