{"id":22186,"date":"2020-04-02T10:00:26","date_gmt":"2020-04-02T13:00:26","guid":{"rendered":"http:\/\/www.yungayino.cl\/noticias\/?p=22186"},"modified":"2020-04-02T13:42:11","modified_gmt":"2020-04-02T16:42:11","slug":"hoy-se-inicia-control-sanitario-en-yungay","status":"publish","type":"post","link":"https:\/\/www.yungayino.cl\/noticias\/?p=22186","title":{"rendered":"Hoy se Inicia Control Sanitario en Yungay"},"content":{"rendered":"<p><img loading=\"lazy\" decoding=\"async\" class=\"alignnone size-full wp-image-22187\" src=\"http:\/\/www.yungayino.cl\/noticias\/wp-content\/uploads\/2020\/04\/02-abril-control-sanitario-1.png\" alt=\"\" width=\"700\" height=\"700\" srcset=\"https:\/\/www.yungayino.cl\/noticias\/wp-content\/uploads\/2020\/04\/02-abril-control-sanitario-1.png 700w, https:\/\/www.yungayino.cl\/noticias\/wp-content\/uploads\/2020\/04\/02-abril-control-sanitario-1-300x300.png 300w, https:\/\/www.yungayino.cl\/noticias\/wp-content\/uploads\/2020\/04\/02-abril-control-sanitario-1-150x150.png 150w, https:\/\/www.yungayino.cl\/noticias\/wp-content\/uploads\/2020\/04\/02-abril-control-sanitario-1-160x160.png 160w, https:\/\/www.yungayino.cl\/noticias\/wp-content\/uploads\/2020\/04\/02-abril-control-sanitario-1-320x320.png 320w\" sizes=\"auto, (max-width: 700px) 100vw, 700px\" \/><\/p>\n<p style=\"text-align: justify;\">Yungay, jueves 02 de abril 2020: Alcalde Rafael Cifuentes Rodr\u00edguez, Comisario de Carabineros de Yungay y Ej\u00e9rcito de Chill\u00e1n dan inicio a control sanitario en nuestra comuna.<\/p>\n<p style=\"text-align: justify;\"><iframe loading=\"lazy\" style=\"border: none; overflow: hidden;\" src=\"https:\/\/www.facebook.com\/plugins\/post.php?href=https:\/\/www.facebook.com\/yungayino.cl\/posts\/3322152774466405?__xts__%5B0%5D=68.ARCeYW17L4IExWwpldAPA49-lTBvadUPH139K2EhJLs_LYftd1b2QToj03UFsJHtX6kI8iTldHd8u4VPGh8AT8TdJIN_1i5VIWPY4QcTgWGiViJGhO4eIYvzAqeHtcLz1QymaJLJY0UPt6atheqfn2liNkVNJA2qre_aRXAuLdD7IsOYRsKOKVjv-mmKIoOID8AYmKZ622fyk_eyl0dFhye9jufoUUjl6IAlxJDb6qi9yEFOuikKYVyrbVZVojHjbEj08pfoozBh3hsoWIyUMtdwzQ5N9XOV5jaBBL8CVJN5FjXVXf5GST6Uwf9CwIIr_vC_7Km-aZwuGlsIq5QnPtAptzD29HJM2_jA0Epari2_JHzug2FDb3qqTAH7lLIn7Sg26qdwS-8AGCc1eRb7ZHTYluRYOC0MT00Svh_ljV6icciif-CGUeFwRcYGQhuzsV_CG-J67MQRvArekycZ&amp;__tn__=-R&amp;l=a77e327dc6&amp;l=f5951f1994&amp;l=bfecbb8adf&amp;l=687b6bf5da&amp;width=500&amp;show_text=true&amp;height=691&amp;appId\" width=\"500\" height=\"715\" frameborder=\"0\" scrolling=\"no\"><\/iframe><\/p>\n<p style=\"text-align: justify;\">La acci\u00f3n consiste en que en ingresos a la comuna se va a generar un control de las personas que transitan, tomando la temperatura con los implementos m\u00e9dicos correspondientes y con el debido resguardo policial y\/o militar.<\/p>\n<p style=\"text-align: justify;\">\u201cA nosotros como municipio nos corresponde generar todas las medidas que est\u00e9n a nuestro alcance para resguardar a la poblaci\u00f3n, obviamente hay medidas que depende de la autoridad regional \u00a1y favorablemente se nos ha escuchado!, por eso hoy se implementa este control sanitario en Yungay\u201d manifest\u00f3 el alcalde de nuestra comuna.<\/p>\n<p style=\"text-align: justify;\">[su_button url=\u00bbhttps:\/\/www.facebook.com\/pg\/yungayino.cl\/photos\/?tab=album&amp;album_id=3322152617799754&#8243; target=\u00bbblank\u00bb size=\u00bb7&#8243; radius=\u00bbround\u00bb icon=\u00bbicon: facebook-square\u00bb]FOTOGRAF\u00cdAS &#8211; Hoy se Inicia Control Sanitario en Yungay[\/su_button]<\/p>\n","protected":false},"excerpt":{"rendered":"<p>Yungay, jueves 02 de abril 2020: Alcalde Rafael Cifuentes Rodr\u00edguez, Comisario de Carabineros de Yungay y Ej\u00e9rcito de Chill\u00e1n dan inicio a control sanitario en nuestra comuna. La acci\u00f3n consiste en que en ingresos&#46;&#46;&#46;<\/p>\n","protected":false},"author":2,"featured_media":22187,"comment_status":"closed","ping_status":"open","sticky":false,"template":"","format":"standard","meta":{"footnotes":""},"categories":[3,1,1675],"tags":[2195,1115,8,6,117],"class_list":["post-22186","post","type-post","status-publish","format-standard","has-post-thumbnail","hentry","category-actualidad","category-noticias","category-saludc","tag-control-sanitario","tag-noticias","tag-yungay","tag-yungayino","tag-yungayinocl"],"_links":{"self":[{"href":"https:\/\/www.yungayino.cl\/noticias\/index.php?rest_route=\/wp\/v2\/posts\/22186","targetHints":{"allow":["GET"]}}],"collection":[{"href":"https:\/\/www.yungayino.cl\/noticias\/index.php?rest_route=\/wp\/v2\/posts"}],"about":[{"href":"https:\/\/www.yungayino.cl\/noticias\/index.php?rest_route=\/wp\/v2\/types\/post"}],"author":[{"embeddable":true,"href":"https:\/\/www.yungayino.cl\/noticias\/index.php?rest_route=\/wp\/v2\/users\/2"}],"replies":[{"embeddable":true,"href":"https:\/\/www.yungayino.cl\/noticias\/index.php?rest_route=%2Fwp%2Fv2%2Fcomments&post=22186"}],"version-history":[{"count":4,"href":"https:\/\/www.yungayino.cl\/noticias\/index.php?rest_route=\/wp\/v2\/posts\/22186\/revisions"}],"predecessor-version":[{"id":22191,"href":"https:\/\/www.yungayino.cl\/noticias\/index.php?rest_route=\/wp\/v2\/posts\/22186\/revisions\/22191"}],"wp:featuredmedia":[{"embeddable":true,"href":"https:\/\/www.yungayino.cl\/noticias\/index.php?rest_route=\/wp\/v2\/media\/22187"}],"wp:attachment":[{"href":"https:\/\/www.yungayino.cl\/noticias\/index.php?rest_route=%2Fwp%2Fv2%2Fmedia&parent=22186"}],"wp:term":[{"taxonomy":"category","embeddable":true,"href":"https:\/\/www.yungayino.cl\/noticias\/index.php?rest_route=%2Fwp%2Fv2%2Fcategories&post=22186"},{"taxonomy":"post_tag","embeddable":true,"href":"https:\/\/www.yungayino.cl\/noticias\/index.php?rest_route=%2Fwp%2Fv2%2Ftags&post=22186"}],"curies":[{"name":"wp","href":"https:\/\/api.w.org\/{rel}","templated":true}]}}