{"id":22210,"date":"2020-04-03T13:56:40","date_gmt":"2020-04-03T16:56:40","guid":{"rendered":"http:\/\/www.yungayino.cl\/noticias\/?p=22210"},"modified":"2020-04-03T13:58:49","modified_gmt":"2020-04-03T16:58:49","slug":"comunicado-de-prensa-seremi-de-salud-nuble","status":"publish","type":"post","link":"https:\/\/www.yungayino.cl\/noticias\/?p=22210","title":{"rendered":"Comunicado de Prensa Seremi de Salud \u00d1uble"},"content":{"rendered":"<p><img loading=\"lazy\" decoding=\"async\" class=\"alignnone size-full wp-image-22212\" src=\"http:\/\/www.yungayino.cl\/noticias\/wp-content\/uploads\/2020\/04\/3-abril-casos-\u00f1uble.jpg\" alt=\"\" width=\"734\" height=\"1204\" srcset=\"https:\/\/www.yungayino.cl\/noticias\/wp-content\/uploads\/2020\/04\/3-abril-casos-\u00f1uble.jpg 734w, https:\/\/www.yungayino.cl\/noticias\/wp-content\/uploads\/2020\/04\/3-abril-casos-\u00f1uble-183x300.jpg 183w, https:\/\/www.yungayino.cl\/noticias\/wp-content\/uploads\/2020\/04\/3-abril-casos-\u00f1uble-624x1024.jpg 624w, https:\/\/www.yungayino.cl\/noticias\/wp-content\/uploads\/2020\/04\/3-abril-casos-\u00f1uble-91x150.jpg 91w\" sizes=\"auto, (max-width: 734px) 100vw, 734px\" \/><\/p>\n<p>&nbsp;<\/p>\n<p>Regional, viernes 03 de abril 2020: 370 son los casos confirmados de COVI-19 en \u00d1uble. Siendo 29 los nuevos casos confirmados en la Regi\u00f3n (1 a\u00fan en estudio). Estos nuevos casos sumados a los confirmados anteriormente, nos entrega la siguiente distribuci\u00f3n comunal:<\/p>\n<p>&nbsp;<\/p>\n<table>\n<tbody>\n<tr>\n<td width=\"368\">COMUNA<\/td>\n<td width=\"368\">N\u00b0 DE CASOS<\/td>\n<\/tr>\n<tr>\n<td width=\"368\">CHILL\u00c1N<\/td>\n<td width=\"368\">240<\/td>\n<\/tr>\n<tr>\n<td width=\"368\">BULNES<\/td>\n<td width=\"368\">32<\/td>\n<\/tr>\n<tr>\n<td width=\"368\">CHILL\u00c1N VIEJO<\/td>\n<td width=\"368\">26<\/td>\n<\/tr>\n<tr>\n<td width=\"368\">QUILL\u00d3N<\/td>\n<td width=\"368\">15<\/td>\n<\/tr>\n<tr>\n<td width=\"368\">SAN CARLOS<\/td>\n<td width=\"368\">13<\/td>\n<\/tr>\n<tr>\n<td width=\"368\">YUNGAY<\/td>\n<td width=\"368\">10<\/td>\n<\/tr>\n<tr>\n<td width=\"368\">SAN FABI\u00c1N<\/td>\n<td width=\"368\">6<\/td>\n<\/tr>\n<tr>\n<td width=\"368\">PINTO<\/td>\n<td width=\"368\">6<\/td>\n<\/tr>\n<tr>\n<td width=\"368\">R\u00c1NQUIL<\/td>\n<td width=\"368\">5<\/td>\n<\/tr>\n<tr>\n<td width=\"368\">SAN NICOL\u00c1S<\/td>\n<td width=\"368\">4<\/td>\n<\/tr>\n<tr>\n<td width=\"368\">SAN IGNACIO<\/td>\n<td width=\"368\">3<\/td>\n<\/tr>\n<tr>\n<td width=\"368\">COIHUECO<\/td>\n<td width=\"368\">3<\/td>\n<\/tr>\n<tr>\n<td width=\"368\">EL CARMEN<\/td>\n<td width=\"368\">2<\/td>\n<\/tr>\n<tr>\n<td width=\"368\">COELEMU<\/td>\n<td width=\"368\">2<\/td>\n<\/tr>\n<tr>\n<td width=\"368\">CONCEPCI\u00d3N<\/td>\n<td width=\"368\">1<\/td>\n<\/tr>\n<tr>\n<td width=\"368\">SANTIAGO<\/td>\n<td width=\"368\">1<\/td>\n<\/tr>\n<tr>\n<td width=\"368\">En Evaluaci\u00f3n<\/td>\n<td width=\"368\">1<\/td>\n<\/tr>\n<tr>\n<td width=\"368\">TOTAL<\/td>\n<td width=\"368\">370<\/td>\n<\/tr>\n<\/tbody>\n<\/table>\n<p>&nbsp;<\/p>\n<p>Dentro de los casos confirmados, 29 pacientes permanecen hospitalizados. De ellos, 9 se encuentran en Unidades de Pacientes Cr\u00edticos (UCI) y 8 conectados a Ventilaci\u00f3n Mec\u00e1nica.<\/p>\n<p>(Los casos consignados como Santiago y Concepci\u00f3n, corresponden a pacientes que se realizaron el examen COVID-19 en \u00d1uble, pero tienen residencia en esas comunas).<\/p>\n<p>&nbsp;<\/p>\n<p>Fuente: Seremi de Salud \u00d1uble<\/p>\n<p>&nbsp;<\/p>\n<p><a href=\"https:\/\/cdn.digital.gob.cl\/public_files\/Campa%C3%B1as\/Corona-Virus\/Reportes\/03.04.2020_Reporte_Covid19.pdf\">https:\/\/cdn.digital.gob.cl\/public_files\/Campa%C3%B1as\/Corona-Virus\/Reportes\/03.04.2020_Reporte_Covid19.pdf<\/a><\/p>\n<p>&nbsp;<\/p>\n<p>[su_button url=\u00bbhttps:\/\/www.facebook.com\/pg\/yungayino.cl\/photos\/?tab=album&amp;album_id=3324648454216837&#8243; target=\u00bbblank\u00bb size=\u00bb7&#8243; radius=\u00bbround\u00bb icon=\u00bbicon: facebook-square\u00bb]FOTOGRAF\u00cdAS &#8211; Comunicado de Prensa Seremi de Salud \u00d1uble[\/su_button]<\/p>\n<p>&nbsp;<\/p>\n<p>&nbsp;<\/p>\n<p><iframe loading=\"lazy\" style=\"border: none; overflow: hidden;\" src=\"https:\/\/www.facebook.com\/plugins\/post.php?href=https:\/\/www.facebook.com\/yungayino.cl\/posts\/3324649020883447?__xts__%5B0%5D=68.ARDwaS5Lbw7Vv2y0n7U4l_rLipIBclA6i8yLvxVKHMX737B8-R6YPqNo5MfU0fFzP2myb79o_1l-Az6Y0iDEeaLnIjcttaJ5NQGeYWyE7kV9BYU9erXJQdrEdI-hrBcCKe4qoUy9WucAMTQkKxvp6CzqSh7yovSuBZiU6C1583ToABPmHgMmY45V_DKHTBDWi56XWdtnr1AMUSmRuLIbS9TJnoFtyCyXis-AAKvy_hTi_l2vz1FhlL2PbzTlF9_a2IPI4NR00RXB3pcRnH8TcBDDsK20-BriDgaaHG-Md-Qf7zXnu4FVGk7SEAklGoflOU0DUmaSEYEJFD1fPWSYbsIry0XqBkBE3IcAChAN_2jHQLLDyCU3uoCevPxb8LK7tEiyNRhGVDxDpUYfV5vFmBYy_a1q04gghKGFfsEq7QqSOMLKupXkUGVXGSiI5OlBh6CgmOnUrorF9xKjpWaD&amp;__tn__=-R&amp;l=a77e327dc6&amp;l=f5951f1994&amp;l=bfecbb8adf&amp;l=687b6bf5da&amp;width=500&amp;show_text=true&amp;height=691&amp;appId\" width=\"500\" height=\"715\" frameborder=\"0\" scrolling=\"no\"><\/iframe><\/p>\n<p>&nbsp;<\/p>\n","protected":false},"excerpt":{"rendered":"<p>&nbsp; Regional, viernes 03 de abril 2020: 370 son los casos confirmados de COVI-19 en \u00d1uble. Siendo 29 los nuevos casos confirmados en la Regi\u00f3n (1 a\u00fan en estudio). Estos nuevos casos sumados a&#46;&#46;&#46;<\/p>\n","protected":false},"author":2,"featured_media":22211,"comment_status":"closed","ping_status":"open","sticky":false,"template":"","format":"standard","meta":{"footnotes":""},"categories":[3,1,1675],"tags":[2183,1115,1678,65,2198,8,6,117],"class_list":["post-22210","post","type-post","status-publish","format-standard","has-post-thumbnail","hentry","category-actualidad","category-noticias","category-saludc","tag-covid-19","tag-noticias","tag-nuble","tag-salud","tag-seremi-salud-nuble","tag-yungay","tag-yungayino","tag-yungayinocl"],"_links":{"self":[{"href":"https:\/\/www.yungayino.cl\/noticias\/index.php?rest_route=\/wp\/v2\/posts\/22210","targetHints":{"allow":["GET"]}}],"collection":[{"href":"https:\/\/www.yungayino.cl\/noticias\/index.php?rest_route=\/wp\/v2\/posts"}],"about":[{"href":"https:\/\/www.yungayino.cl\/noticias\/index.php?rest_route=\/wp\/v2\/types\/post"}],"author":[{"embeddable":true,"href":"https:\/\/www.yungayino.cl\/noticias\/index.php?rest_route=\/wp\/v2\/users\/2"}],"replies":[{"embeddable":true,"href":"https:\/\/www.yungayino.cl\/noticias\/index.php?rest_route=%2Fwp%2Fv2%2Fcomments&post=22210"}],"version-history":[{"count":5,"href":"https:\/\/www.yungayino.cl\/noticias\/index.php?rest_route=\/wp\/v2\/posts\/22210\/revisions"}],"predecessor-version":[{"id":22217,"href":"https:\/\/www.yungayino.cl\/noticias\/index.php?rest_route=\/wp\/v2\/posts\/22210\/revisions\/22217"}],"wp:featuredmedia":[{"embeddable":true,"href":"https:\/\/www.yungayino.cl\/noticias\/index.php?rest_route=\/wp\/v2\/media\/22211"}],"wp:attachment":[{"href":"https:\/\/www.yungayino.cl\/noticias\/index.php?rest_route=%2Fwp%2Fv2%2Fmedia&parent=22210"}],"wp:term":[{"taxonomy":"category","embeddable":true,"href":"https:\/\/www.yungayino.cl\/noticias\/index.php?rest_route=%2Fwp%2Fv2%2Fcategories&post=22210"},{"taxonomy":"post_tag","embeddable":true,"href":"https:\/\/www.yungayino.cl\/noticias\/index.php?rest_route=%2Fwp%2Fv2%2Ftags&post=22210"}],"curies":[{"name":"wp","href":"https:\/\/api.w.org\/{rel}","templated":true}]}}