{"id":22222,"date":"2020-04-06T19:34:35","date_gmt":"2020-04-06T22:34:35","guid":{"rendered":"http:\/\/www.yungayino.cl\/noticias\/?p=22222"},"modified":"2020-04-06T19:34:35","modified_gmt":"2020-04-06T22:34:35","slug":"senador-harboe-y-alcalde-de-yungay-solicitan-hospital-de-campana-y-cuarentena-total-para-la-comuna","status":"publish","type":"post","link":"https:\/\/www.yungayino.cl\/noticias\/?p=22222","title":{"rendered":"Senador Harboe y Alcalde de Yungay solicitan hospital de campa\u00f1a y cuarentena total para la comuna"},"content":{"rendered":"<p><img loading=\"lazy\" decoding=\"async\" class=\"alignnone size-full wp-image-22223\" src=\"http:\/\/www.yungayino.cl\/noticias\/wp-content\/uploads\/2020\/04\/harboe-cifuentes.jpg\" alt=\"\" width=\"720\" height=\"340\" srcset=\"https:\/\/www.yungayino.cl\/noticias\/wp-content\/uploads\/2020\/04\/harboe-cifuentes.jpg 720w, https:\/\/www.yungayino.cl\/noticias\/wp-content\/uploads\/2020\/04\/harboe-cifuentes-300x142.jpg 300w, https:\/\/www.yungayino.cl\/noticias\/wp-content\/uploads\/2020\/04\/harboe-cifuentes-318x150.jpg 318w, https:\/\/www.yungayino.cl\/noticias\/wp-content\/uploads\/2020\/04\/harboe-cifuentes-520x245.jpg 520w\" sizes=\"auto, (max-width: 720px) 100vw, 720px\" \/><\/p>\n<p style=\"text-align: justify;\"><strong>Yungay, 06 de Abril de 2020<\/strong>; \u201cY<strong>ungay aparece como una de las comunas con mayor nivel de contagios en la regi\u00f3n de \u00d1uble, por lo tanto es muy importante, junto al alcalde Rafael Cifuentes, estamos solicitando: En primer lugar, la cuarentena en la comuna de Yungay para efectos de evitar que sigan aumentando los contagios; y en segundo lugar, es evidente que las capacidades de salud no son las suficientes para enfrentar esta pandemia en la comuna<\/strong>\u201d manifest\u00f3.<\/p>\n<p style=\"text-align: justify;\">A\u00f1adiendo el parlamentario por la regi\u00f3n de \u00d1uble, que \u201c<strong>le pedimos tambi\u00e9n al intendente Mart\u00edn Arrau y a las autoridades la posibilidad de gestionar un hospital de campa\u00f1a para estar listos frente a la situaci\u00f3n de un eventual aumento de los contagios en la comuna de Yungay<\/strong>\u201d.<\/p>\n<p>En la misma l\u00ednea, el alcalde de Yungay, Rafael Cifuentes, se\u00f1al\u00f3 que \u201c<strong>queremos reafirmar nuestra preocupaci\u00f3n por la salud de la gente de nuestra comuna. Por eso hoy volvemos a reiterar la necesidad de que se decrete cuarentena total en Yungay. La cantidad de personas confirmadas con Coronavirus ha aumentado bastante en los \u00faltimos d\u00edas y debemos resguardar a la poblaci\u00f3n<\/strong>\u201d.<\/p>\n<p style=\"text-align: justify;\">Asimismo estableci\u00f3 que \u201cadem\u00e1s, y pensando que se nos viene el invierno y las enfermedades aumentar\u00e1n, queremos reiterar que se pueda instalar un hospital de campa\u00f1a en nuestra comuna para estar preparados para esta contingencia\u201d.<\/p>\n<p>Finalmente, el parlamentario se refiri\u00f3 al compromiso de seguir trabajando unidos: \u201c<strong>Es muy importante poder trabajar todos juntos en esto y comprometer todos los apoyos para que este tipo de decisiones se puedan tomar lo antes posible y cuidar a nuestras familias de la comuna de Yungay<\/strong>\u201d.<\/p>\n<p style=\"text-align: justify;\">\n<p style=\"text-align: justify;\">\n","protected":false},"excerpt":{"rendered":"<p>Yungay, 06 de Abril de 2020; \u201cYungay aparece como una de las comunas con mayor nivel de contagios en la regi\u00f3n de \u00d1uble, por lo tanto es muy importante, junto al alcalde Rafael Cifuentes,&#46;&#46;&#46;<\/p>\n","protected":false},"author":1,"featured_media":22223,"comment_status":"closed","ping_status":"open","sticky":false,"template":"","format":"standard","meta":{"footnotes":""},"categories":[1],"tags":[2201,1958,8,6,117],"class_list":["post-22222","post","type-post","status-publish","format-standard","has-post-thumbnail","hentry","category-noticias","tag-alcalde-de-yungay","tag-felipe-harboe","tag-yungay","tag-yungayino","tag-yungayinocl"],"_links":{"self":[{"href":"https:\/\/www.yungayino.cl\/noticias\/index.php?rest_route=\/wp\/v2\/posts\/22222","targetHints":{"allow":["GET"]}}],"collection":[{"href":"https:\/\/www.yungayino.cl\/noticias\/index.php?rest_route=\/wp\/v2\/posts"}],"about":[{"href":"https:\/\/www.yungayino.cl\/noticias\/index.php?rest_route=\/wp\/v2\/types\/post"}],"author":[{"embeddable":true,"href":"https:\/\/www.yungayino.cl\/noticias\/index.php?rest_route=\/wp\/v2\/users\/1"}],"replies":[{"embeddable":true,"href":"https:\/\/www.yungayino.cl\/noticias\/index.php?rest_route=%2Fwp%2Fv2%2Fcomments&post=22222"}],"version-history":[{"count":1,"href":"https:\/\/www.yungayino.cl\/noticias\/index.php?rest_route=\/wp\/v2\/posts\/22222\/revisions"}],"predecessor-version":[{"id":22224,"href":"https:\/\/www.yungayino.cl\/noticias\/index.php?rest_route=\/wp\/v2\/posts\/22222\/revisions\/22224"}],"wp:featuredmedia":[{"embeddable":true,"href":"https:\/\/www.yungayino.cl\/noticias\/index.php?rest_route=\/wp\/v2\/media\/22223"}],"wp:attachment":[{"href":"https:\/\/www.yungayino.cl\/noticias\/index.php?rest_route=%2Fwp%2Fv2%2Fmedia&parent=22222"}],"wp:term":[{"taxonomy":"category","embeddable":true,"href":"https:\/\/www.yungayino.cl\/noticias\/index.php?rest_route=%2Fwp%2Fv2%2Fcategories&post=22222"},{"taxonomy":"post_tag","embeddable":true,"href":"https:\/\/www.yungayino.cl\/noticias\/index.php?rest_route=%2Fwp%2Fv2%2Ftags&post=22222"}],"curies":[{"name":"wp","href":"https:\/\/api.w.org\/{rel}","templated":true}]}}