{"id":22233,"date":"2020-04-07T15:29:39","date_gmt":"2020-04-07T18:29:39","guid":{"rendered":"http:\/\/www.yungayino.cl\/noticias\/?p=22233"},"modified":"2020-04-07T15:30:18","modified_gmt":"2020-04-07T18:30:18","slug":"522-son-los-casos-confirmados-de-covid-19-en-nuble","status":"publish","type":"post","link":"https:\/\/www.yungayino.cl\/noticias\/?p=22233","title":{"rendered":"522 Son Los Casos Confirmados de COVID- 19 en \u00d1uble"},"content":{"rendered":"<p><img loading=\"lazy\" decoding=\"async\" class=\"alignnone size-full wp-image-22234\" src=\"http:\/\/www.yungayino.cl\/noticias\/wp-content\/uploads\/2020\/04\/casos-covid-19-\u00f1uble-7-abril.jpg\" alt=\"\" width=\"700\" height=\"700\" srcset=\"https:\/\/www.yungayino.cl\/noticias\/wp-content\/uploads\/2020\/04\/casos-covid-19-\u00f1uble-7-abril.jpg 700w, https:\/\/www.yungayino.cl\/noticias\/wp-content\/uploads\/2020\/04\/casos-covid-19-\u00f1uble-7-abril-300x300.jpg 300w, https:\/\/www.yungayino.cl\/noticias\/wp-content\/uploads\/2020\/04\/casos-covid-19-\u00f1uble-7-abril-150x150.jpg 150w, https:\/\/www.yungayino.cl\/noticias\/wp-content\/uploads\/2020\/04\/casos-covid-19-\u00f1uble-7-abril-160x160.jpg 160w, https:\/\/www.yungayino.cl\/noticias\/wp-content\/uploads\/2020\/04\/casos-covid-19-\u00f1uble-7-abril-320x320.jpg 320w\" sizes=\"auto, (max-width: 700px) 100vw, 700px\" \/><\/p>\n<p style=\"text-align: justify;\">Regional, martes 07 de abril 2020: 48 son los nuevos casos confirmados de COVID- 19 en la regi\u00f3n (1 a\u00fan en estudio) con corte las 21:00 horas de ayer. Estos nuevos casos sumados a los confirmados anteriormente, nos entregan la siguiente distribuci\u00f3n comunal:<\/p>\n<table width=\"312\">\n<tbody>\n<tr>\n<td width=\"160\"><strong>Comuna<\/strong><\/td>\n<td width=\"151\"><strong>N\u00b0 de Casos<\/strong><\/td>\n<\/tr>\n<tr>\n<td width=\"160\"><strong>CHILL\u00c1N<\/strong><\/td>\n<td style=\"text-align: center;\" width=\"151\">305<\/td>\n<\/tr>\n<tr>\n<td width=\"160\"><strong>BULNES<\/strong><\/td>\n<td style=\"text-align: center;\" width=\"151\">43<\/td>\n<\/tr>\n<tr>\n<td width=\"160\"><strong>CHILL\u00c1N VIEJO<\/strong><\/td>\n<td style=\"text-align: center;\" width=\"151\">34<\/td>\n<\/tr>\n<tr>\n<td width=\"160\"><strong>YUNGAY<\/strong><\/td>\n<td style=\"text-align: center;\" width=\"151\">33<\/td>\n<\/tr>\n<tr>\n<td width=\"160\"><strong>SAN CARLOS<\/strong><\/td>\n<td style=\"text-align: center;\" width=\"151\">26<\/td>\n<\/tr>\n<tr>\n<td width=\"160\"><strong>QUILL\u00d3N<\/strong><\/td>\n<td style=\"text-align: center;\" width=\"151\">18<\/td>\n<\/tr>\n<tr>\n<td width=\"160\"><strong>PINTO<\/strong><\/td>\n<td style=\"text-align: center;\" width=\"151\">10<\/td>\n<\/tr>\n<tr>\n<td width=\"160\"><strong>SAN NICOL\u00c1S<\/strong><\/td>\n<td style=\"text-align: center;\" width=\"151\">10<\/td>\n<\/tr>\n<tr>\n<td width=\"160\"><strong>R\u00c1NQUIL<\/strong><\/td>\n<td style=\"text-align: center;\" width=\"151\">7<\/td>\n<\/tr>\n<tr>\n<td width=\"160\"><strong>COIHUECO<\/strong><\/td>\n<td style=\"text-align: center;\" width=\"151\">6<\/td>\n<\/tr>\n<tr>\n<td width=\"160\"><strong>SAN FABI\u00c1N<\/strong><\/td>\n<td style=\"text-align: center;\" width=\"151\">6<\/td>\n<\/tr>\n<tr>\n<td width=\"160\"><strong>SAN IGNACIO<\/strong><\/td>\n<td style=\"text-align: center;\" width=\"151\">6<\/td>\n<\/tr>\n<tr>\n<td width=\"160\"><strong>COELEMU<\/strong><\/td>\n<td style=\"text-align: center;\" width=\"151\">4<\/td>\n<\/tr>\n<tr>\n<td width=\"160\"><strong>QUIRIHUE<\/strong><\/td>\n<td style=\"text-align: center;\" width=\"151\">3<\/td>\n<\/tr>\n<tr>\n<td width=\"160\"><strong>EL CARMEN<\/strong><\/td>\n<td style=\"text-align: center;\" width=\"151\">3<\/td>\n<\/tr>\n<tr>\n<td width=\"160\"><strong>PEMUCO<\/strong><\/td>\n<td style=\"text-align: center;\" width=\"151\">3<\/td>\n<\/tr>\n<tr>\n<td width=\"160\"><strong>\u00d1IQUEN<\/strong><\/td>\n<td style=\"text-align: center;\" width=\"151\">1<\/td>\n<\/tr>\n<tr>\n<td width=\"160\"><strong>NINHUE<\/strong><\/td>\n<td style=\"text-align: center;\" width=\"151\">1<\/td>\n<\/tr>\n<tr>\n<td width=\"160\"><strong>SANTIAGO<\/strong><\/td>\n<td style=\"text-align: center;\" width=\"151\">1<\/td>\n<\/tr>\n<tr>\n<td width=\"160\"><strong>CONCEPCI\u00d3N<\/strong><\/td>\n<td style=\"text-align: center;\" width=\"151\">1<\/td>\n<\/tr>\n<tr>\n<td width=\"160\"><strong>En evaluaci\u00f3n<\/strong><\/td>\n<td style=\"text-align: center;\" width=\"151\">1<\/td>\n<\/tr>\n<tr>\n<td width=\"160\"><strong>Total<\/strong><\/td>\n<td style=\"text-align: center;\" width=\"151\"><strong>522<\/strong><\/td>\n<\/tr>\n<\/tbody>\n<\/table>\n<p style=\"text-align: justify;\">Dentro de los casos confirmados, 30 pacientes permanecen hospitalizados. De ellos, 9 se encuentran en Unidades de Pacientes Cr\u00edticos (UCI) y 8 conectados a Ventilaci\u00f3n Mec\u00e1nica.<\/p>\n<p style=\"text-align: justify;\">(Los casos consignados como Santiago y Concepci\u00f3n, corresponden a pacientes que se realizaron el examen COVID-19 en \u00a0\u00d1uble, pero tienen residencia en esas comunas).<\/p>\n<table>\n<tbody>\n<tr>\n<td width=\"118\"><strong>Fallecidos <\/strong><\/td>\n<td width=\"118\"><strong>Sexo <\/strong><\/td>\n<td width=\"118\"><strong>Edad<\/strong><\/td>\n<td width=\"118\"><strong>Lugar de deceso<\/strong><\/td>\n<td width=\"118\"><strong>Patolog\u00edas<\/strong><\/td>\n<\/tr>\n<tr>\n<td style=\"text-align: center;\" width=\"118\">1<\/td>\n<td width=\"118\">Masculino<\/td>\n<td width=\"118\">79<\/td>\n<td width=\"118\">Hospital Cl\u00ednico Herminda Martin<\/td>\n<td width=\"118\">Colangitis<\/td>\n<\/tr>\n<tr>\n<td style=\"text-align: center;\" width=\"118\">2<\/td>\n<td width=\"118\">Masculino<\/td>\n<td width=\"118\">39<\/td>\n<td width=\"118\">Hospital Cl\u00ednico Herminda Martin<\/td>\n<td width=\"118\">Otros antecedentes m\u00f3rbidos de importancia<\/td>\n<\/tr>\n<tr>\n<td style=\"text-align: center;\" width=\"118\">3<\/td>\n<td width=\"118\">Femenino<\/td>\n<td width=\"118\">81<\/td>\n<td width=\"118\">Hospital Cl\u00ednico Herminda Martin<\/td>\n<td width=\"118\">Demencia senil, Hipertensi\u00f3n arterial, diabetes.<\/td>\n<\/tr>\n<tr>\n<td style=\"text-align: center;\" width=\"118\">4<\/td>\n<td width=\"118\">Masculino<\/td>\n<td width=\"118\">68<\/td>\n<td width=\"118\">Hospital de Quirihue<\/td>\n<td width=\"118\">Da\u00f1o hep\u00e1tico cr\u00f3nico<\/td>\n<\/tr>\n<tr>\n<td style=\"text-align: center;\" width=\"118\">5<\/td>\n<td width=\"118\">Masculino<\/td>\n<td width=\"118\">88<\/td>\n<td width=\"118\">Hospital Cl\u00ednico Herminda Martin<\/td>\n<td width=\"118\">Otros antecedentes m\u00f3rbidos de importancia<\/td>\n<\/tr>\n<\/tbody>\n<\/table>\n<p style=\"text-align: justify;\"><strong>\u00a0<\/strong><\/p>\n<p style=\"text-align: justify;\"><strong>FUENTE: Seremi de Salud \u00d1uble <\/strong><\/p>\n","protected":false},"excerpt":{"rendered":"<p>Regional, martes 07 de abril 2020: 48 son los nuevos casos confirmados de COVID- 19 en la regi\u00f3n (1 a\u00fan en estudio) con corte las 21:00 horas de ayer. Estos nuevos casos sumados a&#46;&#46;&#46;<\/p>\n","protected":false},"author":2,"featured_media":22234,"comment_status":"closed","ping_status":"open","sticky":false,"template":"","format":"standard","meta":{"footnotes":""},"categories":[1,1675],"tags":[1115,1678,65,2202,8,6,117],"class_list":["post-22233","post","type-post","status-publish","format-standard","has-post-thumbnail","hentry","category-noticias","category-saludc","tag-noticias","tag-nuble","tag-salud","tag-vocid-19","tag-yungay","tag-yungayino","tag-yungayinocl"],"_links":{"self":[{"href":"https:\/\/www.yungayino.cl\/noticias\/index.php?rest_route=\/wp\/v2\/posts\/22233","targetHints":{"allow":["GET"]}}],"collection":[{"href":"https:\/\/www.yungayino.cl\/noticias\/index.php?rest_route=\/wp\/v2\/posts"}],"about":[{"href":"https:\/\/www.yungayino.cl\/noticias\/index.php?rest_route=\/wp\/v2\/types\/post"}],"author":[{"embeddable":true,"href":"https:\/\/www.yungayino.cl\/noticias\/index.php?rest_route=\/wp\/v2\/users\/2"}],"replies":[{"embeddable":true,"href":"https:\/\/www.yungayino.cl\/noticias\/index.php?rest_route=%2Fwp%2Fv2%2Fcomments&post=22233"}],"version-history":[{"count":2,"href":"https:\/\/www.yungayino.cl\/noticias\/index.php?rest_route=\/wp\/v2\/posts\/22233\/revisions"}],"predecessor-version":[{"id":22236,"href":"https:\/\/www.yungayino.cl\/noticias\/index.php?rest_route=\/wp\/v2\/posts\/22233\/revisions\/22236"}],"wp:featuredmedia":[{"embeddable":true,"href":"https:\/\/www.yungayino.cl\/noticias\/index.php?rest_route=\/wp\/v2\/media\/22234"}],"wp:attachment":[{"href":"https:\/\/www.yungayino.cl\/noticias\/index.php?rest_route=%2Fwp%2Fv2%2Fmedia&parent=22233"}],"wp:term":[{"taxonomy":"category","embeddable":true,"href":"https:\/\/www.yungayino.cl\/noticias\/index.php?rest_route=%2Fwp%2Fv2%2Fcategories&post=22233"},{"taxonomy":"post_tag","embeddable":true,"href":"https:\/\/www.yungayino.cl\/noticias\/index.php?rest_route=%2Fwp%2Fv2%2Ftags&post=22233"}],"curies":[{"name":"wp","href":"https:\/\/api.w.org\/{rel}","templated":true}]}}