{"id":22249,"date":"2020-04-15T19:00:06","date_gmt":"2020-04-15T22:00:06","guid":{"rendered":"http:\/\/www.yungayino.cl\/noticias\/?p=22249"},"modified":"2020-04-15T19:11:37","modified_gmt":"2020-04-15T22:11:37","slug":"concejo-municipal-de-yungay-aprueba-ordenanza-municipal-de-prevencion-uso-de-mascarilla-y-distanciamiento-social-debido-a-emergencia-sanitaria-por-pandemia","status":"publish","type":"post","link":"https:\/\/www.yungayino.cl\/noticias\/?p=22249","title":{"rendered":"Concejo Municipal de Yungay Aprueba \u201cOrdenanza Municipal de Prevenci\u00f3n, Uso de Mascarilla y Distanciamiento Social Debido a Emergencia Sanitaria por Pandemia\u201d"},"content":{"rendered":"<p><img loading=\"lazy\" decoding=\"async\" class=\"alignnone size-full wp-image-22250\" src=\"http:\/\/www.yungayino.cl\/noticias\/wp-content\/uploads\/2020\/04\/14-abril-ordenanza-municipal.png\" alt=\"\" width=\"700\" height=\"700\" srcset=\"https:\/\/www.yungayino.cl\/noticias\/wp-content\/uploads\/2020\/04\/14-abril-ordenanza-municipal.png 700w, https:\/\/www.yungayino.cl\/noticias\/wp-content\/uploads\/2020\/04\/14-abril-ordenanza-municipal-300x300.png 300w, https:\/\/www.yungayino.cl\/noticias\/wp-content\/uploads\/2020\/04\/14-abril-ordenanza-municipal-150x150.png 150w, https:\/\/www.yungayino.cl\/noticias\/wp-content\/uploads\/2020\/04\/14-abril-ordenanza-municipal-160x160.png 160w, https:\/\/www.yungayino.cl\/noticias\/wp-content\/uploads\/2020\/04\/14-abril-ordenanza-municipal-320x320.png 320w\" sizes=\"auto, (max-width: 700px) 100vw, 700px\" \/><\/p>\n<p style=\"text-align: justify;\">Yungay, martes 14 de abril 2020: Por propuesta del alcalde de la comuna, concejo municipal de Yungay aprob\u00f3 una nueva ordenanza municipal que apunta a la prevenci\u00f3n del contagio del coronavirus, estableciendo la obligatoriedad del uso de mascarillas y buscando el distanciamiento social, frente a la emergencia sanitaria que hoy vive el pa\u00eds, y en particular la comuna.<\/p>\n<p style=\"text-align: justify;\">En el art\u00edculo 3\u00b0 de la ordenanza municipal se establece \u201cSe podr\u00e1 usar todo tipo de mascarillas disponibles en el comercio y\/o de confecci\u00f3n manual, cualquiera sea su materialidad, mientras cumplan con los requisitos que indica la autoridad sanitaria y que permita cubrir las v\u00edas respiratorias\u201d.<\/p>\n<p>&nbsp;<\/p>\n<p><iframe loading=\"lazy\" style=\"border: none; overflow: hidden;\" src=\"https:\/\/www.facebook.com\/plugins\/post.php?href=https:\/\/www.facebook.com\/yungayino.cl\/posts\/3354034184611597?__xts__%5B0%5D=68.ARBwvC28SVP-c_9X8_2NoUm9kij4I-fgQuzLrVlFRyJq49qvaYvXV836J5Gikkv8NmrfpYVPRP5W3Ux-mNWAaIJXZ40w2k7lcG87eQKlgzh7Wlz6JbtEVmVWsifwvAwyw5gz1V_sUSpCirwtY7MK8U4TQQTk31cwEdtAMYCnoj4KCu4jrVxF8leuPnhRSc82h47CTA4q-aquixmhNcgNkTwV4XWOxYCVz-6idRBvCAbLc6d0CqEqumM7pohlv9TtWZwyNgM90LjoJGEjpMG0iLYKxV4dMpLXn6rj867-jX3aDbZuwDgB5nBcA-KSi8G7pqkNtZdJDTjrUHs6qwnTYa0xWr3EHUed8eTpH6eLeZUIE6BEJvFbDVfEHi6Kfab2R_Y6bP6UwgjnhCvYoVP32BTYj9IWa2rGYP6GiT5-m1tM6ZYBBsbSmYY_-10ZlQY8Vs3ekXK2fD0mQKTxM6CX&amp;__tn__=-R&amp;l=a77e327dc6&amp;l=f5951f1994&amp;l=bfecbb8adf&amp;l=687b6bf5da&amp;width=500&amp;show_text=true&amp;height=691&amp;appId\" width=\"500\" height=\"715\" frameborder=\"0\" scrolling=\"no\"><\/iframe><\/p>\n<p>&nbsp;<\/p>\n<p>&nbsp;<\/p>\n<p style=\"text-align: justify;\">Adem\u00e1s, en su art\u00edculo 7\u00ba, se manifiesta \u201cEn las calles, veredas y espacios p\u00fablicos, todas las personas que circulen estar\u00e1n obligadas a mantener la distancia establecida\u201d la cual se establece sobre los 2 metros entre persona y persona, especialmente en espacios p\u00fablicos o filas de servicios.<\/p>\n<p style=\"text-align: justify;\">Y por \u00faltimo, en el art\u00edculo 11\u00b0 se deja en claro que \u201cLa infracci\u00f3n por el NO uso de mascarillas ser\u00e1 con una multa a beneficio municipal de 1,5 a 5 UTM, y de 1 a 5 UTM respecto del distanciamiento social, en ambos casos, las medidas ser\u00e1n determinadas por el Juzgado de Polic\u00eda Local. La reincidencia podr\u00e1 ser sancionada con el doble de la multa dispuesta\u201d.<\/p>\n<p style=\"text-align: justify;\">Es importante destacar que para la presente Ordenanza Municipal se establecer\u00e1 una marcha blanca a contar de este d\u00eda mi\u00e9rcoles 15 de abril y hasta el domingo 19 del presente mes, para que empiece su vigencia a contar del d\u00eda <strong>LUNES 20 DE ABRIL DE 2020.<\/strong><\/p>\n<p style=\"text-align: justify;\">Para el alcalde de la comuna es importante \u201cque el concejo haya aprobado esta ordenanza municipal, porque es una nueva medida que se suma a todo lo que hemos podido hacer como municipio y que est\u00e1 a nuestro alcance\u201d.<\/p>\n<p>&nbsp;<\/p>\n<p>[su_button url=\u00bbhttps:\/\/www.facebook.com\/pg\/yungayino.cl\/photos\/?tab=album&amp;album_id=3354033661278316&#8243; target=\u00bbblank\u00bb size=\u00bb7&#8243; radius=\u00bbround\u00bb icon=\u00bbicon: facebook-square\u00bb]FOTOGRAF\u00cdAS &#8211; Concejo Municipal de Yungay Aprueba \u201cOrdenanza Municipal de Prevenci\u00f3n, Uso de Mascarilla y Distanciamiento Social Debido a Emergencia Sanitaria por Pandemia\u201d[\/su_button]<\/p>\n","protected":false},"excerpt":{"rendered":"<p>Yungay, martes 14 de abril 2020: Por propuesta del alcalde de la comuna, concejo municipal de Yungay aprob\u00f3 una nueva ordenanza municipal que apunta a la prevenci\u00f3n del contagio del coronavirus, estableciendo la obligatoriedad&#46;&#46;&#46;<\/p>\n","protected":false},"author":2,"featured_media":22250,"comment_status":"closed","ping_status":"open","sticky":false,"template":"","format":"standard","meta":{"footnotes":""},"categories":[3,1,1675],"tags":[2183,2205,1115,2206,2204,8,6,117],"class_list":["post-22249","post","type-post","status-publish","format-standard","has-post-thumbnail","hentry","category-actualidad","category-noticias","category-saludc","tag-covid-19","tag-distanciamiento-social","tag-noticias","tag-ordenanza-municipal","tag-uso-mascarilla","tag-yungay","tag-yungayino","tag-yungayinocl"],"_links":{"self":[{"href":"https:\/\/www.yungayino.cl\/noticias\/index.php?rest_route=\/wp\/v2\/posts\/22249","targetHints":{"allow":["GET"]}}],"collection":[{"href":"https:\/\/www.yungayino.cl\/noticias\/index.php?rest_route=\/wp\/v2\/posts"}],"about":[{"href":"https:\/\/www.yungayino.cl\/noticias\/index.php?rest_route=\/wp\/v2\/types\/post"}],"author":[{"embeddable":true,"href":"https:\/\/www.yungayino.cl\/noticias\/index.php?rest_route=\/wp\/v2\/users\/2"}],"replies":[{"embeddable":true,"href":"https:\/\/www.yungayino.cl\/noticias\/index.php?rest_route=%2Fwp%2Fv2%2Fcomments&post=22249"}],"version-history":[{"count":4,"href":"https:\/\/www.yungayino.cl\/noticias\/index.php?rest_route=\/wp\/v2\/posts\/22249\/revisions"}],"predecessor-version":[{"id":22259,"href":"https:\/\/www.yungayino.cl\/noticias\/index.php?rest_route=\/wp\/v2\/posts\/22249\/revisions\/22259"}],"wp:featuredmedia":[{"embeddable":true,"href":"https:\/\/www.yungayino.cl\/noticias\/index.php?rest_route=\/wp\/v2\/media\/22250"}],"wp:attachment":[{"href":"https:\/\/www.yungayino.cl\/noticias\/index.php?rest_route=%2Fwp%2Fv2%2Fmedia&parent=22249"}],"wp:term":[{"taxonomy":"category","embeddable":true,"href":"https:\/\/www.yungayino.cl\/noticias\/index.php?rest_route=%2Fwp%2Fv2%2Fcategories&post=22249"},{"taxonomy":"post_tag","embeddable":true,"href":"https:\/\/www.yungayino.cl\/noticias\/index.php?rest_route=%2Fwp%2Fv2%2Ftags&post=22249"}],"curies":[{"name":"wp","href":"https:\/\/api.w.org\/{rel}","templated":true}]}}