{"id":22266,"date":"2020-04-16T19:00:06","date_gmt":"2020-04-16T22:00:06","guid":{"rendered":"http:\/\/www.yungayino.cl\/noticias\/?p=22266"},"modified":"2020-04-16T19:44:38","modified_gmt":"2020-04-16T22:44:38","slug":"concejales-patricia-moncada-y-ricardo-ramos-donan-tunel-sanitizador-para-la-comuna-de-yungay","status":"publish","type":"post","link":"https:\/\/www.yungayino.cl\/noticias\/?p=22266","title":{"rendered":"Concejales Patricia Moncada y Ricardo Ramos Donan \u201cT\u00daNEL SANITIZADOR\u201d Para la Comuna de Yungay"},"content":{"rendered":"<p><img loading=\"lazy\" decoding=\"async\" class=\"alignnone size-full wp-image-22267\" src=\"http:\/\/www.yungayino.cl\/noticias\/wp-content\/uploads\/2020\/04\/portada-3.jpg\" alt=\"\" width=\"700\" height=\"350\" srcset=\"https:\/\/www.yungayino.cl\/noticias\/wp-content\/uploads\/2020\/04\/portada-3.jpg 700w, https:\/\/www.yungayino.cl\/noticias\/wp-content\/uploads\/2020\/04\/portada-3-300x150.jpg 300w\" sizes=\"auto, (max-width: 700px) 100vw, 700px\" \/><\/p>\n<p style=\"text-align: justify;\">Yungay, jueves 16 de abril 2020: Como una forma de seguir colaborando con las medidas implementadas por la comuna para la prevenci\u00f3n del contagio de CORONAVIRUS, los concejales Patricia Moncada Morales y Ricardo Ramos Mart\u00ednez, donaron un t\u00fanel sanitizador a la municipalidad de Yungay, el cual qued\u00f3 instalado, y funcionando, en la Plaza de la comuna, espec\u00edficamente en la intersecci\u00f3n de calle Chorrillos con Esmeralda.<\/p>\n<p style=\"text-align: justify;\"><iframe loading=\"lazy\" style=\"border: none; overflow: hidden;\" src=\"https:\/\/www.facebook.com\/plugins\/post.php?href=https:\/\/www.facebook.com\/yungayino.cl\/posts\/3356620061019676?__xts__%5B0%5D=68.ARBFJ9DXnoxOMRFbAEZJCfOSizmy1tiMUWnsuOzEMILBuDEK71GF_CVKrxk53Bt5aYmkfyDoo71HD7i6KLhu-BWSAXvfObxf_HIGCqJnkccbFU_aI8g4vPpr3cZ2k85IEbUaF_gw6zjHPWTGeekM9LmDRVbwHdHIrzbHJtMWCoi3rhqMvvY2ZlKx3C9HYPOrvGtp5jX-AvF0rvloKtPuaYn4Zk0TVNAVy-TezGfGDeZCYZ-twtmEQ_Q60lGMFxtZ3-gOpiY6a0QWifsJ7CHWWZiTZn0y1mSvV2TIjqnYDK0tp8HAM0wAJHEv5Lo6ho8uWlPylzf_DTwYw5Q6-SzImkr2_kB3dQWA5suOVNaHmdOVxfugq6uaBdrnooOyNDImNBVF6KCVC0vhyRp9ILT0PfTQkmD8SHXc5OOPub7nNpYdEe89WFxl4bA8iZzVIxbnuntxtm-ULALbJR98uivc&amp;__tn__=-R&amp;l=a77e327dc6&amp;l=f5951f1994&amp;l=bfecbb8adf&amp;l=687b6bf5da&amp;width=500&amp;show_text=true&amp;height=691&amp;appId\" width=\"500\" height=\"715\" frameborder=\"0\" scrolling=\"no\"><\/iframe><\/p>\n<p style=\"text-align: justify;\">El alcalde de la comuna manifest\u00f3 que \u201cagradezco a los concejales Ramos y Moncada la entrega de este t\u00fanel para Yungay, eso refleja su inter\u00e9s de colaborar con las medidas que hemos implementado como municipio\u201d.<\/p>\n<p style=\"text-align: justify;\">De igual forma la concejala Patricia Moncada expreso que \u201chemos tomado esta iniciativa junto con el concejal Ramos para ponerla a disposici\u00f3n de la gente de mi comuna, ese ha sido siempre mi compromiso como concejala\u201d.<\/p>\n<p style=\"text-align: justify;\">El concejal Ricardo Ramos se mostr\u00f3 optimista respecto del buen uso de este servicio \u201clo hemos hecho porque nos interesa la integridad de la persona y sin duda ser\u00e1 un aporte a las medidas que el propio municipio ha implementado y como concejales no pod\u00edamos quedarnos sin hacer nuestra colaboraci\u00f3n\u201d.<\/p>\n<p style=\"text-align: justify;\">En t\u00fanel fue elaborado por el empresario local Sergio Herrera, generando todas las medidas de seguridad establecidas por la autoridad sanitaria.<\/p>\n<p style=\"text-align: justify;\">[su_button url=\u00bbhttps:\/\/www.facebook.com\/pg\/yungayino.cl\/photos\/?tab=album&amp;album_id=3356612417687107&#8243; target=\u00bbblank\u00bb size=\u00bb7&#8243; radius=\u00bbround\u00bb icon=\u00bbicon: facebook-square\u00bb]FOTOGRAF\u00cdAS &#8211; Concejales Patricia Moncada y Ricardo Ramos Donan \u201cT\u00daNEL SANITIZADOR\u201d Para la Comuna de Yungay[\/su_button]<\/p>\n","protected":false},"excerpt":{"rendered":"<p>Yungay, jueves 16 de abril 2020: Como una forma de seguir colaborando con las medidas implementadas por la comuna para la prevenci\u00f3n del contagio de CORONAVIRUS, los concejales Patricia Moncada Morales y Ricardo Ramos&#46;&#46;&#46;<\/p>\n","protected":false},"author":2,"featured_media":22267,"comment_status":"closed","ping_status":"open","sticky":false,"template":"","format":"standard","meta":{"footnotes":""},"categories":[1,32],"tags":[2183,1115,1462,1463,2208,8,6,117],"class_list":["post-22266","post","type-post","status-publish","format-standard","has-post-thumbnail","hentry","category-noticias","category-servicios","tag-covid-19","tag-noticias","tag-patricia-moncada","tag-ricardo-ramos","tag-tunel-sanitizador","tag-yungay","tag-yungayino","tag-yungayinocl"],"_links":{"self":[{"href":"https:\/\/www.yungayino.cl\/noticias\/index.php?rest_route=\/wp\/v2\/posts\/22266","targetHints":{"allow":["GET"]}}],"collection":[{"href":"https:\/\/www.yungayino.cl\/noticias\/index.php?rest_route=\/wp\/v2\/posts"}],"about":[{"href":"https:\/\/www.yungayino.cl\/noticias\/index.php?rest_route=\/wp\/v2\/types\/post"}],"author":[{"embeddable":true,"href":"https:\/\/www.yungayino.cl\/noticias\/index.php?rest_route=\/wp\/v2\/users\/2"}],"replies":[{"embeddable":true,"href":"https:\/\/www.yungayino.cl\/noticias\/index.php?rest_route=%2Fwp%2Fv2%2Fcomments&post=22266"}],"version-history":[{"count":3,"href":"https:\/\/www.yungayino.cl\/noticias\/index.php?rest_route=\/wp\/v2\/posts\/22266\/revisions"}],"predecessor-version":[{"id":22270,"href":"https:\/\/www.yungayino.cl\/noticias\/index.php?rest_route=\/wp\/v2\/posts\/22266\/revisions\/22270"}],"wp:featuredmedia":[{"embeddable":true,"href":"https:\/\/www.yungayino.cl\/noticias\/index.php?rest_route=\/wp\/v2\/media\/22267"}],"wp:attachment":[{"href":"https:\/\/www.yungayino.cl\/noticias\/index.php?rest_route=%2Fwp%2Fv2%2Fmedia&parent=22266"}],"wp:term":[{"taxonomy":"category","embeddable":true,"href":"https:\/\/www.yungayino.cl\/noticias\/index.php?rest_route=%2Fwp%2Fv2%2Fcategories&post=22266"},{"taxonomy":"post_tag","embeddable":true,"href":"https:\/\/www.yungayino.cl\/noticias\/index.php?rest_route=%2Fwp%2Fv2%2Ftags&post=22266"}],"curies":[{"name":"wp","href":"https:\/\/api.w.org\/{rel}","templated":true}]}}