{"id":22271,"date":"2020-04-17T08:00:55","date_gmt":"2020-04-17T11:00:55","guid":{"rendered":"http:\/\/www.yungayino.cl\/noticias\/?p=22271"},"modified":"2020-04-16T19:54:45","modified_gmt":"2020-04-16T22:54:45","slug":"nuble-cuenta-con-una-nueva-base-samu-para-atender-durante-la-pandemia","status":"publish","type":"post","link":"https:\/\/www.yungayino.cl\/noticias\/?p=22271","title":{"rendered":"\u00d1uble Cuenta Con Una Nueva Base SAMU Para Atender Durante La Pandemia"},"content":{"rendered":"<p><img loading=\"lazy\" decoding=\"async\" class=\"alignnone size-full wp-image-22272\" src=\"http:\/\/www.yungayino.cl\/noticias\/wp-content\/uploads\/2020\/04\/PORTADA-4.jpg\" alt=\"\" width=\"700\" height=\"351\" srcset=\"https:\/\/www.yungayino.cl\/noticias\/wp-content\/uploads\/2020\/04\/PORTADA-4.jpg 700w, https:\/\/www.yungayino.cl\/noticias\/wp-content\/uploads\/2020\/04\/PORTADA-4-300x150.jpg 300w, https:\/\/www.yungayino.cl\/noticias\/wp-content\/uploads\/2020\/04\/PORTADA-4-299x150.jpg 299w\" sizes=\"auto, (max-width: 700px) 100vw, 700px\" \/><\/p>\n<p style=\"text-align: justify;\">Chill\u00e1n, viernes 17 de abril 2020: La estrategia forma parte del plan de acci\u00f3n contra el COVID 19 del Servicio de Salud \u00d1uble y busca fortalecer la atenci\u00f3n prehospitalaria y reducir los tiempos de respuesta ante situaciones de urgencia para los vecinos de Chill\u00e1n y Chill\u00e1n Viejo.<\/p>\n<p style=\"text-align: justify;\">Mejorar los tiempos de respuesta ante una emergencia, robustecer las prestaciones prehospitalarias y contar con m\u00e1s espacios para resguardar la salud del personal sanitario, son parte de los objetivos que se busca alcanzar con la instalaci\u00f3n de una nueva Base del Servicio de Atenci\u00f3n M\u00e9dica de Urgencia (SAMU).<\/p>\n<p style=\"text-align: justify;\">El dispositivo est\u00e1 ubicado en las dependencias del Centro Diurno Referencial del Servicio Nacional del Adulto Mayor (SENAMA), ubicado en el l\u00edmite de las comunas de Chill\u00e1n y Chill\u00e1n Viejo.<\/p>\n<p style=\"text-align: justify;\">La estrategia se enmarca en el Plan de Acci\u00f3n contra el Covid 19, as\u00ed lo explic\u00f3 la Directora (s) del Servicio de Salud \u00d1uble (SS\u00d1), Elizabeth Abarca Trivi\u00f1o, quien valor\u00f3 \u201cla colaboraci\u00f3n entre la instituci\u00f3n y el SENAMA que permiti\u00f3 contar con estas dependencias de manera gratuita, todo esto, para mejorar las prestaciones a las usuarias y usuarios de \u00d1uble\u201d.<\/p>\n<p style=\"text-align: justify;\">\u201cEl nuevo dispositivo contar\u00e1 con cuatro m\u00f3viles, todos ellos, dotados con equipamiento para brindar una atenci\u00f3n de calidad a los usuarios en momentos de urgencia y realizar reanimaciones en caso de ser necesario.\u00a0 Una de estas ambulancias, es de tipo avanzada, que posibilita el transporte de pacientes de mayor gravedad, para ello, incluso cuenta con ventilaci\u00f3n mec\u00e1nica\u201d, a\u00f1adi\u00f3 la profesional.<\/p>\n<p style=\"text-align: justify;\">En la nueva base trabajar\u00e1n enfermeros\/as; t\u00e9cnicos enfermer\u00eda; conductores y un administrativo, en sistema de turno que asegura el funcionamiento del recinto, as\u00ed lo detall\u00f3 el doctor Igor Gebauer Pe\u00f1a, Subdirector de Gesti\u00f3n Asistencial del SS\u00d1.<\/p>\n<p style=\"text-align: justify;\">El facultativo expres\u00f3 que \u201cjunto al moderno equipamiento que tiene cada uno de los m\u00f3viles, los equipos tambi\u00e9n cuentan con los protocolos cl\u00ednicos y los elementos de protecci\u00f3n personal en el caso de posibles traslados de pacientes contagiados con Covid 19\u201d.<\/p>\n<p style=\"text-align: justify;\">Esta nueva instalaci\u00f3n, se suma a las otras seis bases SAMU ubicadas en Chill\u00e1n, San Carlos, El Carmen, Yungay, Quirihue y Coelemu.<\/p>\n<p style=\"text-align: justify;\">\n","protected":false},"excerpt":{"rendered":"<p>Chill\u00e1n, viernes 17 de abril 2020: La estrategia forma parte del plan de acci\u00f3n contra el COVID 19 del Servicio de Salud \u00d1uble y busca fortalecer la atenci\u00f3n prehospitalaria y reducir los tiempos de&#46;&#46;&#46;<\/p>\n","protected":false},"author":2,"featured_media":22272,"comment_status":"closed","ping_status":"open","sticky":false,"template":"","format":"standard","meta":{"footnotes":""},"categories":[1,1675],"tags":[2209,728,2183,1115,1678,8,6,117],"class_list":["post-22271","post","type-post","status-publish","format-standard","has-post-thumbnail","hentry","category-noticias","category-saludc","tag-base-samu","tag-chillan","tag-covid-19","tag-noticias","tag-nuble","tag-yungay","tag-yungayino","tag-yungayinocl"],"_links":{"self":[{"href":"https:\/\/www.yungayino.cl\/noticias\/index.php?rest_route=\/wp\/v2\/posts\/22271","targetHints":{"allow":["GET"]}}],"collection":[{"href":"https:\/\/www.yungayino.cl\/noticias\/index.php?rest_route=\/wp\/v2\/posts"}],"about":[{"href":"https:\/\/www.yungayino.cl\/noticias\/index.php?rest_route=\/wp\/v2\/types\/post"}],"author":[{"embeddable":true,"href":"https:\/\/www.yungayino.cl\/noticias\/index.php?rest_route=\/wp\/v2\/users\/2"}],"replies":[{"embeddable":true,"href":"https:\/\/www.yungayino.cl\/noticias\/index.php?rest_route=%2Fwp%2Fv2%2Fcomments&post=22271"}],"version-history":[{"count":2,"href":"https:\/\/www.yungayino.cl\/noticias\/index.php?rest_route=\/wp\/v2\/posts\/22271\/revisions"}],"predecessor-version":[{"id":22274,"href":"https:\/\/www.yungayino.cl\/noticias\/index.php?rest_route=\/wp\/v2\/posts\/22271\/revisions\/22274"}],"wp:featuredmedia":[{"embeddable":true,"href":"https:\/\/www.yungayino.cl\/noticias\/index.php?rest_route=\/wp\/v2\/media\/22272"}],"wp:attachment":[{"href":"https:\/\/www.yungayino.cl\/noticias\/index.php?rest_route=%2Fwp%2Fv2%2Fmedia&parent=22271"}],"wp:term":[{"taxonomy":"category","embeddable":true,"href":"https:\/\/www.yungayino.cl\/noticias\/index.php?rest_route=%2Fwp%2Fv2%2Fcategories&post=22271"},{"taxonomy":"post_tag","embeddable":true,"href":"https:\/\/www.yungayino.cl\/noticias\/index.php?rest_route=%2Fwp%2Fv2%2Ftags&post=22271"}],"curies":[{"name":"wp","href":"https:\/\/api.w.org\/{rel}","templated":true}]}}