{"id":22337,"date":"2020-04-28T15:00:31","date_gmt":"2020-04-28T18:00:31","guid":{"rendered":"http:\/\/www.yungayino.cl\/noticias\/?p=22337"},"modified":"2020-04-28T15:26:44","modified_gmt":"2020-04-28T18:26:44","slug":"mineduc-lanza-aprendotv-bloque-educativo-sera-emitido-en-todo-el-pais","status":"publish","type":"post","link":"https:\/\/www.yungayino.cl\/noticias\/?p=22337","title":{"rendered":"Mineduc Lanza AprendoTV: Bloque Educativo Ser\u00e1 Emitido en Todo el Pa\u00eds"},"content":{"rendered":"<p><img loading=\"lazy\" decoding=\"async\" class=\"alignnone size-full wp-image-22338\" src=\"http:\/\/www.yungayino.cl\/noticias\/wp-content\/uploads\/2020\/04\/portada-8.jpg\" alt=\"\" width=\"700\" height=\"350\" srcset=\"https:\/\/www.yungayino.cl\/noticias\/wp-content\/uploads\/2020\/04\/portada-8.jpg 700w, https:\/\/www.yungayino.cl\/noticias\/wp-content\/uploads\/2020\/04\/portada-8-300x150.jpg 300w\" sizes=\"auto, (max-width: 700px) 100vw, 700px\" \/><\/p>\n<p style=\"text-align: justify;\">Nacional, abril 2020: Est\u00e1n dirigidas al desarrollo de contenidos priorizados de la malla curricular para estudiantes de 1\u00b0 a 4\u00b0 b\u00e1sico y abordar\u00e1n las asignaturas de Lenguaje, Matem\u00e1tica, Historia y Ciencias.<\/p>\n<p style=\"text-align: justify;\">Desde ayer lunes 27 de abril, los estudiantes podr\u00e1n disfrutar en la nueva se\u00f1al educativa, TV EducaChile, de las c\u00e1psulas originales con foco educativo del Ministerio de Educaci\u00f3n y producidas por TVN.<\/p>\n<p style=\"text-align: justify;\">Entre ocho y 16 segmentos semanales se emitir\u00e1n en el espacio llamado AprendoTV del Mineduc que desarrollar\u00e1 asignaturas de primero a cuarto b\u00e1sico durante toda la semana. Cada d\u00eda estar\u00e1 enfocado en un curso en particular. El lunes ser\u00e1 dedicado a materias de primero b\u00e1sico, martes a segundo b\u00e1sico, mi\u00e9rcoles a tercero b\u00e1sico y jueves a cuarto b\u00e1sico. Los d\u00edas viernes se realizar\u00e1n repeticiones de todos los episodios.<\/p>\n<p style=\"text-align: justify;\">\u201cEl objetivo de esta iniciativa impulsada por el Ministerio de Educaci\u00f3n es que ni\u00f1os y ni\u00f1as, de 1ro a 4to b\u00e1sico, puedan acceder a contenidos priorizados de la malla curricular y que justamente son m\u00e1s dif\u00edciles de reforzar en v\u00eda remota. El foco estar\u00e1 puesto en Lenguaje, Matem\u00e1tica, Historia y Ciencias a trav\u00e9s de c\u00e1psulas especialmente realizadas para esta plataforma\u201d, se\u00f1al\u00f3 el Seremi de Educaci\u00f3n Daniel San Mart\u00edn.<\/p>\n<p style=\"text-align: justify;\">El bloque de AprendoTV se transmitir\u00e1 a las 11:00 am y 17:00 horas y tendr\u00e1n una duraci\u00f3n aproximada entre siete y diez minutos cada una. Tambi\u00e9n contar\u00e1n con lenguaje inclusivo: de se\u00f1as y Close caption.<\/p>\n<p style=\"text-align: justify;\">En la regi\u00f3n de \u00d1uble ser\u00e1 transmitido en la se\u00f1al digital de Canal 13 en televisi\u00f3n abierta, correspondiente al Canal 13.2 y a trav\u00e9s de los Teleoperadores; Telsur en el Canal 815, Claro Chile los canales 147 y 516, Direct TV en el canal 147, Entel en el Canal 116, VTR en los canales 113 y 721 y Movistar en el Canal 818.<\/p>\n<p style=\"text-align: justify;\">El espacio AprendoTV comenzar\u00e1 sus emisiones con dos episodios, uno de ellos centrado en la asignatura de Lenguaje, espec\u00edficamente en la segmentaci\u00f3n fon\u00e9mica y ser\u00e1 conducido por una profesora de la asignatura de educaci\u00f3n b\u00e1sica. Por su parte, en Matem\u00e1tica, el primer cap\u00edtulo abordar\u00e1 la representaci\u00f3n y escritura de n\u00fameros del 1 al 5, con objetos y material multibase. Tambi\u00e9n ser\u00e1 conducido por una profesora de educaci\u00f3n b\u00e1sica para esta asignatura.<\/p>\n<p style=\"text-align: justify;\">Cabe destacar que la implementaci\u00f3n de esta se\u00f1al depende directamente de los canales de televisi\u00f3n. Por su parte, el ministerio de Educaci\u00f3n, adem\u00e1s de generar el espacio AprendoTV, vela por la pertinencia de todo el material que se emite en TV EducaChile.<\/p>\n","protected":false},"excerpt":{"rendered":"<p>Nacional, abril 2020: Est\u00e1n dirigidas al desarrollo de contenidos priorizados de la malla curricular para estudiantes de 1\u00b0 a 4\u00b0 b\u00e1sico y abordar\u00e1n las asignaturas de Lenguaje, Matem\u00e1tica, Historia y Ciencias. Desde ayer lunes&#46;&#46;&#46;<\/p>\n","protected":false},"author":2,"featured_media":22338,"comment_status":"closed","ping_status":"open","sticky":false,"template":"","format":"standard","meta":{"footnotes":""},"categories":[1493,1],"tags":[2214,2213,366,1599,1115,8,6,117],"class_list":["post-22337","post","type-post","status-publish","format-standard","has-post-thumbnail","hentry","category-educacion","category-noticias","tag-aprendotv","tag-educachile","tag-educacion","tag-mineduc","tag-noticias","tag-yungay","tag-yungayino","tag-yungayinocl"],"_links":{"self":[{"href":"https:\/\/www.yungayino.cl\/noticias\/index.php?rest_route=\/wp\/v2\/posts\/22337","targetHints":{"allow":["GET"]}}],"collection":[{"href":"https:\/\/www.yungayino.cl\/noticias\/index.php?rest_route=\/wp\/v2\/posts"}],"about":[{"href":"https:\/\/www.yungayino.cl\/noticias\/index.php?rest_route=\/wp\/v2\/types\/post"}],"author":[{"embeddable":true,"href":"https:\/\/www.yungayino.cl\/noticias\/index.php?rest_route=\/wp\/v2\/users\/2"}],"replies":[{"embeddable":true,"href":"https:\/\/www.yungayino.cl\/noticias\/index.php?rest_route=%2Fwp%2Fv2%2Fcomments&post=22337"}],"version-history":[{"count":1,"href":"https:\/\/www.yungayino.cl\/noticias\/index.php?rest_route=\/wp\/v2\/posts\/22337\/revisions"}],"predecessor-version":[{"id":22339,"href":"https:\/\/www.yungayino.cl\/noticias\/index.php?rest_route=\/wp\/v2\/posts\/22337\/revisions\/22339"}],"wp:featuredmedia":[{"embeddable":true,"href":"https:\/\/www.yungayino.cl\/noticias\/index.php?rest_route=\/wp\/v2\/media\/22338"}],"wp:attachment":[{"href":"https:\/\/www.yungayino.cl\/noticias\/index.php?rest_route=%2Fwp%2Fv2%2Fmedia&parent=22337"}],"wp:term":[{"taxonomy":"category","embeddable":true,"href":"https:\/\/www.yungayino.cl\/noticias\/index.php?rest_route=%2Fwp%2Fv2%2Fcategories&post=22337"},{"taxonomy":"post_tag","embeddable":true,"href":"https:\/\/www.yungayino.cl\/noticias\/index.php?rest_route=%2Fwp%2Fv2%2Ftags&post=22337"}],"curies":[{"name":"wp","href":"https:\/\/api.w.org\/{rel}","templated":true}]}}