{"id":22343,"date":"2020-04-30T18:00:42","date_gmt":"2020-04-30T21:00:42","guid":{"rendered":"http:\/\/www.yungayino.cl\/noticias\/?p=22343"},"modified":"2020-04-30T18:39:35","modified_gmt":"2020-04-30T21:39:35","slug":"hoy-comienza-plan-de-control-para-el-fin-de-semana-largo","status":"publish","type":"post","link":"https:\/\/www.yungayino.cl\/noticias\/?p=22343","title":{"rendered":"Hoy Comienza Plan de Control Para el Fin de Semana Largo"},"content":{"rendered":"<p><img loading=\"lazy\" decoding=\"async\" class=\"alignnone size-full wp-image-22344\" src=\"http:\/\/www.yungayino.cl\/noticias\/wp-content\/uploads\/2020\/04\/portada-2-1.jpg\" alt=\"\" width=\"700\" height=\"400\" srcset=\"https:\/\/www.yungayino.cl\/noticias\/wp-content\/uploads\/2020\/04\/portada-2-1.jpg 700w, https:\/\/www.yungayino.cl\/noticias\/wp-content\/uploads\/2020\/04\/portada-2-1-300x171.jpg 300w, https:\/\/www.yungayino.cl\/noticias\/wp-content\/uploads\/2020\/04\/portada-2-1-263x150.jpg 263w\" sizes=\"auto, (max-width: 700px) 100vw, 700px\" \/><\/p>\n<p style=\"text-align: justify;\">Regional, Abril 2020: Ad portas de un nuevo fin de semana largo, las autoridades anunciaron un nuevo plan, con el fin de restringir la movilidad en la regi\u00f3n, el que considera 25 puntos de control y que se extender\u00e1 desde hoy a las 16:00 horas hasta las 22:00 horas del domingo 3 de mayo.<\/p>\n<p style=\"text-align: justify;\">El Jefe de la Defensa Nacional, General Cristi\u00e1n Vial, detall\u00f3 que \u201ca nivel regional se mantienen los controles que ustedes conocen, en el norte la aduana sanitaria, en la ruta 5 sur en el sector de la comuna de \u00d1iqu\u00e9n y tambi\u00e9n contin\u00faa el control sanitario que tenemos por el sur, en la comuna de Bulnes\u201d.<\/p>\n<p style=\"text-align: justify;\">Asimismo, dijo que \u201ca nivel comunal, se mantienen, igual como lo vieron durante Semana Santa, controles sanitarios en las comunas de Pinto; Cobquecura; Coelemu; Quill\u00f3n -que en esta oportunidad tiene tres controles en vez de cuatro en favor de Bulnes -, porque en Bulnes se implementan tres controles preventivos en la calle Sargento Aldea frente a la estaci\u00f3n de servicio Copec, un punto de control tambi\u00e9n en la ruta N-40 de acceso a Quill\u00f3n, ese es el que cambia con respecto al fin de semana largo pasado, y tambi\u00e9n hay un cierre en el peaje norte a partir de hoy\u201d.<\/p>\n<p style=\"text-align: justify;\">Adem\u00e1s, se\u00f1al\u00f3 que \u201c<strong>en la comuna de Yungay hay dos controles preventivos que se implementan en esta oportunidad en el acceso norte de la ciudad por la ruta N-59-Q y tambi\u00e9n otro en el acceso sur, en la ruta N-33-O<\/strong>. En la comuna de Ninhue seguimos con el mismo control, en Quirihue, en R\u00e1nquil, en San Fabi\u00e1n de Alico y, por supuesto, en las comunas de Chill\u00e1n y Chill\u00e1n Viejo se mantiene el cord\u00f3n sanitario hasta el d\u00eda domingo a las 22:00 horas\u201d.<\/p>\n<p style=\"text-align: justify;\">En resumen, asegur\u00f3 que \u201cvamos a tener un \u00e9nfasis importante en los lugares tur\u00edsticos de la regi\u00f3n, controlando que no circulen las personas a segundas viviendas, que no se planifiquen vacaciones para este fin de semana, porque lamentablemente la situaci\u00f3n de Estado de Excepci\u00f3n Constitucional por la pandemia sigue en vigencia\u201d.<\/p>\n<p style=\"text-align: justify;\">Respecto al orden p\u00fablico en la regi\u00f3n mencion\u00f3 que \u201cen las \u00faltimas 24 horas detenidos por toque de queda 31 personas, lo que totaliza 1.041 a la fecha e infracciones por no uso de mascarilla, 13 personas, 336 a la fecha\u201d.<\/p>\n<p style=\"text-align: justify;\">Por otra parte, el Intendente Mart\u00edn Arrau reforz\u00f3 el mensaje preventivo desde Coihueco, la segunda comuna con m\u00e1s casos activos. Destac\u00f3 que \u201cm\u00e1s all\u00e1 de las cifras, que no deben llamarnos a ning\u00fan triunfalismo ni tranquilidad, quiero ser muy claro detr\u00e1s de esas cifras hay personas (\u2026) y es por eso que hay que estar conscientes de que usted se puede enfermar, usted puede enfermar a otros, contagiar, usted puede estar grave, esta es una situaci\u00f3n muy seria y no debemos relajarnos\u201d. Agreg\u00f3 que \u201csi bien estamos liberando algunas restricciones de manera de ir retomando algunas acciones m\u00ednimas en nuestra sociedad, de trabajo, de sustento de algunas familias, los cambios de h\u00e1bito, la actitud, es la barrera de la cual nos tenemos que sujetar precisamente para no relajarnos en este largo plazo que nos queda en el desarrollo de la pandemia\u201d.<\/p>\n<p style=\"text-align: justify;\">En este sentido, enfatiz\u00f3 en que \u201che estado recorriendo calles c\u00e9ntricas, de comercio, y me llam\u00f3 la atenci\u00f3n ver a algunos comerciantes que no estaban cumpliendo la norma de uso de mascarillas, de lavado de manos, de distancia. Le pido a cada uno de ustedes que seamos no solamente activos en cumplir esta norma, sino en denunciar, en llamar la atenci\u00f3n a quienes no lo hagan. Tenemos que cuidarnos entre todos\u201d.<\/p>\n<p style=\"text-align: justify;\">A su vez, la seremi de Salud, doctora Marta Bravo, entreg\u00f3 el balance de \u00d1uble, la que hoy sum\u00f3 siete casos nuevos confirmados, \u201clo que da un total de confirmados acumulados de 768 en la regi\u00f3n, 70 casos de ellos est\u00e1n activos en este momento\u201d. Tambi\u00e9n expres\u00f3 que existen 25 pacientes hospitalizados, \u201cde ellos diez se encuentran en la Unidad de Cuidados Intensivos y siete en ventilaci\u00f3n mec\u00e1nica\u201d.<\/p>\n<p style=\"text-align: justify;\">Sobre la distribuci\u00f3n de los casos nuevos por comuna \u201ces cuatro casos nuevos para la comuna de Bulnes, dos casos nuevos para la comuna de Chill\u00e1n y un caso nuevo para la comuna de San Ignacio\u201d. Respecto a los casos activos, la distribuci\u00f3n por comuna es la siguiente: \u201cun caso activo en las comunas de Quill\u00f3n y Quirihue, dos casos activos en la comuna de Chill\u00e1n Viejo, cuatro casos activos en las comunas de San Ignacio y San Carlos, <strong>seis casos activos en la comuna de Yungay<\/strong>, diez casos activos en la comuna de Bulnes, 19 casos activos en la comuna de Coihueco y 23 casos activos en la comuna de Chill\u00e1n\u201d.<\/p>\n","protected":false},"excerpt":{"rendered":"<p>Regional, Abril 2020: Ad portas de un nuevo fin de semana largo, las autoridades anunciaron un nuevo plan, con el fin de restringir la movilidad en la regi\u00f3n, el que considera 25 puntos de&#46;&#46;&#46;<\/p>\n","protected":false},"author":2,"featured_media":22344,"comment_status":"closed","ping_status":"open","sticky":false,"template":"","format":"standard","meta":{"footnotes":""},"categories":[3,1],"tags":[2215,1115,1678,8,6,117],"class_list":["post-22343","post","type-post","status-publish","format-standard","has-post-thumbnail","hentry","category-actualidad","category-noticias","tag-fin-de-semana-largo","tag-noticias","tag-nuble","tag-yungay","tag-yungayino","tag-yungayinocl"],"_links":{"self":[{"href":"https:\/\/www.yungayino.cl\/noticias\/index.php?rest_route=\/wp\/v2\/posts\/22343","targetHints":{"allow":["GET"]}}],"collection":[{"href":"https:\/\/www.yungayino.cl\/noticias\/index.php?rest_route=\/wp\/v2\/posts"}],"about":[{"href":"https:\/\/www.yungayino.cl\/noticias\/index.php?rest_route=\/wp\/v2\/types\/post"}],"author":[{"embeddable":true,"href":"https:\/\/www.yungayino.cl\/noticias\/index.php?rest_route=\/wp\/v2\/users\/2"}],"replies":[{"embeddable":true,"href":"https:\/\/www.yungayino.cl\/noticias\/index.php?rest_route=%2Fwp%2Fv2%2Fcomments&post=22343"}],"version-history":[{"count":1,"href":"https:\/\/www.yungayino.cl\/noticias\/index.php?rest_route=\/wp\/v2\/posts\/22343\/revisions"}],"predecessor-version":[{"id":22345,"href":"https:\/\/www.yungayino.cl\/noticias\/index.php?rest_route=\/wp\/v2\/posts\/22343\/revisions\/22345"}],"wp:featuredmedia":[{"embeddable":true,"href":"https:\/\/www.yungayino.cl\/noticias\/index.php?rest_route=\/wp\/v2\/media\/22344"}],"wp:attachment":[{"href":"https:\/\/www.yungayino.cl\/noticias\/index.php?rest_route=%2Fwp%2Fv2%2Fmedia&parent=22343"}],"wp:term":[{"taxonomy":"category","embeddable":true,"href":"https:\/\/www.yungayino.cl\/noticias\/index.php?rest_route=%2Fwp%2Fv2%2Fcategories&post=22343"},{"taxonomy":"post_tag","embeddable":true,"href":"https:\/\/www.yungayino.cl\/noticias\/index.php?rest_route=%2Fwp%2Fv2%2Ftags&post=22343"}],"curies":[{"name":"wp","href":"https:\/\/api.w.org\/{rel}","templated":true}]}}