{"id":22346,"date":"2020-05-01T07:00:57","date_gmt":"2020-05-01T10:00:57","guid":{"rendered":"http:\/\/www.yungayino.cl\/noticias\/?p=22346"},"modified":"2020-04-30T18:42:16","modified_gmt":"2020-04-30T21:42:16","slug":"servicio-de-salud-nuble-destaca-el-rol-de-los-funcionarios-as-de-la-red-asistencial-en-el-dia-internacional-del-trabajador","status":"publish","type":"post","link":"https:\/\/www.yungayino.cl\/noticias\/?p=22346","title":{"rendered":"Servicio de Salud \u00d1uble Destaca el Rol de los Funcionarios\/as de la Red Asistencial en el D\u00eda Internacional del Trabajador"},"content":{"rendered":"<p><img loading=\"lazy\" decoding=\"async\" class=\"alignnone size-full wp-image-22347\" src=\"http:\/\/www.yungayino.cl\/noticias\/wp-content\/uploads\/2020\/04\/portada-10.jpg\" alt=\"\" width=\"700\" height=\"350\" srcset=\"https:\/\/www.yungayino.cl\/noticias\/wp-content\/uploads\/2020\/04\/portada-10.jpg 700w, https:\/\/www.yungayino.cl\/noticias\/wp-content\/uploads\/2020\/04\/portada-10-300x150.jpg 300w\" sizes=\"auto, (max-width: 700px) 100vw, 700px\" \/><\/p>\n<p style=\"text-align: justify;\">Regional, mayo 2020: M\u00e1s de 9 mil personas se desempe\u00f1an en el sector p\u00fablico y privado de salud de la Regi\u00f3n. En esta conmemoraci\u00f3n la Instituci\u00f3n vuelve a destacar la labor de los equipos que han reafirmado su compromiso y vocaci\u00f3n de servicio durante esta pandemia.<\/p>\n<p style=\"text-align: justify;\">En el marco de la conmemoraci\u00f3n del D\u00eda Internacional de los trabajadores, el Servicio de Salud \u00d1uble destac\u00f3 la labor de las m\u00e1s de 9 mil personas que se desempe\u00f1an en la red asistencial de la Regi\u00f3n.<\/p>\n<p style=\"text-align: justify;\">54 postas; 9 Centros Comunitarios de Salud Familiar; 29 Centros de Salud Familiar; siete Hospitales; las cl\u00ednicas privadas y los dispositivos de salud mental, son los establecimientos que componen la red local y que, durante esta pandemia, se unen en el Sistema Integrado de Salud Covid -19.<\/p>\n<p style=\"text-align: justify;\">En ese contexto, la Directora (s) de la Instituci\u00f3n, Elizabeth Abarca Trivi\u00f1o, recalc\u00f3 el gran rol que cada una de los funcionarios y funcionarias cumple, sobre todo en el marco de esta crisis sanitaria.<\/p>\n<p style=\"text-align: justify;\">\u201cComo es tradici\u00f3n, conmemoramos un nuevo D\u00eda Internacional de los Trabajadores y Trabajadoras, una instancia que nos permite para agradecer y reconocer a nuestros equipos. Hoy m\u00e1s que nunca destacamos la labor, el esfuerzo y compromiso de quienes, a diario, desde sus distintos roles y estamentos, se ponen al servicio de los usuarios y usuarias dejando de lado sus propios temores y entendiendo que su trabajo nos permite combatir esta pandemia\u201d, expres\u00f3 Abarca.<\/p>\n<p style=\"text-align: justify;\">La profesional indic\u00f3 que \u201ccomo instituci\u00f3n, reiteramos nuestro compromiso con la seguridad de todos quienes son parte de nuestro sistema sanitario, desde el Hospital m\u00e1s grande, hasta la posta m\u00e1s peque\u00f1a de \u00d1uble\u201d.<\/p>\n<p style=\"text-align: justify;\">\u201cEs cierto, nos enfrentamos a un gran desaf\u00edo, el Covid -19, por ello, reiteramos nuestro agradecimiento a todos y todas por su vocaci\u00f3n de servicio, que nos permite dar una respuesta oportuna y resguardar la salud de la comunidad frente a esta, una de las mayores crisis sanitaria de los \u00faltimos 100 a\u00f1os\u201d. Por esta raz\u00f3n, destac\u00f3 tambi\u00e9n la Directora (s), \u201creconocemos su trabajo comprometido y muchas veces incomprendido, dedicado a curar y cuidar a los habitantes de nuestra Regi\u00f3n\u201d, concluy\u00f3.<\/p>\n<p style=\"text-align: justify;\">La directiva aprovech\u00f3 la ocasi\u00f3n para reiterar la responsabilidad que tienen los usuarios, en el cuidado de los equipos de salud. \u201cEn este d\u00eda del trabajo, junto con reconocer la labor, es importante recalcar el llamado a la comunidad de no relajar las medidas de autocuidado. Superar este desaf\u00edo es tarea de todos y no podemos hacerlo sin el apoyo de la ciudadan\u00eda, por lo tanto, evitemos salir de nuestros hogares si no es necesario, lav\u00e9monos las manos frecuentemente con agua y jab\u00f3n y por supuesto, respetemos la distancia f\u00edsica entre cada uno\u201d, finaliz\u00f3.<\/p>\n","protected":false},"excerpt":{"rendered":"<p>Regional, mayo 2020: M\u00e1s de 9 mil personas se desempe\u00f1an en el sector p\u00fablico y privado de salud de la Regi\u00f3n. En esta conmemoraci\u00f3n la Instituci\u00f3n vuelve a destacar la labor de los equipos&#46;&#46;&#46;<\/p>\n","protected":false},"author":2,"featured_media":22347,"comment_status":"closed","ping_status":"open","sticky":false,"template":"","format":"standard","meta":{"footnotes":""},"categories":[1,1675],"tags":[661,1115,1678,65,8,6,117],"class_list":["post-22346","post","type-post","status-publish","format-standard","has-post-thumbnail","hentry","category-noticias","category-saludc","tag-dia-del-trabajador","tag-noticias","tag-nuble","tag-salud","tag-yungay","tag-yungayino","tag-yungayinocl"],"_links":{"self":[{"href":"https:\/\/www.yungayino.cl\/noticias\/index.php?rest_route=\/wp\/v2\/posts\/22346","targetHints":{"allow":["GET"]}}],"collection":[{"href":"https:\/\/www.yungayino.cl\/noticias\/index.php?rest_route=\/wp\/v2\/posts"}],"about":[{"href":"https:\/\/www.yungayino.cl\/noticias\/index.php?rest_route=\/wp\/v2\/types\/post"}],"author":[{"embeddable":true,"href":"https:\/\/www.yungayino.cl\/noticias\/index.php?rest_route=\/wp\/v2\/users\/2"}],"replies":[{"embeddable":true,"href":"https:\/\/www.yungayino.cl\/noticias\/index.php?rest_route=%2Fwp%2Fv2%2Fcomments&post=22346"}],"version-history":[{"count":1,"href":"https:\/\/www.yungayino.cl\/noticias\/index.php?rest_route=\/wp\/v2\/posts\/22346\/revisions"}],"predecessor-version":[{"id":22348,"href":"https:\/\/www.yungayino.cl\/noticias\/index.php?rest_route=\/wp\/v2\/posts\/22346\/revisions\/22348"}],"wp:featuredmedia":[{"embeddable":true,"href":"https:\/\/www.yungayino.cl\/noticias\/index.php?rest_route=\/wp\/v2\/media\/22347"}],"wp:attachment":[{"href":"https:\/\/www.yungayino.cl\/noticias\/index.php?rest_route=%2Fwp%2Fv2%2Fmedia&parent=22346"}],"wp:term":[{"taxonomy":"category","embeddable":true,"href":"https:\/\/www.yungayino.cl\/noticias\/index.php?rest_route=%2Fwp%2Fv2%2Fcategories&post=22346"},{"taxonomy":"post_tag","embeddable":true,"href":"https:\/\/www.yungayino.cl\/noticias\/index.php?rest_route=%2Fwp%2Fv2%2Ftags&post=22346"}],"curies":[{"name":"wp","href":"https:\/\/api.w.org\/{rel}","templated":true}]}}