{"id":22349,"date":"2020-04-30T22:00:51","date_gmt":"2020-05-01T01:00:51","guid":{"rendered":"http:\/\/www.yungayino.cl\/noticias\/?p=22349"},"modified":"2023-04-30T16:57:46","modified_gmt":"2023-04-30T20:57:46","slug":"cuenta-publica-ilustre-municipalidad-de-yungay-gestion-ano-2019","status":"publish","type":"post","link":"https:\/\/www.yungayino.cl\/noticias\/?p=22349","title":{"rendered":"Cuenta P\u00fablica Ilustre Municipalidad de Yungay Gesti\u00f3n A\u00f1o 2019"},"content":{"rendered":"<p><img loading=\"lazy\" decoding=\"async\" class=\"alignnone size-full wp-image-22350\" src=\"http:\/\/www.yungayino.cl\/noticias\/wp-content\/uploads\/2020\/04\/30-abril-cuenta-publica.png\" alt=\"\" width=\"700\" height=\"350\" srcset=\"https:\/\/www.yungayino.cl\/noticias\/wp-content\/uploads\/2020\/04\/30-abril-cuenta-publica.png 700w, https:\/\/www.yungayino.cl\/noticias\/wp-content\/uploads\/2020\/04\/30-abril-cuenta-publica-300x150.png 300w\" sizes=\"auto, (max-width: 700px) 100vw, 700px\" \/><\/p>\n<p>Yungay, 30 de abril 2020: En conformidad a lo se\u00f1alado en la Ley 18.695 Org\u00e1nica Constitucional de Municipalidades, \u201cel alcalde deber\u00e1 dar cuenta p\u00fablica al concejo, al consejo comunal de organizaciones de la sociedad civil y al consejo comunal de seguridad p\u00fablica, a m\u00e1s tardar en el mes de abril de cada a\u00f1o, de su gesti\u00f3n anual y de la marcha general de la municipalidad\u2026\u201c, indica parte del art\u00edculo 67.<\/p>\n<p>&nbsp;<\/p>\n<div data-url=\"https:\/\/issuu.com\/yungayoficial\/docs\/cuenta_p_blica.docx\" style=\"width: 500px; height: 324px;\" class=\"issuuembed\"><\/div>\n<p><script type=\"text\/javascript\" src=\"\/\/e.issuu.com\/embed.js\" async=\"true\"><\/script><\/p>\n<p>&nbsp;<\/p>\n<p>&nbsp;<\/p>\n","protected":false},"excerpt":{"rendered":"<p>Yungay, 30 de abril 2020: En conformidad a lo se\u00f1alado en la Ley 18.695 Org\u00e1nica Constitucional de Municipalidades, \u201cel alcalde deber\u00e1 dar cuenta p\u00fablica al concejo, al consejo comunal de organizaciones de la sociedad&#46;&#46;&#46;<\/p>\n","protected":false},"author":2,"featured_media":22350,"comment_status":"closed","ping_status":"open","sticky":false,"template":"","format":"standard","meta":{"footnotes":""},"categories":[3,1],"tags":[365,356,1115,8,6,117],"class_list":["post-22349","post","type-post","status-publish","format-standard","has-post-thumbnail","hentry","category-actualidad","category-noticias","tag-cuenta-publica","tag-municipalidad","tag-noticias","tag-yungay","tag-yungayino","tag-yungayinocl"],"_links":{"self":[{"href":"https:\/\/www.yungayino.cl\/noticias\/index.php?rest_route=\/wp\/v2\/posts\/22349","targetHints":{"allow":["GET"]}}],"collection":[{"href":"https:\/\/www.yungayino.cl\/noticias\/index.php?rest_route=\/wp\/v2\/posts"}],"about":[{"href":"https:\/\/www.yungayino.cl\/noticias\/index.php?rest_route=\/wp\/v2\/types\/post"}],"author":[{"embeddable":true,"href":"https:\/\/www.yungayino.cl\/noticias\/index.php?rest_route=\/wp\/v2\/users\/2"}],"replies":[{"embeddable":true,"href":"https:\/\/www.yungayino.cl\/noticias\/index.php?rest_route=%2Fwp%2Fv2%2Fcomments&post=22349"}],"version-history":[{"count":2,"href":"https:\/\/www.yungayino.cl\/noticias\/index.php?rest_route=\/wp\/v2\/posts\/22349\/revisions"}],"predecessor-version":[{"id":28339,"href":"https:\/\/www.yungayino.cl\/noticias\/index.php?rest_route=\/wp\/v2\/posts\/22349\/revisions\/28339"}],"wp:featuredmedia":[{"embeddable":true,"href":"https:\/\/www.yungayino.cl\/noticias\/index.php?rest_route=\/wp\/v2\/media\/22350"}],"wp:attachment":[{"href":"https:\/\/www.yungayino.cl\/noticias\/index.php?rest_route=%2Fwp%2Fv2%2Fmedia&parent=22349"}],"wp:term":[{"taxonomy":"category","embeddable":true,"href":"https:\/\/www.yungayino.cl\/noticias\/index.php?rest_route=%2Fwp%2Fv2%2Fcategories&post=22349"},{"taxonomy":"post_tag","embeddable":true,"href":"https:\/\/www.yungayino.cl\/noticias\/index.php?rest_route=%2Fwp%2Fv2%2Ftags&post=22349"}],"curies":[{"name":"wp","href":"https:\/\/api.w.org\/{rel}","templated":true}]}}