{"id":22358,"date":"2020-05-05T07:00:15","date_gmt":"2020-05-05T10:00:15","guid":{"rendered":"http:\/\/www.yungayino.cl\/noticias\/?p=22358"},"modified":"2020-05-04T15:37:33","modified_gmt":"2020-05-04T18:37:33","slug":"fondo-concursable-chile-compromiso-de-todos-se-focalizara-en-la-pandemia","status":"publish","type":"post","link":"https:\/\/www.yungayino.cl\/noticias\/?p=22358","title":{"rendered":"Fondo Concursable Chile Compromiso de Todos se Focalizar\u00e1 en la Pandemia"},"content":{"rendered":"<p><img loading=\"lazy\" decoding=\"async\" class=\"alignnone size-full wp-image-22359\" src=\"http:\/\/www.yungayino.cl\/noticias\/wp-content\/uploads\/2020\/05\/portada-fondo.jpg\" alt=\"\" width=\"700\" height=\"394\" srcset=\"https:\/\/www.yungayino.cl\/noticias\/wp-content\/uploads\/2020\/05\/portada-fondo.jpg 700w, https:\/\/www.yungayino.cl\/noticias\/wp-content\/uploads\/2020\/05\/portada-fondo-300x169.jpg 300w, https:\/\/www.yungayino.cl\/noticias\/wp-content\/uploads\/2020\/05\/portada-fondo-266x150.jpg 266w\" sizes=\"auto, (max-width: 700px) 100vw, 700px\" \/><\/p>\n<p style=\"text-align: justify;\">Regional, Mayo 2020: La Seremi de Desarrollo Social y Familia de \u00d1uble\u00a0 anunci\u00f3 ayer lunes el lanzamiento del Fondo Concursable Chile Compromiso de Todos, en su l\u00ednea Fundaciones y Corporaciones, versi\u00f3n 2020.<\/p>\n<p style=\"text-align: justify;\">La iniciativa adelant\u00f3 en un mes su lanzamiento este a\u00f1o, debido a la contingencia sanitaria por Coronavirus y, por lo mismo, focalizar\u00e1 su objetivo en las necesidades actuales que requieren ser atendidas frente a la pandemia, es decir, financiar proyectos para la superaci\u00f3n de la pobreza que apoyen y fortalezcan el trabajo que realizan las instituciones de la sociedad civil, en particular corporaciones y fundaciones que trabajan con personas o grupos vulnerables afectados por la emergencia sanitaria en Chile.<\/p>\n<p style=\"text-align: justify;\">\u201cEstamos buscando que las instituciones implementen proyectos que tengan relaci\u00f3n con esta contingencia y que tengan como objetivo la entrega de bienes y servicios, as\u00ed como una atenci\u00f3n oportuna y pertinente\u00a0 a personas o grupos vulnerables\u201d, indic\u00f3 la Seremi de Desarrollo Social, Doris Osses.<\/p>\n<p style=\"text-align: justify;\">El adelantamiento de esta l\u00ednea considerar\u00e1 recursos por $800 millones y cada proyecto en particular podr\u00e1 recibir m\u00e1ximo $20 millones. Con esto se busca poder realizar las primeras transferencias en la segunda quincena del mes de junio e ir en ayuda de personas o grupos vulnerables con un sentido de mayor urgencia.<\/p>\n<p style=\"text-align: justify;\">Las postulaciones a la l\u00ednea de Fundaciones y Corporaciones se realizar\u00e1n de manera remota a trav\u00e9s del sitio web www.sociedadcivilmds.cl y se podr\u00e1n realizar <strong>hasta el 14 de mayo de este a\u00f1o.<\/strong><\/p>\n<p style=\"text-align: justify;\">Entre las organizaciones que han adjudicado este Fondo Concursable en la Regi\u00f3n de \u00d1uble se encuentran la Corporaci\u00f3n de Voluntarios Anti reumatismo Covar \u00d1uble, Fundaci\u00f3n Copelec; Fundaci\u00f3n \u00d1uble Activo; Academia Adulto Mayor Tres Esquinas y Centro General de padres y apoderados Escuela Nueva Am\u00e9rica de Quirihue.<\/p>\n<p style=\"text-align: justify;\"><strong>Objetivo General Fondo Chile Compromiso de Todos<\/strong><\/p>\n<p style=\"text-align: justify;\">Podr\u00e1n postular a la l\u00ednea de Fundaciones y Corporaciones proyectos que respondan a problem\u00e1ticas surgidas o amplificadas por la contingencia sanitaria y que entre sus objetivos propongan acciones en las siguientes l\u00edneas:<\/p>\n<ol style=\"text-align: justify;\">\n<li>Proyectos para la superaci\u00f3n de la pobreza enfocados a personas o grupos vulnerables afectados por la contingencia sanitaria, que consistan en la implementaci\u00f3n de mejoras o reformulaci\u00f3n de procesos en estos proyectos, de tal manera de poder asegurar la continuidad de los proyectos que van en ayuda de dichas poblaciones.<\/li>\n<\/ol>\n<p style=\"text-align: justify;\">Por ejemplo, fortalecer con equipamiento o capacidades necesarias para desarrollar labores de manera remota en diversas localidades (instrumentos tecnol\u00f3gicos, plataformas, indumentaria acorde a los procesos, entre otros), que permitan entregar una atenci\u00f3n oportuna y pertinente a la poblaci\u00f3n en pobreza\/vulnerabilidad m\u00e1s afectada por la emergencia sanitaria, entre otros.<\/p>\n<ol style=\"text-align: justify;\" start=\"2\">\n<li>Proyectos para la superaci\u00f3n de la pobreza, enfocados a personas o grupos vulnerables que hayan sido afectados por la contingencia sanitaria, que tengan dentro de sus objetivos el apoyo a la superaci\u00f3n de su vulnerabilidad, y\/o la entrega de servicios o productos directos a personas o grupos vulnerables.<\/li>\n<\/ol>\n<p style=\"text-align: justify;\">Como, por ejemplo, proyectos que permitan facilitar la generaci\u00f3n de ingresos a las personas que no los est\u00e1n percibiendo o enfocados en la entrega de art\u00edculos de primera necesidad para familias en situaci\u00f3n de pobreza, que se ven afectados por la falta de empleo, cesant\u00eda o imposibilidad de desarrollo de actividades de subsistencia (ejemplo, alimentaci\u00f3n, medicamentos, abrigo), entre otros.<\/p>\n<p style=\"text-align: justify;\">Durante la ejecuci\u00f3n de los proyectos se respetar\u00e1n todas las instrucciones, recomendaciones y orientaciones sanitarias establecidas por el Ministerio de Salud, o la autoridad competente con ocasi\u00f3n de la emergencia sanitaria.<\/p>\n","protected":false},"excerpt":{"rendered":"<p>Regional, Mayo 2020: La Seremi de Desarrollo Social y Familia de \u00d1uble\u00a0 anunci\u00f3 ayer lunes el lanzamiento del Fondo Concursable Chile Compromiso de Todos, en su l\u00ednea Fundaciones y Corporaciones, versi\u00f3n 2020. La iniciativa&#46;&#46;&#46;<\/p>\n","protected":false},"author":2,"featured_media":22359,"comment_status":"closed","ping_status":"open","sticky":false,"template":"","format":"standard","meta":{"footnotes":""},"categories":[3,1],"tags":[1948,1115,8,6,117],"class_list":["post-22358","post","type-post","status-publish","format-standard","has-post-thumbnail","hentry","category-actualidad","category-noticias","tag-fondo-concursable","tag-noticias","tag-yungay","tag-yungayino","tag-yungayinocl"],"_links":{"self":[{"href":"https:\/\/www.yungayino.cl\/noticias\/index.php?rest_route=\/wp\/v2\/posts\/22358","targetHints":{"allow":["GET"]}}],"collection":[{"href":"https:\/\/www.yungayino.cl\/noticias\/index.php?rest_route=\/wp\/v2\/posts"}],"about":[{"href":"https:\/\/www.yungayino.cl\/noticias\/index.php?rest_route=\/wp\/v2\/types\/post"}],"author":[{"embeddable":true,"href":"https:\/\/www.yungayino.cl\/noticias\/index.php?rest_route=\/wp\/v2\/users\/2"}],"replies":[{"embeddable":true,"href":"https:\/\/www.yungayino.cl\/noticias\/index.php?rest_route=%2Fwp%2Fv2%2Fcomments&post=22358"}],"version-history":[{"count":2,"href":"https:\/\/www.yungayino.cl\/noticias\/index.php?rest_route=\/wp\/v2\/posts\/22358\/revisions"}],"predecessor-version":[{"id":22361,"href":"https:\/\/www.yungayino.cl\/noticias\/index.php?rest_route=\/wp\/v2\/posts\/22358\/revisions\/22361"}],"wp:featuredmedia":[{"embeddable":true,"href":"https:\/\/www.yungayino.cl\/noticias\/index.php?rest_route=\/wp\/v2\/media\/22359"}],"wp:attachment":[{"href":"https:\/\/www.yungayino.cl\/noticias\/index.php?rest_route=%2Fwp%2Fv2%2Fmedia&parent=22358"}],"wp:term":[{"taxonomy":"category","embeddable":true,"href":"https:\/\/www.yungayino.cl\/noticias\/index.php?rest_route=%2Fwp%2Fv2%2Fcategories&post=22358"},{"taxonomy":"post_tag","embeddable":true,"href":"https:\/\/www.yungayino.cl\/noticias\/index.php?rest_route=%2Fwp%2Fv2%2Ftags&post=22358"}],"curies":[{"name":"wp","href":"https:\/\/api.w.org\/{rel}","templated":true}]}}