{"id":22362,"date":"2020-05-04T19:00:57","date_gmt":"2020-05-04T22:00:57","guid":{"rendered":"http:\/\/www.yungayino.cl\/noticias\/?p=22362"},"modified":"2020-05-04T21:00:38","modified_gmt":"2020-05-05T00:00:38","slug":"escuela-fernando-baquedano-de-yungay-realizo-concurso-por-el-93-aniversario-de-carabineros-de-chile","status":"publish","type":"post","link":"https:\/\/www.yungayino.cl\/noticias\/?p=22362","title":{"rendered":"Escuela Fernando Baquedano de Yungay Realiz\u00f3 Concurso por el 93\u00b0 Aniversario de Carabineros de Chile"},"content":{"rendered":"<p>&nbsp;<\/p>\n<p><img loading=\"lazy\" decoding=\"async\" class=\"alignnone size-full wp-image-22363\" src=\"http:\/\/www.yungayino.cl\/noticias\/wp-content\/uploads\/2020\/05\/portada-dia-carabinero.jpg\" alt=\"\" width=\"700\" height=\"350\" srcset=\"https:\/\/www.yungayino.cl\/noticias\/wp-content\/uploads\/2020\/05\/portada-dia-carabinero.jpg 700w, https:\/\/www.yungayino.cl\/noticias\/wp-content\/uploads\/2020\/05\/portada-dia-carabinero-300x150.jpg 300w\" sizes=\"auto, (max-width: 700px) 100vw, 700px\" \/><\/p>\n<p style=\"text-align: justify;\">Yungay, mayo 2020: la comunidad educativa de la escuela Fernando Baquedano no quiso dejar de estar presente en el Nonag\u00e9simo Tercer Aniversario de Carabineros de Chile, por lo cual organizaron un concurso con confecci\u00f3n de dibujos, cuentos o poes\u00eda, alusiva al \u201cD\u00eda del Carabinero\u201d.<\/p>\n<p style=\"text-align: justify;\">Los alumnos hicieron llegas sus creaciones que fueron publicadas en el Facebook del establecimiento educacional. Los ganadores fueron elegidos seg\u00fan la cantidad de Likes obtenidos.<\/p>\n<p style=\"text-align: justify;\"><iframe loading=\"lazy\" style=\"border: none; overflow: hidden;\" src=\"https:\/\/www.facebook.com\/plugins\/post.php?href=https:\/\/www.facebook.com\/yungayino.cl\/posts\/3402405566441125?__xts__%5B0%5D=68.ARCTsHa7SYp8b3OxvjbJGSxzGA3IpjtaAl13vRPq8yYxC3EuloNXz1lpKHfASrIpP4cHEfTeyJZUIXPYlnccJPeI49QAB7Ye-Vlw-ey-JUlY2LBq70tATPctfvMuat_BYArwtIPE2rbxx0a3B7uDNgugIsL7SpTwYYu8P5WKoSRtpR0OhxXnBfFAZrTgaaDLEdIeiLL3BbRjizkzmKX9Xm3Mo0TgXClUn4ahL_88aDb-1UnUSAlgFajuqQfINHz8Xza5x9GXihYph1tSpCMLSgdCovxqSO-507WkbG_5iqb_DDATOm0JkARDJI3wpQ_he6-vvn6g3g3bdJH2EZL4J1WAuxi6DkGf5hhnp2TN-musVNyFurIOhMs5XX77LUD2DhcONx-xwJPlpGr7bHL-X54BdOzVL4avBh9AXAfByHgegPRmXVMnbienRgFbZTtbSOg-LI3Afx3A_X7qh-if&amp;__tn__=-R&amp;l=a77e327dc6&amp;l=f5951f1994&amp;l=bfecbb8adf&amp;l=687b6bf5da&amp;width=500&amp;show_text=true&amp;height=691&amp;appId\" width=\"500\" height=\"715\" frameborder=\"0\" scrolling=\"no\"><\/iframe><\/p>\n<p style=\"text-align: justify;\"><strong>GANADORES:<\/strong><\/p>\n<p style=\"text-align: justify;\"><strong>Primer Lugar<\/strong>: Crist\u00f3bal Bustos, Curso: 3\u00b0A, Likes: 210<\/p>\n<p style=\"text-align: justify;\"><strong>Segundo Lugar<\/strong>: Fernanda Orellana, Curso: 6\u00b0A, Likes: 197<\/p>\n<p style=\"text-align: justify;\"><strong>Tercer Lugar<\/strong>: Isidora Ovando, Curso: 6\u00b0A, Likes: 192<\/p>\n<p style=\"text-align: justify;\">Sr. Zoilo Irarr\u00e1zabal, Director Escuela Fernando Baquedano, junto a Personal de la Cuarta Comisar\u00eda particip\u00f3 en la premiaci\u00f3n y reconocimiento de los estudiantes ganadores, qui\u00e9nes en sus casas recibieron felices su premio.<\/p>\n<p style=\"text-align: justify;\">[su_button url=\u00bbhttps:\/\/www.facebook.com\/pg\/yungayino.cl\/photos\/?tab=album&amp;album_id=3402405316441150&#8243; target=\u00bbblank\u00bb size=\u00bb7&#8243; radius=\u00bbround\u00bb icon=\u00bbicon: facebook-square\u00bb]FOTOGRAF\u00cdAS &#8211; Escuela Fernando Baquedano de Yungay Realiz\u00f3 Concurso por el 93\u00b0 Aniversario de Carabineros de Chile[\/su_button]<\/p>\n","protected":false},"excerpt":{"rendered":"<p>&nbsp; Yungay, mayo 2020: la comunidad educativa de la escuela Fernando Baquedano no quiso dejar de estar presente en el Nonag\u00e9simo Tercer Aniversario de Carabineros de Chile, por lo cual organizaron un concurso con&#46;&#46;&#46;<\/p>\n","protected":false},"author":2,"featured_media":22363,"comment_status":"closed","ping_status":"open","sticky":false,"template":"","format":"standard","meta":{"footnotes":""},"categories":[1493,1],"tags":[25,360,190,1115,8,6,117],"class_list":["post-22362","post","type-post","status-publish","format-standard","has-post-thumbnail","hentry","category-educacion","category-noticias","tag-carabineros","tag-dia-del-carabinero","tag-escuela-fernando-baquedano","tag-noticias","tag-yungay","tag-yungayino","tag-yungayinocl"],"_links":{"self":[{"href":"https:\/\/www.yungayino.cl\/noticias\/index.php?rest_route=\/wp\/v2\/posts\/22362","targetHints":{"allow":["GET"]}}],"collection":[{"href":"https:\/\/www.yungayino.cl\/noticias\/index.php?rest_route=\/wp\/v2\/posts"}],"about":[{"href":"https:\/\/www.yungayino.cl\/noticias\/index.php?rest_route=\/wp\/v2\/types\/post"}],"author":[{"embeddable":true,"href":"https:\/\/www.yungayino.cl\/noticias\/index.php?rest_route=\/wp\/v2\/users\/2"}],"replies":[{"embeddable":true,"href":"https:\/\/www.yungayino.cl\/noticias\/index.php?rest_route=%2Fwp%2Fv2%2Fcomments&post=22362"}],"version-history":[{"count":4,"href":"https:\/\/www.yungayino.cl\/noticias\/index.php?rest_route=\/wp\/v2\/posts\/22362\/revisions"}],"predecessor-version":[{"id":22367,"href":"https:\/\/www.yungayino.cl\/noticias\/index.php?rest_route=\/wp\/v2\/posts\/22362\/revisions\/22367"}],"wp:featuredmedia":[{"embeddable":true,"href":"https:\/\/www.yungayino.cl\/noticias\/index.php?rest_route=\/wp\/v2\/media\/22363"}],"wp:attachment":[{"href":"https:\/\/www.yungayino.cl\/noticias\/index.php?rest_route=%2Fwp%2Fv2%2Fmedia&parent=22362"}],"wp:term":[{"taxonomy":"category","embeddable":true,"href":"https:\/\/www.yungayino.cl\/noticias\/index.php?rest_route=%2Fwp%2Fv2%2Fcategories&post=22362"},{"taxonomy":"post_tag","embeddable":true,"href":"https:\/\/www.yungayino.cl\/noticias\/index.php?rest_route=%2Fwp%2Fv2%2Ftags&post=22362"}],"curies":[{"name":"wp","href":"https:\/\/api.w.org\/{rel}","templated":true}]}}