{"id":22375,"date":"2020-05-06T20:00:34","date_gmt":"2020-05-06T23:00:34","guid":{"rendered":"http:\/\/www.yungayino.cl\/noticias\/?p=22375"},"modified":"2020-05-06T21:52:21","modified_gmt":"2020-05-07T00:52:21","slug":"aprueban-recursos-para-reconstruccion-del-liceo-de-yungay","status":"publish","type":"post","link":"https:\/\/www.yungayino.cl\/noticias\/?p=22375","title":{"rendered":"Aprueban Recursos Para Reconstrucci\u00f3n del Liceo de Yungay"},"content":{"rendered":"<p><img loading=\"lazy\" decoding=\"async\" class=\"alignnone size-full wp-image-22377\" src=\"http:\/\/www.yungayino.cl\/noticias\/wp-content\/uploads\/2020\/05\/PORTADA-HOY.jpg\" alt=\"\" width=\"700\" height=\"291\" srcset=\"https:\/\/www.yungayino.cl\/noticias\/wp-content\/uploads\/2020\/05\/PORTADA-HOY.jpg 700w, https:\/\/www.yungayino.cl\/noticias\/wp-content\/uploads\/2020\/05\/PORTADA-HOY-300x125.jpg 300w, https:\/\/www.yungayino.cl\/noticias\/wp-content\/uploads\/2020\/05\/PORTADA-HOY-361x150.jpg 361w\" sizes=\"auto, (max-width: 700px) 100vw, 700px\" \/><\/p>\n<p style=\"text-align: justify;\">Yungay, mi\u00e9rcoles 6 de mayo 2020: Hoy comienza a concretarse un anhelado sue\u00f1o, tras m\u00e1s de 10 a\u00f1os de que el terremoto 2010 da\u00f1ara gran parte de la infraestructura del liceo \u00edcono de la comuna yungayina, hoy se dio el visto bueno para inyectar los recursos necesarios al proyecto que busca dise\u00f1ar la remodelaci\u00f3n del establecimiento educacional.<\/p>\n<p style=\"text-align: justify;\"><iframe loading=\"lazy\" style=\"border: none; overflow: hidden;\" src=\"https:\/\/www.facebook.com\/plugins\/post.php?href=https:\/\/www.facebook.com\/yungayino.cl\/posts\/3407878565893825?__xts__%5B0%5D=68.ARCiwJtTcSiSrmjoxumXwHS4_LIMX0c7AA01YyXDc4yRChd5wiVqq75nIb4AN-dOuXoSSntthJudWh4Jmx1__qH9HDOb66CZHtq1ld46VMABtsRRFMU51zZPcUHhBl49D6Bscs0diI9vI3H3qyux046JmB4qTVXpYHaYcXxFVoURR9JLvh2oMym0STFLs9ImE314yC4Gx-Zg_E69mp9fd3TJKSJP33b_z13JWkPLcdOgMkWkhNIsbueQHKJMSz99dudqS2yaQVzqX7adFWiMxSD_VWgUWbd4Uvmc4Us88xtHKrasDE8B8QdIK4KEg93O2z1aDjys5_JpV1pXL7K-fWycBOOIo1z5xA_LHlQHMIbuP0v8qz49WvpUZb1aYwgfbyjPNUOvj0kdiH4agpVGuQX3dcxaOfqVIopT35iDUs62s-30YMiaSss7xm49B59Pq-TgQZ3C4aoPiuzg8Erl&amp;__tn__=-R&amp;l=a77e327dc6&amp;l=f5951f1994&amp;l=bfecbb8adf&amp;l=687b6bf5da&amp;width=500&amp;show_text=true&amp;height=691&amp;appId\" width=\"500\" height=\"715\" frameborder=\"0\" scrolling=\"no\"><\/iframe><\/p>\n<p style=\"text-align: justify;\">En una nueva sesi\u00f3n del Consejo Regional de \u00d1uble se aprob\u00f3 el recurso financiero para dise\u00f1ar el emblem\u00e1tico proyecto de \u201cReposici\u00f3n del Liceo de Yungay\u201d, el cual ya hab\u00eda sido comprometido por el Gobierno Regional y la Comisi\u00f3n de educaci\u00f3n e infraestructura de dicha corporaci\u00f3n.<\/p>\n<p style=\"text-align: justify;\">$194 millones de pesos son los que se destinar\u00e1n para la contrataci\u00f3n de una empresa que se har\u00e1 cargo de elaborar el dise\u00f1o de la nueva infraestructura y que considerar\u00e1 la participaci\u00f3n de la Comunidad educativa.<\/p>\n<p style=\"text-align: justify;\">Se espera que el proceso de dise\u00f1o finalice este a\u00f1o, y as\u00ed, el 2021, se asignen los recursos para la construcci\u00f3n del Liceo A-17, cumpliendo los est\u00e1ndares que establece el Ministerio de Educaci\u00f3n y los requerimientos de la comunidad.<\/p>\n<p style=\"text-align: justify;\">\u00abEs muy satisfactorio ser parte de todo este arduo proceso que ha significado la reposici\u00f3n del Liceo A-17, en conjunto y con apoyo de don Rafael Cifuentes Rodr\u00edguez, alcalde de la comuna, equipo de profesores, asistentes de la educaci\u00f3n, apoderados, alumnos y ex alumnos; as\u00ed tambi\u00e9n, todos quienes de una u otra manera han sido el incentivo para no decaer en la b\u00fasqueda de sacar adelante y alcanzar esta compleja etapa del proyecto. Estamos recuperando un emblema de la comuna, estamos recuperando el basti\u00f3n de la educaci\u00f3n p\u00fablica\u201d, manifest\u00f3 emocionado Don Antonio Zepeda Novoa, Director del Liceo de Yungay.<\/p>\n<p style=\"text-align: justify;\">Por su parte, el alcalde, Don Rafael Cifuentes Rodr\u00edguez, se mostr\u00f3 muy agradecido del Gobierno Regional y de los Consejeros Regionales. \u201cHoy estamos en un hecho hist\u00f3rico para Yungay, nadie se va a olvidar de este d\u00eda. Hoy se est\u00e1 cumpliendo algo que compromet\u00ed el primer d\u00eda que asum\u00ed como alcalde. No descansamos un d\u00eda en hacer todo lo que estuviera a nuestro alcance para llegar a este momento, por eso estoy muy agradecido de quienes se la han jugado por este proyecto; a todo el equipo del Liceo de Yungay, el equipo de profesionales de SECPLAN y del DAEM, as\u00ed como los actores pol\u00edticos; Al se\u00f1or intendente, a SECREDUC, a MIDESO, y a los se\u00f1ores Consejeros Regionales, que nos han colaborado para hoy decir: \u00a1El nuevo Liceo de Yungay va!\u201d.<\/p>\n<p style=\"text-align: justify;\">[su_button url=\u00bbhttps:\/\/www.facebook.com\/pg\/yungayino.cl\/photos\/?tab=album&amp;album_id=3407878399227175&#8243; target=\u00bbblank\u00bb size=\u00bb7&#8243; radius=\u00bbround\u00bb icon=\u00bbicon: facebook-square\u00bb]FOTOGRAF\u00cdAS &#8211; Aprueban Recursos Para Reconstrucci\u00f3n del Liceo de Yungay[\/su_button]<\/p>\n","protected":false},"excerpt":{"rendered":"<p>Yungay, mi\u00e9rcoles 6 de mayo 2020: Hoy comienza a concretarse un anhelado sue\u00f1o, tras m\u00e1s de 10 a\u00f1os de que el terremoto 2010 da\u00f1ara gran parte de la infraestructura del liceo \u00edcono de la&#46;&#46;&#46;<\/p>\n","protected":false},"author":2,"featured_media":22377,"comment_status":"closed","ping_status":"open","sticky":false,"template":"","format":"standard","meta":{"footnotes":""},"categories":[1493,1],"tags":[89,1115,2217,8,6,117],"class_list":["post-22375","post","type-post","status-publish","format-standard","has-post-thumbnail","hentry","category-educacion","category-noticias","tag-liceo-yungay","tag-noticias","tag-reconstruccion-liceo","tag-yungay","tag-yungayino","tag-yungayinocl"],"_links":{"self":[{"href":"https:\/\/www.yungayino.cl\/noticias\/index.php?rest_route=\/wp\/v2\/posts\/22375","targetHints":{"allow":["GET"]}}],"collection":[{"href":"https:\/\/www.yungayino.cl\/noticias\/index.php?rest_route=\/wp\/v2\/posts"}],"about":[{"href":"https:\/\/www.yungayino.cl\/noticias\/index.php?rest_route=\/wp\/v2\/types\/post"}],"author":[{"embeddable":true,"href":"https:\/\/www.yungayino.cl\/noticias\/index.php?rest_route=\/wp\/v2\/users\/2"}],"replies":[{"embeddable":true,"href":"https:\/\/www.yungayino.cl\/noticias\/index.php?rest_route=%2Fwp%2Fv2%2Fcomments&post=22375"}],"version-history":[{"count":3,"href":"https:\/\/www.yungayino.cl\/noticias\/index.php?rest_route=\/wp\/v2\/posts\/22375\/revisions"}],"predecessor-version":[{"id":22380,"href":"https:\/\/www.yungayino.cl\/noticias\/index.php?rest_route=\/wp\/v2\/posts\/22375\/revisions\/22380"}],"wp:featuredmedia":[{"embeddable":true,"href":"https:\/\/www.yungayino.cl\/noticias\/index.php?rest_route=\/wp\/v2\/media\/22377"}],"wp:attachment":[{"href":"https:\/\/www.yungayino.cl\/noticias\/index.php?rest_route=%2Fwp%2Fv2%2Fmedia&parent=22375"}],"wp:term":[{"taxonomy":"category","embeddable":true,"href":"https:\/\/www.yungayino.cl\/noticias\/index.php?rest_route=%2Fwp%2Fv2%2Fcategories&post=22375"},{"taxonomy":"post_tag","embeddable":true,"href":"https:\/\/www.yungayino.cl\/noticias\/index.php?rest_route=%2Fwp%2Fv2%2Ftags&post=22375"}],"curies":[{"name":"wp","href":"https:\/\/api.w.org\/{rel}","templated":true}]}}