{"id":22381,"date":"2020-05-07T07:00:51","date_gmt":"2020-05-07T10:00:51","guid":{"rendered":"http:\/\/www.yungayino.cl\/noticias\/?p=22381"},"modified":"2020-05-06T21:58:14","modified_gmt":"2020-05-07T00:58:14","slug":"sercotec-entrega-mas-de-460-millones-de-pesos-para-reactivar-a-las-pymes-de-nuble","status":"publish","type":"post","link":"https:\/\/www.yungayino.cl\/noticias\/?p=22381","title":{"rendered":"SERCOTEC Entrega M\u00e1s de 460 Millones de Pesos Para Reactivar a las PYMES de \u00d1UBLE"},"content":{"rendered":"<p><img loading=\"lazy\" decoding=\"async\" class=\"alignnone size-full wp-image-22382\" src=\"http:\/\/www.yungayino.cl\/noticias\/wp-content\/uploads\/2020\/05\/portada-jueves.jpg\" alt=\"\" width=\"700\" height=\"378\" srcset=\"https:\/\/www.yungayino.cl\/noticias\/wp-content\/uploads\/2020\/05\/portada-jueves.jpg 700w, https:\/\/www.yungayino.cl\/noticias\/wp-content\/uploads\/2020\/05\/portada-jueves-300x162.jpg 300w, https:\/\/www.yungayino.cl\/noticias\/wp-content\/uploads\/2020\/05\/portada-jueves-278x150.jpg 278w\" sizes=\"auto, (max-width: 700px) 100vw, 700px\" \/><\/p>\n<p style=\"text-align: justify;\">Regional, mayo 2020: \u201cLa alta participaci\u00f3n en la postulaci\u00f3n a este programa en la regi\u00f3n, promovi\u00f3 la gesti\u00f3n de recursos adicionales para ampliar su cobertura y beneficiar a m\u00e1s Pymes.\u201d<\/p>\n<p style=\"text-align: justify;\">El Servicio de Cooperaci\u00f3n T\u00e9cnica (Sercotec), est\u00e1 en pleno proceso de ejecuci\u00f3n de los recursos del programa React\u00edvate, iniciativa que tiene como objetivo apoyar a las Pymes que se vieron afectadas por las bajas ventas a ra\u00edz de los eventos del a\u00f1o pasado y en la actualidad, para aliviar la operaci\u00f3n de los comercios que han sido perjudicados por la pandemia de Covid-19. El contexto actual, no ha sido impedimento para mantener la labor de Sercotec \u00d1uble, dado que se adapt\u00f3 r\u00e1pidamente al trabajo en l\u00ednea y ha continuado prestando su servicio sin interrupciones, atendiendo y orientando a las peque\u00f1as y medianas empresas para que puedan mantener sus operaciones y procesos productivos.<\/p>\n<p style=\"text-align: justify;\">En \u00d1uble el proceso de postulaci\u00f3n al programa React\u00edvate tuvo una alta convocatoria, fueron 475 los postulantes, de los cuales, se adjudicaron el subsidio 79 emprendedores. Dada la alta demanda se gestionaron mayores recursos y se aument\u00f3 el fondo a $461 millones de pesos, por lo que los beneficiarios de este programa crecen a 134 Pymes. Peque\u00f1as y medianas empresas que est\u00e1n distribuidas en las comunas de: Chill\u00e1n, Bulnes, Chill\u00e1n Viejo, El Carmen, Pinto, Quill\u00f3n, San Ignacio, Yungay, San Carlos, Coihueco, San Fabi\u00e1n, San Nicol\u00e1s, Quirihue, Cobquecura, Coelemu, Ninhue, Portezuelo, R\u00e1nquil y Treguaco.<\/p>\n<p style=\"text-align: justify;\">El Director Regional de Sercotec, Ignacio Vidal Mufdi indic\u00f3 que \u201cEs importante destacar que los beneficiados con estos recursos no tuvieron que aportar dinero y lo han destinado principalmente a la compra de mercader\u00edas, materias primas y pago de remuneraciones en lo que respecta a gastos en capital de trabajo y a la compra de maquinarias y equipos en activos fijos. Estas inversiones les han permitido seguir funcionando y no correr el riesgo de terminar con sus emprendimientos. Nuestra preocupaci\u00f3n es proteger e impulsar la econom\u00eda regional, ayudarla a salir de esta encrucijada que nos obliga a un nuevo estilo de vida, del cual podremos salir adelante siendo rigurosos con las medidas de protecci\u00f3n personal y al mismo tiempo, retomar las actividades de manera gradual y responsable.\u201d<\/p>\n<p style=\"text-align: justify;\">Se estima que este programa se encuentre totalmente ejecutado en los meses de mayo y junio, dado que producto de la cuarentena y cerco sanitario en la capital de \u00d1uble, impidi\u00f3 que al menos el 50% de los beneficiarios no pudieran realizar sus compras de acuerdo a su plan de negocio, gesti\u00f3n que los emprendedores y emprendedoras podr\u00e1n realizar a partir de esta semana por el levantamiento del cerco sanitario.<\/p>\n","protected":false},"excerpt":{"rendered":"<p>Regional, mayo 2020: \u201cLa alta participaci\u00f3n en la postulaci\u00f3n a este programa en la regi\u00f3n, promovi\u00f3 la gesti\u00f3n de recursos adicionales para ampliar su cobertura y beneficiar a m\u00e1s Pymes.\u201d El Servicio de Cooperaci\u00f3n&#46;&#46;&#46;<\/p>\n","protected":false},"author":2,"featured_media":22382,"comment_status":"closed","ping_status":"open","sticky":false,"template":"","format":"standard","meta":{"footnotes":""},"categories":[3,1],"tags":[1115,1678,2218,160,8,6,117],"class_list":["post-22381","post","type-post","status-publish","format-standard","has-post-thumbnail","hentry","category-actualidad","category-noticias","tag-noticias","tag-nuble","tag-pymes","tag-sercotec","tag-yungay","tag-yungayino","tag-yungayinocl"],"_links":{"self":[{"href":"https:\/\/www.yungayino.cl\/noticias\/index.php?rest_route=\/wp\/v2\/posts\/22381","targetHints":{"allow":["GET"]}}],"collection":[{"href":"https:\/\/www.yungayino.cl\/noticias\/index.php?rest_route=\/wp\/v2\/posts"}],"about":[{"href":"https:\/\/www.yungayino.cl\/noticias\/index.php?rest_route=\/wp\/v2\/types\/post"}],"author":[{"embeddable":true,"href":"https:\/\/www.yungayino.cl\/noticias\/index.php?rest_route=\/wp\/v2\/users\/2"}],"replies":[{"embeddable":true,"href":"https:\/\/www.yungayino.cl\/noticias\/index.php?rest_route=%2Fwp%2Fv2%2Fcomments&post=22381"}],"version-history":[{"count":2,"href":"https:\/\/www.yungayino.cl\/noticias\/index.php?rest_route=\/wp\/v2\/posts\/22381\/revisions"}],"predecessor-version":[{"id":22384,"href":"https:\/\/www.yungayino.cl\/noticias\/index.php?rest_route=\/wp\/v2\/posts\/22381\/revisions\/22384"}],"wp:featuredmedia":[{"embeddable":true,"href":"https:\/\/www.yungayino.cl\/noticias\/index.php?rest_route=\/wp\/v2\/media\/22382"}],"wp:attachment":[{"href":"https:\/\/www.yungayino.cl\/noticias\/index.php?rest_route=%2Fwp%2Fv2%2Fmedia&parent=22381"}],"wp:term":[{"taxonomy":"category","embeddable":true,"href":"https:\/\/www.yungayino.cl\/noticias\/index.php?rest_route=%2Fwp%2Fv2%2Fcategories&post=22381"},{"taxonomy":"post_tag","embeddable":true,"href":"https:\/\/www.yungayino.cl\/noticias\/index.php?rest_route=%2Fwp%2Fv2%2Ftags&post=22381"}],"curies":[{"name":"wp","href":"https:\/\/api.w.org\/{rel}","templated":true}]}}