{"id":22396,"date":"2020-05-08T08:00:41","date_gmt":"2020-05-08T11:00:41","guid":{"rendered":"http:\/\/www.yungayino.cl\/noticias\/?p=22396"},"modified":"2020-05-07T15:37:58","modified_gmt":"2020-05-07T18:37:58","slug":"yungay-se-adjudica-recursos-para-apoyar-medidas-de-prevencion-en-la-comunidad","status":"publish","type":"post","link":"https:\/\/www.yungayino.cl\/noticias\/?p=22396","title":{"rendered":"Yungay se Adjudica Recursos Para Apoyar Medidas de Prevenci\u00f3n en la Comunidad"},"content":{"rendered":"<p><img loading=\"lazy\" decoding=\"async\" class=\"alignnone size-full wp-image-22397\" src=\"http:\/\/www.yungayino.cl\/noticias\/wp-content\/uploads\/2020\/05\/7-mayo-recursos.jpg\" alt=\"\" width=\"700\" height=\"394\" srcset=\"https:\/\/www.yungayino.cl\/noticias\/wp-content\/uploads\/2020\/05\/7-mayo-recursos.jpg 700w, https:\/\/www.yungayino.cl\/noticias\/wp-content\/uploads\/2020\/05\/7-mayo-recursos-300x169.jpg 300w, https:\/\/www.yungayino.cl\/noticias\/wp-content\/uploads\/2020\/05\/7-mayo-recursos-266x150.jpg 266w\" sizes=\"auto, (max-width: 700px) 100vw, 700px\" \/><\/p>\n<p style=\"text-align: justify;\">Yungay, mayo 2020: El Consejo Regional de \u00d1uble aprob\u00f3 el proyecto postulado por la Municipalidad de Yungay: \u201cResguardo de poblaci\u00f3n vulnerable para la mantenci\u00f3n de la actividad social, en tiempos de COVID-19\u201d, cuyo objetivo es fomentar medidas de protecci\u00f3n y prevenci\u00f3n del COVID-19 en la poblaci\u00f3n vulnerable de la comuna de Yungay.<\/p>\n<p style=\"text-align: justify;\">El Consejo Regional aprob\u00f3 $44.984.172.- Estos recursos se gastar\u00e1n en la adquisici\u00f3n de implementos de seguridad personal y de limpieza para la poblaci\u00f3n vulnerable y para los funcionarios\/as p\u00fablicos de Yungay; adem\u00e1s, en la contrataci\u00f3n de personal especializado del \u00e1rea de la salud para fortalecer la asistencia a domicilio a personas mayores.<\/p>\n<p style=\"text-align: justify;\">Este proyecto es un trabajo conjunto realizado por los profesionales de la Secretar\u00eda Comunal de Planificaci\u00f3n y el Departamento de Salud de la Municipalidad de Yungay, dando respuesta al inter\u00e9s del alcalde Rafael Cifuentes, quien manifest\u00f3 que \u201chay que seguir generando medidas de apoyo a la prevenci\u00f3n del contagio de Coronavirus en nuestra comuna, porque nuestra misi\u00f3n es resguardar a la poblaci\u00f3n, as\u00ed lo hemos hecho desde el primer d\u00eda de esta emergencia sanitaria\u201d.<\/p>\n","protected":false},"excerpt":{"rendered":"<p>Yungay, mayo 2020: El Consejo Regional de \u00d1uble aprob\u00f3 el proyecto postulado por la Municipalidad de Yungay: \u201cResguardo de poblaci\u00f3n vulnerable para la mantenci\u00f3n de la actividad social, en tiempos de COVID-19\u201d, cuyo objetivo&#46;&#46;&#46;<\/p>\n","protected":false},"author":2,"featured_media":22397,"comment_status":"closed","ping_status":"open","sticky":false,"template":"","format":"standard","meta":{"footnotes":""},"categories":[3,1],"tags":[1115,8,6,117],"class_list":["post-22396","post","type-post","status-publish","format-standard","has-post-thumbnail","hentry","category-actualidad","category-noticias","tag-noticias","tag-yungay","tag-yungayino","tag-yungayinocl"],"_links":{"self":[{"href":"https:\/\/www.yungayino.cl\/noticias\/index.php?rest_route=\/wp\/v2\/posts\/22396","targetHints":{"allow":["GET"]}}],"collection":[{"href":"https:\/\/www.yungayino.cl\/noticias\/index.php?rest_route=\/wp\/v2\/posts"}],"about":[{"href":"https:\/\/www.yungayino.cl\/noticias\/index.php?rest_route=\/wp\/v2\/types\/post"}],"author":[{"embeddable":true,"href":"https:\/\/www.yungayino.cl\/noticias\/index.php?rest_route=\/wp\/v2\/users\/2"}],"replies":[{"embeddable":true,"href":"https:\/\/www.yungayino.cl\/noticias\/index.php?rest_route=%2Fwp%2Fv2%2Fcomments&post=22396"}],"version-history":[{"count":1,"href":"https:\/\/www.yungayino.cl\/noticias\/index.php?rest_route=\/wp\/v2\/posts\/22396\/revisions"}],"predecessor-version":[{"id":22398,"href":"https:\/\/www.yungayino.cl\/noticias\/index.php?rest_route=\/wp\/v2\/posts\/22396\/revisions\/22398"}],"wp:featuredmedia":[{"embeddable":true,"href":"https:\/\/www.yungayino.cl\/noticias\/index.php?rest_route=\/wp\/v2\/media\/22397"}],"wp:attachment":[{"href":"https:\/\/www.yungayino.cl\/noticias\/index.php?rest_route=%2Fwp%2Fv2%2Fmedia&parent=22396"}],"wp:term":[{"taxonomy":"category","embeddable":true,"href":"https:\/\/www.yungayino.cl\/noticias\/index.php?rest_route=%2Fwp%2Fv2%2Fcategories&post=22396"},{"taxonomy":"post_tag","embeddable":true,"href":"https:\/\/www.yungayino.cl\/noticias\/index.php?rest_route=%2Fwp%2Fv2%2Ftags&post=22396"}],"curies":[{"name":"wp","href":"https:\/\/api.w.org\/{rel}","templated":true}]}}