{"id":22399,"date":"2020-05-11T18:00:24","date_gmt":"2020-05-11T21:00:24","guid":{"rendered":"http:\/\/www.yungayino.cl\/noticias\/?p=22399"},"modified":"2020-05-11T20:33:17","modified_gmt":"2020-05-11T23:33:17","slug":"gendarmeria-entrega-protectores-faciales-para-funcionarios-as-de-la-municipalidad-de-yungay","status":"publish","type":"post","link":"https:\/\/www.yungayino.cl\/noticias\/?p=22399","title":{"rendered":"Gendarmer\u00eda Entrega Protectores Faciales Para Funcionarios\/as de la Municipalidad de Yungay"},"content":{"rendered":"<p><img loading=\"lazy\" decoding=\"async\" class=\"alignnone size-full wp-image-22400\" src=\"http:\/\/www.yungayino.cl\/noticias\/wp-content\/uploads\/2020\/05\/portada-hoy-lunes.jpg\" alt=\"\" width=\"700\" height=\"390\" srcset=\"https:\/\/www.yungayino.cl\/noticias\/wp-content\/uploads\/2020\/05\/portada-hoy-lunes.jpg 700w, https:\/\/www.yungayino.cl\/noticias\/wp-content\/uploads\/2020\/05\/portada-hoy-lunes-300x167.jpg 300w, https:\/\/www.yungayino.cl\/noticias\/wp-content\/uploads\/2020\/05\/portada-hoy-lunes-269x150.jpg 269w\" sizes=\"auto, (max-width: 700px) 100vw, 700px\" \/><\/p>\n<p style=\"text-align: justify;\">Yungay, lunes 11 de mayo 2020: Durante la ma\u00f1ana de este lunes 11 de mayo, el Teniente Carlos Hern\u00e1ndez Constanzo, alcaide del Centro de Detenci\u00f3n Preventiva de Yungay, realiz\u00f3 la entrega de protectores faciales para funcionarios\/as de la Municipalidad de Yungay.<\/p>\n<p style=\"text-align: justify;\">\u201cPara nosotros es importante poder hacer este aporte a la Municipalidad, ya que vemos en ellos una instituci\u00f3n que trabaja con la comunidad diariamente. Nuestra idea es aportar a mitigar los contagios de CORONAVIRUS y apoyar a nuestra comuna, ese es el compromiso de Gendarmer\u00eda ac\u00e1 en Yungay\u201d declar\u00f3 el alcaide del CDP de Yungay, Teniente Carlos Hern\u00e1ndez.<\/p>\n<p style=\"text-align: justify;\">\u201cEl apoyo de los protectores faciales es una medida de prevenci\u00f3n que se suma a las ya implementadas por el municipio a favor de sus funcionarios que est\u00e1n trabajando en la Municipalidad y los que est\u00e1n en terreno todos los d\u00edas\u201d manifest\u00f3 el alcalde Rafael Cifuentes Rodr\u00edguez.<\/p>\n","protected":false},"excerpt":{"rendered":"<p>Yungay, lunes 11 de mayo 2020: Durante la ma\u00f1ana de este lunes 11 de mayo, el Teniente Carlos Hern\u00e1ndez Constanzo, alcaide del Centro de Detenci\u00f3n Preventiva de Yungay, realiz\u00f3 la entrega de protectores faciales&#46;&#46;&#46;<\/p>\n","protected":false},"author":2,"featured_media":22400,"comment_status":"closed","ping_status":"open","sticky":false,"template":"","format":"standard","meta":{"footnotes":""},"categories":[1],"tags":[1115,8,6,117],"class_list":["post-22399","post","type-post","status-publish","format-standard","has-post-thumbnail","hentry","category-noticias","tag-noticias","tag-yungay","tag-yungayino","tag-yungayinocl"],"_links":{"self":[{"href":"https:\/\/www.yungayino.cl\/noticias\/index.php?rest_route=\/wp\/v2\/posts\/22399","targetHints":{"allow":["GET"]}}],"collection":[{"href":"https:\/\/www.yungayino.cl\/noticias\/index.php?rest_route=\/wp\/v2\/posts"}],"about":[{"href":"https:\/\/www.yungayino.cl\/noticias\/index.php?rest_route=\/wp\/v2\/types\/post"}],"author":[{"embeddable":true,"href":"https:\/\/www.yungayino.cl\/noticias\/index.php?rest_route=\/wp\/v2\/users\/2"}],"replies":[{"embeddable":true,"href":"https:\/\/www.yungayino.cl\/noticias\/index.php?rest_route=%2Fwp%2Fv2%2Fcomments&post=22399"}],"version-history":[{"count":1,"href":"https:\/\/www.yungayino.cl\/noticias\/index.php?rest_route=\/wp\/v2\/posts\/22399\/revisions"}],"predecessor-version":[{"id":22401,"href":"https:\/\/www.yungayino.cl\/noticias\/index.php?rest_route=\/wp\/v2\/posts\/22399\/revisions\/22401"}],"wp:featuredmedia":[{"embeddable":true,"href":"https:\/\/www.yungayino.cl\/noticias\/index.php?rest_route=\/wp\/v2\/media\/22400"}],"wp:attachment":[{"href":"https:\/\/www.yungayino.cl\/noticias\/index.php?rest_route=%2Fwp%2Fv2%2Fmedia&parent=22399"}],"wp:term":[{"taxonomy":"category","embeddable":true,"href":"https:\/\/www.yungayino.cl\/noticias\/index.php?rest_route=%2Fwp%2Fv2%2Fcategories&post=22399"},{"taxonomy":"post_tag","embeddable":true,"href":"https:\/\/www.yungayino.cl\/noticias\/index.php?rest_route=%2Fwp%2Fv2%2Ftags&post=22399"}],"curies":[{"name":"wp","href":"https:\/\/api.w.org\/{rel}","templated":true}]}}