{"id":22444,"date":"2020-05-18T23:00:44","date_gmt":"2020-05-19T02:00:44","guid":{"rendered":"http:\/\/www.yungayino.cl\/noticias\/?p=22444"},"modified":"2020-05-19T00:26:04","modified_gmt":"2020-05-19T03:26:04","slug":"hospital-de-chillan-es-el-primer-establecimiento-de-regiones-en-contar-con-test-rapido-de-anticuerpos-contra-el-covid-19-para-funcionarios-de-salud","status":"publish","type":"post","link":"https:\/\/www.yungayino.cl\/noticias\/?p=22444","title":{"rendered":"Hospital de Chill\u00e1n es el Primer Establecimiento de Regiones en Contar con Test R\u00e1pido de Anticuerpos Contra el Covid 19 Para Funcionarios de Salud"},"content":{"rendered":"<p><img loading=\"lazy\" decoding=\"async\" class=\"alignnone size-full wp-image-22445\" src=\"http:\/\/www.yungayino.cl\/noticias\/wp-content\/uploads\/2020\/05\/portada-hospital-chillan.jpg\" alt=\"\" width=\"700\" height=\"373\" srcset=\"https:\/\/www.yungayino.cl\/noticias\/wp-content\/uploads\/2020\/05\/portada-hospital-chillan.jpg 700w, https:\/\/www.yungayino.cl\/noticias\/wp-content\/uploads\/2020\/05\/portada-hospital-chillan-300x160.jpg 300w, https:\/\/www.yungayino.cl\/noticias\/wp-content\/uploads\/2020\/05\/portada-hospital-chillan-282x150.jpg 282w\" sizes=\"auto, (max-width: 700px) 100vw, 700px\" \/><\/p>\n<p style=\"text-align: justify;\">Chill\u00e1n, mayo 2020: De esta manera, \u00d1uble se transforma en la Regi\u00f3n piloto de este programa, que mediante la toma de un sencillo examen, permite pesquisar los casos asintom\u00e1ticos con el fin de disminuir la velocidad de propagaci\u00f3n del virus.<\/p>\n<p style=\"text-align: justify;\">En el Hospital Cl\u00ednico Herminda Mart\u00edn de Chill\u00e1n comenz\u00f3 la realizaci\u00f3n del test r\u00e1pido de anticuerpos contra el Covid 19 en regiones. El establecimiento se transform\u00f3 en el recinto piloto de esta iniciativa del Ministerio de Salud, que permite detectar a quienes de manera asintom\u00e1tica tienen o tuvieron la enfermedad, contribuyendo as\u00ed a reducir la velocidad de contagio.<\/p>\n<p style=\"text-align: justify;\">La estrategia est\u00e1 dirigida inicialmente a la poblaci\u00f3n que tiene un mayor riesgo de contraer el virus, como lo son profesionales de la salud, gendarmer\u00eda, poblaci\u00f3n penal, adem\u00e1s de los hogares de adultos mayores. As\u00ed lo explic\u00f3 la Directora (s) del Servicio de Salud \u00d1uble, Elizabeth Abarca Trivi\u00f1o, detall\u00f3 los alcances de la medida:<\/p>\n<p style=\"text-align: justify;\">\u201cEstamos muy contentos de iniciar la puesta en marcha de este programa que se enmarca en el Plan de Acci\u00f3n contra el coronavirus. Hoy nos convertimos en la primera regi\u00f3n del pa\u00eds, fuera de Santiago, en contar con este examen que detecta la respuesta inmunol\u00f3gica, es decir, los anticuerpos que produce el\u00a0 organismo para defenderse de la infecci\u00f3n que produce este pat\u00f3geno\u201d, indic\u00f3 la profesional.<\/p>\n<p style=\"text-align: justify;\">La Directora (s) destac\u00f3 que \u201cse han recibido una cantidad suficiente de test, lo que nos permitir\u00e1 darle seguridad en el trabajo de cada uno de los funcionarios. En esta primera instancia, llegaremos a todos los trabajadores que se desempe\u00f1an en las unidades cr\u00edticas, m\u00e1s expuestos con las personas diagnosticas con Covid 19, posterior a esto, comenzaremos a realizarlo en todos los establecimientos, tanto de la atenci\u00f3n primaria como de atenci\u00f3n secundaria de la Regi\u00f3n\u201d, a\u00f1adi\u00f3 la profesional.<\/p>\n<p style=\"text-align: justify;\"><strong>Foco en unidades cr\u00edticas<\/strong><\/p>\n<p style=\"text-align: justify;\">Por su parte, el Director del Hospital Cl\u00ednico Herminda Mart\u00edn, Luis Alberto P\u00e9rez Ojeda, valor\u00f3 el inicio de esta estrategia en el establecimiento: \u201cSomos parte de un nuevo gran desaf\u00edo porque iniciamos ac\u00e1 en Chill\u00e1n,\u00a0en nuestro Hospital, la marcha blanca de la toma de test r\u00e1pido para la detecci\u00f3n de anticuerpos de Coronavirus, lo que nos ubica como el primer centro asistencial de regiones donde comienza este programa de testeo para el personal de salud.<\/p>\n<p style=\"text-align: justify;\">\u201cIniciamos el chequeo aleatorio en m\u00e9dicos, enfermeras, t\u00e9cnicos de enfermer\u00eda, y auxiliares, que se encontraban\u00a0de turno,\u00a0en unidades cr\u00edticas por su alto nivel de exposici\u00f3n al virus y sus resultados nos permitir\u00e1n determinar\u00a0la presencia de anticuerpos en la sangre y as\u00ed saber el nivel de contagio en personal asintom\u00e1tico, lo que es informaci\u00f3n muy valiosa, para el propio funcionario, pero al mismo tiempo, para orientar o reforzar los planes de prevenci\u00f3n y uso correcto de los Elementos de Protecci\u00f3n Personal (EPP) dirigidos a la comunidad hospitalaria\u201d.<\/p>\n<p style=\"text-align: justify;\"><strong>Funcionarios valoraron la medida<\/strong><\/p>\n<p style=\"text-align: justify;\">En el Hospital Regional, los primeros en tomarse el test fueron los equipos de la Unidad\u00a0 de Cuidados Intensivos y de Emergencia. Uno de ellos fue Basti\u00e1n Garc\u00eda, quien destac\u00f3 la puesta en marcha de este test en \u00d1uble: \u201cMe parece de vital importancia, dado que la premisa para nosotros como funcionarios es cuidarse uno para poder seguir cuidado a los dem\u00e1s pacientes, as\u00ed que es fundamental que tomen este examen y ser el primer establecimiento a nivel regional que cuente esta medida\u201d.<\/p>\n<p style=\"text-align: justify;\">En tanto, Paola Alarc\u00f3n, valor\u00f3 esta iniciativa que les otorga mayor seguridad: \u201cEs excelente que hayan empezado en los niveles m\u00e1s cr\u00edticos, porque debemos tomar todas las precauciones. Yo tengo dos hijos y para m\u00ed el ver el resultado del test me permitir\u00e1 seguir tomando todas las medidas de resguardo pero a la vez, estar m\u00e1s tranquila\u201d.<\/p>\n<p style=\"text-align: justify;\">Una de principales cualidades del examen, es que es una prueba sencilla,\u00a0 ya que a trav\u00e9s de una muestra de sangre y en s\u00f3lo 15 minutos permite saber si la persona desarroll\u00f3 los anticuerpos, que combaten este virus. Su aplicaci\u00f3n en fundamental en el caso de usuarios asintom\u00e1ticos quienes pueden tener la enfermedad y contagiar sin saberlo.<\/p>\n","protected":false},"excerpt":{"rendered":"<p>Chill\u00e1n, mayo 2020: De esta manera, \u00d1uble se transforma en la Regi\u00f3n piloto de este programa, que mediante la toma de un sencillo examen, permite pesquisar los casos asintom\u00e1ticos con el fin de disminuir&#46;&#46;&#46;<\/p>\n","protected":false},"author":2,"featured_media":22445,"comment_status":"closed","ping_status":"open","sticky":false,"template":"","format":"standard","meta":{"footnotes":""},"categories":[1,1675],"tags":[2183,1115,1678,65,8,6,117],"class_list":["post-22444","post","type-post","status-publish","format-standard","has-post-thumbnail","hentry","category-noticias","category-saludc","tag-covid-19","tag-noticias","tag-nuble","tag-salud","tag-yungay","tag-yungayino","tag-yungayinocl"],"_links":{"self":[{"href":"https:\/\/www.yungayino.cl\/noticias\/index.php?rest_route=\/wp\/v2\/posts\/22444","targetHints":{"allow":["GET"]}}],"collection":[{"href":"https:\/\/www.yungayino.cl\/noticias\/index.php?rest_route=\/wp\/v2\/posts"}],"about":[{"href":"https:\/\/www.yungayino.cl\/noticias\/index.php?rest_route=\/wp\/v2\/types\/post"}],"author":[{"embeddable":true,"href":"https:\/\/www.yungayino.cl\/noticias\/index.php?rest_route=\/wp\/v2\/users\/2"}],"replies":[{"embeddable":true,"href":"https:\/\/www.yungayino.cl\/noticias\/index.php?rest_route=%2Fwp%2Fv2%2Fcomments&post=22444"}],"version-history":[{"count":2,"href":"https:\/\/www.yungayino.cl\/noticias\/index.php?rest_route=\/wp\/v2\/posts\/22444\/revisions"}],"predecessor-version":[{"id":22447,"href":"https:\/\/www.yungayino.cl\/noticias\/index.php?rest_route=\/wp\/v2\/posts\/22444\/revisions\/22447"}],"wp:featuredmedia":[{"embeddable":true,"href":"https:\/\/www.yungayino.cl\/noticias\/index.php?rest_route=\/wp\/v2\/media\/22445"}],"wp:attachment":[{"href":"https:\/\/www.yungayino.cl\/noticias\/index.php?rest_route=%2Fwp%2Fv2%2Fmedia&parent=22444"}],"wp:term":[{"taxonomy":"category","embeddable":true,"href":"https:\/\/www.yungayino.cl\/noticias\/index.php?rest_route=%2Fwp%2Fv2%2Fcategories&post=22444"},{"taxonomy":"post_tag","embeddable":true,"href":"https:\/\/www.yungayino.cl\/noticias\/index.php?rest_route=%2Fwp%2Fv2%2Ftags&post=22444"}],"curies":[{"name":"wp","href":"https:\/\/api.w.org\/{rel}","templated":true}]}}