{"id":22469,"date":"2020-05-21T07:00:03","date_gmt":"2020-05-21T10:00:03","guid":{"rendered":"http:\/\/www.yungayino.cl\/noticias\/?p=22469"},"modified":"2020-05-19T19:54:46","modified_gmt":"2020-05-19T22:54:46","slug":"sercotec-lanza-plataforma-ruta-digital","status":"publish","type":"post","link":"https:\/\/www.yungayino.cl\/noticias\/?p=22469","title":{"rendered":"SERCOTEC Lanza Plataforma Ruta Digital"},"content":{"rendered":"<p><img loading=\"lazy\" decoding=\"async\" class=\"alignnone size-full wp-image-22470\" src=\"http:\/\/www.yungayino.cl\/noticias\/wp-content\/uploads\/2020\/05\/RUTA-DIGITAL-SERCOTEC.jpg\" alt=\"\" width=\"700\" height=\"587\" srcset=\"https:\/\/www.yungayino.cl\/noticias\/wp-content\/uploads\/2020\/05\/RUTA-DIGITAL-SERCOTEC.jpg 700w, https:\/\/www.yungayino.cl\/noticias\/wp-content\/uploads\/2020\/05\/RUTA-DIGITAL-SERCOTEC-300x252.jpg 300w, https:\/\/www.yungayino.cl\/noticias\/wp-content\/uploads\/2020\/05\/RUTA-DIGITAL-SERCOTEC-179x150.jpg 179w\" sizes=\"auto, (max-width: 700px) 100vw, 700px\" \/><\/p>\n<p style=\"text-align: justify;\">\u00d1uble, mayo 2020: El Servicio de Cooperaci\u00f3n T\u00e9cnica, Sercotec, lanz\u00f3 este martes la plataforma Ruta Digital, iniciativa que forma parte del programa \u201cDigitaliza tu Pyme\u201d del Ministerio de Econom\u00eda Fomento y Turismo, y que busca capacitar en el uso de la tecnolog\u00eda y entregar herramientas digitales a los micro y peque\u00f1os empresarios del pa\u00eds con el fin de mejorar la gesti\u00f3n de sus negocios y generar nuevas oportunidades de mercado.<\/p>\n<p style=\"text-align: justify;\">El Director Regional de Sercotec \u00d1uble, Ignacio Karim Vidal se\u00f1al\u00f3: \u201cEsta plataforma es una gran oportunidad para las micro y peque\u00f1as empresas de nuestra regi\u00f3n donde podr\u00e1n acceder a cursos online sobre finanzas, seguridad de la informaci\u00f3n, ventas, inventario, gesti\u00f3n, colaboraci\u00f3n y marketing digital; as\u00ed como con la entrega de un kit digital a cientos de micro y peque\u00f1os emprendedores. En \u00d1uble tenemos muchos emprendedores y emprendedoras que lo est\u00e1n pasando mal por la baja de sus ventas, pero este beneficio de Sercotec va m\u00e1s all\u00e1 que s\u00f3lo vender a trav\u00e9s de canales digitales porque entregar\u00e1 conocimientos t\u00e9cnicos de calidad para mejorar la gesti\u00f3n, y un ejemplo la plataforma www.pedidosquillon.cl impulsado por Sercotec, donde gracias al uso de estas herramientas y conocimientos en sistemas digitales han podido continuar con su operaci\u00f3n en l\u00ednea.\u201d<\/p>\n<p style=\"text-align: justify;\">En tanto el Seremi de Econom\u00eda, Roger Cisterna se\u00f1al\u00f3 que: \u201cLa pandemia del Covid-19 ha demostrado que la digitalizaci\u00f3n es una herramienta fundamental, que incluso deber\u00eda ser considerada como b\u00e1sica en la era actual. Las oportunidades que trae la incorporaci\u00f3n de tecnolog\u00edas a las empresas pueden hacer la diferencia entre sobrevivir o no en esta contingencia. Pero m\u00e1s all\u00e1 de esto, el beneficio de los conocimientos digitales es que se quedan en el ADN de las empresas, tray\u00e9ndoles constantemente nuevas oportunidades\u201d.<\/p>\n<p style=\"text-align: justify;\">La plataforma Ruta Digital de Sercotec busca acompa\u00f1ar a las Mipes durante todo el camino que deben recorrer para alcanzar la digitalizaci\u00f3n de sus negocios. Por ello, adem\u00e1s de los cursos gratuitos disponibles a trav\u00e9s de www.rutadigital.cl, quienes realicen las capacitaciones online podr\u00e1n postular a un Kit Digital, el cual contiene herramientas (software y hardware) para la gesti\u00f3n empresarial. Por lo tanto, la invitaci\u00f3n es a quienes finalicen estos cursos para que postulen a este kit digital hasta el 2 de junio.<\/p>\n<p style=\"text-align: justify;\"><strong>\u00bfC\u00f3mo postular al Kit Digital?<\/strong><\/p>\n<p style=\"text-align: justify;\">Es muy f\u00e1cil. Para ello, solo hay que ingresar y registrarse en: www.rutadigital.cl<\/p>\n<p style=\"text-align: justify;\">Realizar Test de inicio para saber estado de conocimiento digital y realizar los cursos en l\u00ednea.<\/p>\n<p style=\"text-align: justify;\">Al finalizar, realizar Test para conocer disminuci\u00f3n de brecha digital y obtener certificado.<\/p>\n<p style=\"text-align: justify;\">Una vez concluido los cursos, postular al Kit Digital, a trav\u00e9s de la plataforma www.rutadigital.cl<\/p>\n<p style=\"text-align: justify;\"><strong>Fecha de postulaci\u00f3n: 19 de mayo al 2 de junio hasta las 15:00 horas.<\/strong><\/p>\n<p style=\"text-align: justify;\"><strong>\u00bfEn qu\u00e9 consiste el Kit Digital?<\/strong><\/p>\n<p style=\"text-align: justify;\">El Kit Digital es un beneficio concursable, con requisitos de postulaci\u00f3n y est\u00e1 dirigido a quienes hayan realizado los cursos en www.rutadigital.cl, que presenten avances de aprendizaje, luego de esta capacitaci\u00f3n. El Kit Digital entrega un beneficio de hasta $480.000.- para que las empresas puedan adquirir activos fijos (software y hardware) para la digitalizaci\u00f3n de sus negocios, poniendo as\u00ed en pr\u00e1ctica lo aprendido en los cursos virtuales. El pago de IVA asociados a cada compra, ser\u00e1 de cargo de la empresa beneficiada.<\/p>\n<p style=\"text-align: justify;\"><strong>\u00bfQui\u00e9nes pueden postular?<\/strong><\/p>\n<p style=\"text-align: justify;\">Ruta Digital est\u00e1 dirigido a personas naturales o jur\u00eddicas con inicio de actividades en primera categor\u00eda, ante el Servicio de Impuestos Internos, que desarrollen actividades econ\u00f3micas, con ventas netas anuales iguales o inferiores a 25.000 UF.<\/p>\n<p style=\"text-align: justify;\">Tambi\u00e9n pueden acceder a Ruta Digital, las Cooperativas con inicio de actividades en primera categor\u00eda, y con ventas netas promedio por asociado inferiores a 25.000 UF anuales. Se excluyen las cooperativas de servicios financieros.<\/p>\n","protected":false},"excerpt":{"rendered":"<p>\u00d1uble, mayo 2020: El Servicio de Cooperaci\u00f3n T\u00e9cnica, Sercotec, lanz\u00f3 este martes la plataforma Ruta Digital, iniciativa que forma parte del programa \u201cDigitaliza tu Pyme\u201d del Ministerio de Econom\u00eda Fomento y Turismo, y que&#46;&#46;&#46;<\/p>\n","protected":false},"author":2,"featured_media":22470,"comment_status":"closed","ping_status":"open","sticky":false,"template":"","format":"standard","meta":{"footnotes":""},"categories":[1],"tags":[1115,2225,160,8,6,117],"class_list":["post-22469","post","type-post","status-publish","format-standard","has-post-thumbnail","hentry","category-noticias","tag-noticias","tag-ruta-digital","tag-sercotec","tag-yungay","tag-yungayino","tag-yungayinocl"],"_links":{"self":[{"href":"https:\/\/www.yungayino.cl\/noticias\/index.php?rest_route=\/wp\/v2\/posts\/22469","targetHints":{"allow":["GET"]}}],"collection":[{"href":"https:\/\/www.yungayino.cl\/noticias\/index.php?rest_route=\/wp\/v2\/posts"}],"about":[{"href":"https:\/\/www.yungayino.cl\/noticias\/index.php?rest_route=\/wp\/v2\/types\/post"}],"author":[{"embeddable":true,"href":"https:\/\/www.yungayino.cl\/noticias\/index.php?rest_route=\/wp\/v2\/users\/2"}],"replies":[{"embeddable":true,"href":"https:\/\/www.yungayino.cl\/noticias\/index.php?rest_route=%2Fwp%2Fv2%2Fcomments&post=22469"}],"version-history":[{"count":3,"href":"https:\/\/www.yungayino.cl\/noticias\/index.php?rest_route=\/wp\/v2\/posts\/22469\/revisions"}],"predecessor-version":[{"id":22473,"href":"https:\/\/www.yungayino.cl\/noticias\/index.php?rest_route=\/wp\/v2\/posts\/22469\/revisions\/22473"}],"wp:featuredmedia":[{"embeddable":true,"href":"https:\/\/www.yungayino.cl\/noticias\/index.php?rest_route=\/wp\/v2\/media\/22470"}],"wp:attachment":[{"href":"https:\/\/www.yungayino.cl\/noticias\/index.php?rest_route=%2Fwp%2Fv2%2Fmedia&parent=22469"}],"wp:term":[{"taxonomy":"category","embeddable":true,"href":"https:\/\/www.yungayino.cl\/noticias\/index.php?rest_route=%2Fwp%2Fv2%2Fcategories&post=22469"},{"taxonomy":"post_tag","embeddable":true,"href":"https:\/\/www.yungayino.cl\/noticias\/index.php?rest_route=%2Fwp%2Fv2%2Ftags&post=22469"}],"curies":[{"name":"wp","href":"https:\/\/api.w.org\/{rel}","templated":true}]}}