{"id":22490,"date":"2020-05-27T22:00:12","date_gmt":"2020-05-28T01:00:12","guid":{"rendered":"http:\/\/www.yungayino.cl\/noticias\/?p=22490"},"modified":"2020-05-27T23:15:30","modified_gmt":"2020-05-28T02:15:30","slug":"ministerio-de-salud-concreto-un-nuevo-traslado-de-paciente-desde-santiago-a-nuble","status":"publish","type":"post","link":"https:\/\/www.yungayino.cl\/noticias\/?p=22490","title":{"rendered":"Ministerio de Salud Concret\u00f3 un Nuevo Traslado de Paciente Desde Santiago a \u00d1uble"},"content":{"rendered":"<p><img loading=\"lazy\" decoding=\"async\" class=\"alignnone size-full wp-image-22491\" src=\"http:\/\/www.yungayino.cl\/noticias\/wp-content\/uploads\/2020\/05\/portada-hoy-2.jpg\" alt=\"\" width=\"700\" height=\"351\" srcset=\"https:\/\/www.yungayino.cl\/noticias\/wp-content\/uploads\/2020\/05\/portada-hoy-2.jpg 700w, https:\/\/www.yungayino.cl\/noticias\/wp-content\/uploads\/2020\/05\/portada-hoy-2-300x150.jpg 300w, https:\/\/www.yungayino.cl\/noticias\/wp-content\/uploads\/2020\/05\/portada-hoy-2-299x150.jpg 299w\" sizes=\"auto, (max-width: 700px) 100vw, 700px\" \/><\/p>\n<p style=\"text-align: justify;\">\u00d1uble, mayo 2020: Usuaria proveniente de la Regi\u00f3n Metropolitana fue ingresada a la Unidad de Cuidados Intensivos del Hospital Cl\u00ednico Herminda Mart\u00edn, conectada a ventilaci\u00f3n mec\u00e1nica.<\/p>\n<p style=\"text-align: justify;\">Un nuevo traslado desde la capital de pa\u00eds a Chill\u00e1n se concret\u00f3 la tarde de ayer martes 26 de mayo. Se trata de una paciente de 52 a\u00f1os, que se encontraba internada en el Hospital El Carmen de la comuna de Maip\u00fa y que ingres\u00f3 a la Unidad de Cuidados Intensivos del Hospital Regional.<\/p>\n<p style=\"text-align: justify;\">El procedimiento fue realizado desde la segunda Brigada A\u00e9rea de la Fuerza A\u00e9rea de Chile (FACH), arribando al aer\u00f3dromo Bernardo O\u2019 Higgins cerca de las 17:00 horas.<\/p>\n<p style=\"text-align: justify;\">Durante la jornada, el Director (s) del Servicio de Salud \u00d1uble, Ricardo S\u00e1nchez Opazo, explic\u00f3 que este nuevo traslado se suma a las personas que hab\u00edan ingresado al Hospital de Chill\u00e1n, el jueves reci\u00e9n pasado provenientes de Pe\u00f1aflor, dos de las cuales ya recibieron el alta m\u00e9dica.<\/p>\n<p style=\"text-align: justify;\">\u201cComo lo hemos dicho de un comienzo, esta pandemia podremos superarla con el compromiso, pero tambi\u00e9n con el trabajo de todos, por ello, nos ponemos a disposici\u00f3n en este gran hospital en que se han transformado todos los recintos asistenciales del pa\u00eds, gracias a la red integrada COVID-19, para que cualquier persona que requiera atenci\u00f3n de salud, la tenga\u201d, se\u00f1al\u00f3 S\u00e1nchez.<\/p>\n<p style=\"text-align: justify;\">El directivo a\u00f1adi\u00f3 \u201cque estos traslados, fundamentales para ayudar a descongestionar la red de la Regi\u00f3n Metropolitana, son posibles gracias a la labor conjunta en este caso, de la Fuerza A\u00e9rea, del personal de los hospitales y tambi\u00e9n los equipos del SAMU, cuyas ambulancias avanzadas funcionan como una UCI m\u00f3vil, permitiendo que la persona contin\u00fae con el yun gapoyo de ventilaci\u00f3n mec\u00e1nica mientras de desplaza desde el aer\u00f3dromo o aeropuerto hasta el recinto asistencial\u201d.<\/p>\n<p style=\"text-align: justify;\">Por su parte, el Director del Hospital de Chill\u00e1n, Luis Alberto P\u00e9rez Ojeda, indic\u00f3: \u201cEstamos realizando nuestros mejores esfuerzos por responder a las personas desde el inicio de esta crisis, ampliando nuestra capacidad asistencial para apoyarnos como una sola red de hospitales que acoja a los pacientes que lo necesitan sin importar el lugar donde viven. El compromiso y profesionalismo de nuestro equipo hoy nos permite recibir a una nueva paciente de la Regi\u00f3n Metropolitana, la cuarta usuaria derivada a este Hospital, para brindarle los cuidados que requiera su condici\u00f3n de salud\u201d.<\/p>\n<p style=\"text-align: justify;\">\u201cEl personal de salud est\u00e1 trabajando intensamente, pero cobra m\u00e1s sentido si cada uno de los ciudadanos asume un compromiso de autocuidado y responsabilidad social\u201d, recalc\u00f3 P\u00e9rez Ojeda.<\/p>\n<p style=\"text-align: justify;\">De esta forma, ya son cuatro las personas que han sido derivadas a \u00d1uble y se espera que en los pr\u00f3ximos d\u00edas se concreten nuevos traslados, de acuerdo a la situaci\u00f3n epidemiol\u00f3gica del pa\u00eds.<\/p>\n","protected":false},"excerpt":{"rendered":"<p>\u00d1uble, mayo 2020: Usuaria proveniente de la Regi\u00f3n Metropolitana fue ingresada a la Unidad de Cuidados Intensivos del Hospital Cl\u00ednico Herminda Mart\u00edn, conectada a ventilaci\u00f3n mec\u00e1nica. Un nuevo traslado desde la capital de pa\u00eds&#46;&#46;&#46;<\/p>\n","protected":false},"author":2,"featured_media":22491,"comment_status":"closed","ping_status":"open","sticky":false,"template":"","format":"standard","meta":{"footnotes":""},"categories":[1,1675],"tags":[728,2183,1115,1678,65,8,6,117],"class_list":["post-22490","post","type-post","status-publish","format-standard","has-post-thumbnail","hentry","category-noticias","category-saludc","tag-chillan","tag-covid-19","tag-noticias","tag-nuble","tag-salud","tag-yungay","tag-yungayino","tag-yungayinocl"],"_links":{"self":[{"href":"https:\/\/www.yungayino.cl\/noticias\/index.php?rest_route=\/wp\/v2\/posts\/22490","targetHints":{"allow":["GET"]}}],"collection":[{"href":"https:\/\/www.yungayino.cl\/noticias\/index.php?rest_route=\/wp\/v2\/posts"}],"about":[{"href":"https:\/\/www.yungayino.cl\/noticias\/index.php?rest_route=\/wp\/v2\/types\/post"}],"author":[{"embeddable":true,"href":"https:\/\/www.yungayino.cl\/noticias\/index.php?rest_route=\/wp\/v2\/users\/2"}],"replies":[{"embeddable":true,"href":"https:\/\/www.yungayino.cl\/noticias\/index.php?rest_route=%2Fwp%2Fv2%2Fcomments&post=22490"}],"version-history":[{"count":1,"href":"https:\/\/www.yungayino.cl\/noticias\/index.php?rest_route=\/wp\/v2\/posts\/22490\/revisions"}],"predecessor-version":[{"id":22492,"href":"https:\/\/www.yungayino.cl\/noticias\/index.php?rest_route=\/wp\/v2\/posts\/22490\/revisions\/22492"}],"wp:featuredmedia":[{"embeddable":true,"href":"https:\/\/www.yungayino.cl\/noticias\/index.php?rest_route=\/wp\/v2\/media\/22491"}],"wp:attachment":[{"href":"https:\/\/www.yungayino.cl\/noticias\/index.php?rest_route=%2Fwp%2Fv2%2Fmedia&parent=22490"}],"wp:term":[{"taxonomy":"category","embeddable":true,"href":"https:\/\/www.yungayino.cl\/noticias\/index.php?rest_route=%2Fwp%2Fv2%2Fcategories&post=22490"},{"taxonomy":"post_tag","embeddable":true,"href":"https:\/\/www.yungayino.cl\/noticias\/index.php?rest_route=%2Fwp%2Fv2%2Ftags&post=22490"}],"curies":[{"name":"wp","href":"https:\/\/api.w.org\/{rel}","templated":true}]}}