{"id":22503,"date":"2020-05-30T07:00:32","date_gmt":"2020-05-30T10:00:32","guid":{"rendered":"http:\/\/www.yungayino.cl\/noticias\/?p=22503"},"modified":"2020-05-28T14:54:09","modified_gmt":"2020-05-28T17:54:09","slug":"amplian-horario-de-atencion-de-la-plataforma-telefonica-del-servicio-de-salud","status":"publish","type":"post","link":"https:\/\/www.yungayino.cl\/noticias\/?p=22503","title":{"rendered":"Ampl\u00edan Horario de Atenci\u00f3n de la Plataforma Telef\u00f3nica del Servicio de Salud"},"content":{"rendered":"<p><img loading=\"lazy\" decoding=\"async\" class=\"alignnone size-full wp-image-22504\" src=\"http:\/\/www.yungayino.cl\/noticias\/wp-content\/uploads\/2020\/05\/portada-te-orienta-salud.jpg\" alt=\"\" width=\"700\" height=\"374\" srcset=\"https:\/\/www.yungayino.cl\/noticias\/wp-content\/uploads\/2020\/05\/portada-te-orienta-salud.jpg 700w, https:\/\/www.yungayino.cl\/noticias\/wp-content\/uploads\/2020\/05\/portada-te-orienta-salud-300x160.jpg 300w, https:\/\/www.yungayino.cl\/noticias\/wp-content\/uploads\/2020\/05\/portada-te-orienta-salud-281x150.jpg 281w\" sizes=\"auto, (max-width: 700px) 100vw, 700px\" \/><\/p>\n<p style=\"text-align: justify;\">\u00d1uble, mayo 2020: 800 123 591 es el n\u00famero al que deben contactarse las personas si tienen dudas relacionadas con el Covid 19. En su primer mes de funcionamiento ha atendido m\u00e1s de mil llamadas.<\/p>\n<p style=\"text-align: justify;\">Servicio de Salud \u00d1uble te orienta, es la l\u00ednea telef\u00f3nica que la instituci\u00f3n habilit\u00f3 en el marco de la pandemia del Covid 19, para que las personas de la Regi\u00f3n reciban orientaci\u00f3n y resuelvan sus dudas sobre esta patolog\u00eda.<\/p>\n<p style=\"text-align: justify;\">La plataforma ha tenido una buena recepci\u00f3n por parte de la comunidad, raz\u00f3n por la cual, a un mes de su puesta en marcha, ampli\u00f3 su horario de atenci\u00f3n.<\/p>\n<p style=\"text-align: justify;\">El Director (s) del Servicio de Salud \u00d1uble (SS\u00d1), Ricardo S\u00e1nchez Opazo, explic\u00f3 que \u201cdebido a la excelente acogida que tuvimos de la ciudadan\u00eda, anunciamos que se extienden sus d\u00edas y horarios de funcionamiento. <strong>Ahora ser\u00e1 de lunes a viernes desde las 9:00 a las 19.00 horas; y tambi\u00e9n el equipo de profesionales atender\u00e1 los s\u00e1bados, domingos y festivos desde las 11:00 a las 18:00 horas\u201d.<\/strong><\/p>\n<p style=\"text-align: justify;\">En tanto, el doctor Igor Gebauer, Subdirector de Gesti\u00f3n Asistencial del SS\u00d1, detall\u00f3 que \u201cparte de las m\u00e1s de mil consultas que han ingresado al 800 123 591, se relacionan con conocer la conducta a seguir si la persona tiene diagn\u00f3stico de Covid positivo y tambi\u00e9n, la forma correcta de cumplir cuarentena en el hogar, o c\u00f3mo hacer uso de las residencias sanitarias\u201d.<\/p>\n<p style=\"text-align: justify;\">\u201cAnte esto, la invitaci\u00f3n es que las personas sigan contact\u00e1ndose con este equipo, la llamada es gratuita y ser\u00e1 atendida por profesionales de salud quienes le orientar\u00e1n y ayudar\u00e1n a resolver su pregunta\u201d, a\u00f1adi\u00f3 el facultativo.<\/p>\n<p style=\"text-align: justify;\"><strong><u>Orientaci\u00f3n de salud mental<\/u><\/strong><\/p>\n<p style=\"text-align: justify;\">Entre los servicios que brinda la plataforma, tambi\u00e9n se encuentra el apoyo y derivaci\u00f3n de consultas de salud mental. Ante este tipo dudas, las profesionales derivar\u00e1n a un equipo compuesto por psic\u00f3logos y m\u00e9dicos para brindar el apoyo correspondiente, e incluso indicar traslado a una unidad de emergencia en caso de ser necesario. Esta prestaci\u00f3n permite dar una primera ayuda psicol\u00f3gica.<\/p>\n","protected":false},"excerpt":{"rendered":"<p>\u00d1uble, mayo 2020: 800 123 591 es el n\u00famero al que deben contactarse las personas si tienen dudas relacionadas con el Covid 19. En su primer mes de funcionamiento ha atendido m\u00e1s de mil&#46;&#46;&#46;<\/p>\n","protected":false},"author":2,"featured_media":22504,"comment_status":"closed","ping_status":"open","sticky":false,"template":"","format":"standard","meta":{"footnotes":""},"categories":[3,1,1675,32],"tags":[728,2183,1115,1678,65,8,6,117],"class_list":["post-22503","post","type-post","status-publish","format-standard","has-post-thumbnail","hentry","category-actualidad","category-noticias","category-saludc","category-servicios","tag-chillan","tag-covid-19","tag-noticias","tag-nuble","tag-salud","tag-yungay","tag-yungayino","tag-yungayinocl"],"_links":{"self":[{"href":"https:\/\/www.yungayino.cl\/noticias\/index.php?rest_route=\/wp\/v2\/posts\/22503","targetHints":{"allow":["GET"]}}],"collection":[{"href":"https:\/\/www.yungayino.cl\/noticias\/index.php?rest_route=\/wp\/v2\/posts"}],"about":[{"href":"https:\/\/www.yungayino.cl\/noticias\/index.php?rest_route=\/wp\/v2\/types\/post"}],"author":[{"embeddable":true,"href":"https:\/\/www.yungayino.cl\/noticias\/index.php?rest_route=\/wp\/v2\/users\/2"}],"replies":[{"embeddable":true,"href":"https:\/\/www.yungayino.cl\/noticias\/index.php?rest_route=%2Fwp%2Fv2%2Fcomments&post=22503"}],"version-history":[{"count":2,"href":"https:\/\/www.yungayino.cl\/noticias\/index.php?rest_route=\/wp\/v2\/posts\/22503\/revisions"}],"predecessor-version":[{"id":22506,"href":"https:\/\/www.yungayino.cl\/noticias\/index.php?rest_route=\/wp\/v2\/posts\/22503\/revisions\/22506"}],"wp:featuredmedia":[{"embeddable":true,"href":"https:\/\/www.yungayino.cl\/noticias\/index.php?rest_route=\/wp\/v2\/media\/22504"}],"wp:attachment":[{"href":"https:\/\/www.yungayino.cl\/noticias\/index.php?rest_route=%2Fwp%2Fv2%2Fmedia&parent=22503"}],"wp:term":[{"taxonomy":"category","embeddable":true,"href":"https:\/\/www.yungayino.cl\/noticias\/index.php?rest_route=%2Fwp%2Fv2%2Fcategories&post=22503"},{"taxonomy":"post_tag","embeddable":true,"href":"https:\/\/www.yungayino.cl\/noticias\/index.php?rest_route=%2Fwp%2Fv2%2Ftags&post=22503"}],"curies":[{"name":"wp","href":"https:\/\/api.w.org\/{rel}","templated":true}]}}