{"id":22515,"date":"2020-05-28T21:00:26","date_gmt":"2020-05-29T00:00:26","guid":{"rendered":"http:\/\/www.yungayino.cl\/noticias\/?p=22515"},"modified":"2020-05-28T21:26:43","modified_gmt":"2020-05-29T00:26:43","slug":"yungay-se-mantiene-dentro-de-las-comunas-con-menos-casos-activos-de-coronavirus-en-la-region-de-nuble","status":"publish","type":"post","link":"https:\/\/www.yungayino.cl\/noticias\/?p=22515","title":{"rendered":"Yungay se Mantiene Dentro de las Comunas con Menos Casos Activos de Coronavirus en la Regi\u00f3n de \u00d1uble"},"content":{"rendered":"<p><img loading=\"lazy\" decoding=\"async\" class=\"alignnone size-full wp-image-22516\" src=\"http:\/\/www.yungayino.cl\/noticias\/wp-content\/uploads\/2020\/05\/portada-6.jpg\" alt=\"\" width=\"700\" height=\"350\" srcset=\"https:\/\/www.yungayino.cl\/noticias\/wp-content\/uploads\/2020\/05\/portada-6.jpg 700w, https:\/\/www.yungayino.cl\/noticias\/wp-content\/uploads\/2020\/05\/portada-6-300x150.jpg 300w\" sizes=\"auto, (max-width: 700px) 100vw, 700px\" \/><\/p>\n<p style=\"text-align: justify;\">Yungay, jueves 28 de mayo 2020: La comuna de Yungay registra s\u00f3lo 3 casos activos de coronavirus de un total de 60 personas contagiadas en el registro hist\u00f3rico, desde el inicio de la pandemia.<\/p>\n<p style=\"text-align: justify;\">Un 95% de las personas contagiadas de COVID en Yungay se han recuperado.<\/p>\n<p style=\"text-align: justify;\">Dentro del habitual reporte de contagios que realiza la autoridad sanitaria, hoy, jueves 28 de mayo, el Intendente de la regi\u00f3n de \u00d1uble, Mart\u00edn Arrau, destac\u00f3 que \u00abes un ejemplo muy positivo lo que pasa en Yungay. Hemos trabajado junto al alcalde, el general jefe de zona y la seremi de salud. Yungay es una comuna que lleva 60 casos, y lleg\u00f3 a tener 25 casos activos simult\u00e1neos. Al d\u00eda de ayer segu\u00edan s\u00f3lo 3 casos activos, y ya estamos muy cerca de que Yungay quede con 1 solo caso. Podr\u00edamos pasar de una comuna que tuvo muchos casos a uno sin casos.<\/p>\n<p style=\"text-align: justify;\">Tras conocer esta informaci\u00f3n, el alcalde de la comuna, Rafael Cifuentes Rodr\u00edguez, destac\u00f3 que \u201cestas cifras son realmente alentadoras, porque est\u00e1n dando resultado todas las medidas que hemos tomado como municipio y tambi\u00e9n el actuar de las personas que responsablemente han hecho uso de la cuarentena, adem\u00e1s, aquellos que han salido y tomado los resguardos necesarios para cuidarse. Agradecemos el trabajo de todas las instituciones p\u00fablicas y privadas, al Hospital de Yungay, a nuestro CESFAM de Campanario, a Carabineros, al comit\u00e9 de emergencias, al Ej\u00e9rcito, a la Intendencia y a todos quienes han colaborado para implementar las medidas de seguridad en nuestra poblaci\u00f3n. No podemos bajar los brazos, debemos seguir siendo muy precavidos y cuidadosos para que sigamos con noticias alentadoras como esta\u201d, sostuvo la primera autoridad comunal.<\/p>\n<p style=\"text-align: justify;\">[su_button url=\u00bbhttps:\/\/m.facebook.com\/pg\/yungayino.cl\/photos\/?tab=album&amp;album_id=3467854976562850&#8243; target=\u00bbblank\u00bb size=\u00bb7&#8243; radius=\u00bbround\u00bb icon=\u00bbicon: facebook-square\u00bb]FOTOGRAF\u00cdAS \u2013 Yungay se Mantiene Dentro de las Comunas con Menos Casos Activos de Coronavirus en la Regi\u00f3n de \u00d1uble[\/su_button]<\/p>\n","protected":false},"excerpt":{"rendered":"<p>Yungay, jueves 28 de mayo 2020: La comuna de Yungay registra s\u00f3lo 3 casos activos de coronavirus de un total de 60 personas contagiadas en el registro hist\u00f3rico, desde el inicio de la pandemia.&#46;&#46;&#46;<\/p>\n","protected":false},"author":2,"featured_media":22516,"comment_status":"closed","ping_status":"open","sticky":false,"template":"","format":"standard","meta":{"footnotes":""},"categories":[3,1,1675],"tags":[2182,2183,1115,65,8,6,117],"class_list":["post-22515","post","type-post","status-publish","format-standard","has-post-thumbnail","hentry","category-actualidad","category-noticias","category-saludc","tag-coronavirus","tag-covid-19","tag-noticias","tag-salud","tag-yungay","tag-yungayino","tag-yungayinocl"],"_links":{"self":[{"href":"https:\/\/www.yungayino.cl\/noticias\/index.php?rest_route=\/wp\/v2\/posts\/22515","targetHints":{"allow":["GET"]}}],"collection":[{"href":"https:\/\/www.yungayino.cl\/noticias\/index.php?rest_route=\/wp\/v2\/posts"}],"about":[{"href":"https:\/\/www.yungayino.cl\/noticias\/index.php?rest_route=\/wp\/v2\/types\/post"}],"author":[{"embeddable":true,"href":"https:\/\/www.yungayino.cl\/noticias\/index.php?rest_route=\/wp\/v2\/users\/2"}],"replies":[{"embeddable":true,"href":"https:\/\/www.yungayino.cl\/noticias\/index.php?rest_route=%2Fwp%2Fv2%2Fcomments&post=22515"}],"version-history":[{"count":5,"href":"https:\/\/www.yungayino.cl\/noticias\/index.php?rest_route=\/wp\/v2\/posts\/22515\/revisions"}],"predecessor-version":[{"id":22521,"href":"https:\/\/www.yungayino.cl\/noticias\/index.php?rest_route=\/wp\/v2\/posts\/22515\/revisions\/22521"}],"wp:featuredmedia":[{"embeddable":true,"href":"https:\/\/www.yungayino.cl\/noticias\/index.php?rest_route=\/wp\/v2\/media\/22516"}],"wp:attachment":[{"href":"https:\/\/www.yungayino.cl\/noticias\/index.php?rest_route=%2Fwp%2Fv2%2Fmedia&parent=22515"}],"wp:term":[{"taxonomy":"category","embeddable":true,"href":"https:\/\/www.yungayino.cl\/noticias\/index.php?rest_route=%2Fwp%2Fv2%2Fcategories&post=22515"},{"taxonomy":"post_tag","embeddable":true,"href":"https:\/\/www.yungayino.cl\/noticias\/index.php?rest_route=%2Fwp%2Fv2%2Ftags&post=22515"}],"curies":[{"name":"wp","href":"https:\/\/api.w.org\/{rel}","templated":true}]}}