{"id":22529,"date":"2020-06-03T18:00:24","date_gmt":"2020-06-03T21:00:24","guid":{"rendered":"http:\/\/www.yungayino.cl\/noticias\/?p=22529"},"modified":"2020-06-03T19:36:46","modified_gmt":"2020-06-03T22:36:46","slug":"yungay-se-adjudica-el-primer-centro-de-dia-para-la-atencion-de-adultos-mayores","status":"publish","type":"post","link":"https:\/\/www.yungayino.cl\/noticias\/?p=22529","title":{"rendered":"Yungay se Adjudica el Primer Centro de D\u00eda Para la Atenci\u00f3n de Adultos Mayores"},"content":{"rendered":"<p><img loading=\"lazy\" decoding=\"async\" class=\"alignnone size-full wp-image-22530\" src=\"http:\/\/www.yungayino.cl\/noticias\/wp-content\/uploads\/2020\/06\/portada-3-junio.jpg\" alt=\"\" width=\"700\" height=\"350\" srcset=\"https:\/\/www.yungayino.cl\/noticias\/wp-content\/uploads\/2020\/06\/portada-3-junio.jpg 700w, https:\/\/www.yungayino.cl\/noticias\/wp-content\/uploads\/2020\/06\/portada-3-junio-300x150.jpg 300w\" sizes=\"auto, (max-width: 700px) 100vw, 700px\" \/><\/p>\n<p>*Fotograf\u00eda de Archivo<\/p>\n<p style=\"text-align: justify;\">Yungay, mi\u00e9rcoles 3 de junio 2020: La Municipalidad de Yungay se adjudic\u00f3, a trav\u00e9s de un concurso p\u00fablico nacional del Servicio Nacional del Adulto Mayor (SENAMA), los fondos para habilitar el primer \u201cCentro de d\u00eda para la atenci\u00f3n de adultos mayores\u201d en nuestra comuna.<\/p>\n<p style=\"text-align: justify;\">El centro de d\u00eda tiene como objetivo promover y fortalecer la autonom\u00eda e independencia de las personas adultas mayores. Para cumplir este objetivo se habilitar\u00e1 un espacio f\u00edsico, en el cual las personas beneficiadas desarrollar\u00e1n distintos talleres, estos talleres se agrupan en tres \u00e1reas: personal, social y comunitaria. El equipo multidisciplinario encargado de las \u00e1reas de trabajo estar\u00e1 compuesto por un trabajador social, un psic\u00f3logo y un kinesi\u00f3logo.<\/p>\n<p style=\"text-align: justify;\">El municipio firmar\u00e1 un Convenio directo con el SENAMA de trabajo en conjunto. En un inicio se atender\u00e1n 30 personas adultas mayores en situaci\u00f3n de vulnerabilidad y dependencia leve, y durar\u00e1 2 a\u00f1os.<\/p>\n<p style=\"text-align: justify;\">Esta iniciativa municipal se suma a las acciones que ha desarrollado el alcalde para hacer de Yungay una ciudad amigable con las personas mayores. Compromiso asumido en octubre del a\u00f1o pasado y que tiene el objetivo de mejorar sus condiciones de vida y fortalecer la capacidad de envejecer positivamente.<\/p>\n<p style=\"text-align: justify;\">\u201cPara Yungay es una muy buena noticia, ya que viene a reafirmar el gran trabajo que hemos realizado en apoyo a las personas adultas mayores de la comuna. Nuestro compromiso es mejorar la calidad de vida de ellas y ellos. Agradezco el compromiso de los profesionales de DIDECO, quienes son los gestores de este tipo de iniciativas\u201d manifest\u00f3 el alcalde de la comuna, Rafael Cifuentes Rodr\u00edguez.<\/p>\n<p style=\"text-align: justify;\">Gladys Ben\u00edtez, presidenta de la Uni\u00f3n Comunal de Adultos Mayores, destac\u00f3 el trabajo y gesti\u00f3n que se realiza en la comuna. \u201cMe siento orgullosa de que la Ilustre Municipalidad de Yungay gestione fondos que vayan en apoyo a las personas mayores de nuestra comuna, m\u00e1s a\u00fan, considerando que son personas que no se encuentran insertas en las redes comunitarias locales y\/o presentan alguna dependencia leve. Este es un gran logro que habla del compromiso con nuestros adultos mayores yungayinos\u201d.<\/p>\n<p style=\"text-align: justify;\">Frente a las actuales condiciones de emergencia sanitaria que vive nuestro pa\u00eds, el Centro de D\u00eda iniciar\u00e1 sus funciones de manera remota aproximadamente en la segunda quincena de Julio, luego que el municipio, en conjunto con SENAMA, elaboren un diagn\u00f3stico que permita establecer los criterios para la selecci\u00f3n de las personas beneficiadas con este proyecto. Una vez que las condiciones sanitarias lo permitan, se llevar\u00e1 a cabo el trabajo de forma presencial.<\/p>\n<p style=\"text-align: justify;\">\n","protected":false},"excerpt":{"rendered":"<p>*Fotograf\u00eda de Archivo Yungay, mi\u00e9rcoles 3 de junio 2020: La Municipalidad de Yungay se adjudic\u00f3, a trav\u00e9s de un concurso p\u00fablico nacional del Servicio Nacional del Adulto Mayor (SENAMA), los fondos para habilitar el&#46;&#46;&#46;<\/p>\n","protected":false},"author":2,"featured_media":22530,"comment_status":"closed","ping_status":"open","sticky":false,"template":"","format":"standard","meta":{"footnotes":""},"categories":[3,1,32],"tags":[57,334,1115,619,8,6,117],"class_list":["post-22529","post","type-post","status-publish","format-standard","has-post-thumbnail","hentry","category-actualidad","category-noticias","category-servicios","tag-adultos-mayores","tag-dideco","tag-noticias","tag-senama","tag-yungay","tag-yungayino","tag-yungayinocl"],"_links":{"self":[{"href":"https:\/\/www.yungayino.cl\/noticias\/index.php?rest_route=\/wp\/v2\/posts\/22529","targetHints":{"allow":["GET"]}}],"collection":[{"href":"https:\/\/www.yungayino.cl\/noticias\/index.php?rest_route=\/wp\/v2\/posts"}],"about":[{"href":"https:\/\/www.yungayino.cl\/noticias\/index.php?rest_route=\/wp\/v2\/types\/post"}],"author":[{"embeddable":true,"href":"https:\/\/www.yungayino.cl\/noticias\/index.php?rest_route=\/wp\/v2\/users\/2"}],"replies":[{"embeddable":true,"href":"https:\/\/www.yungayino.cl\/noticias\/index.php?rest_route=%2Fwp%2Fv2%2Fcomments&post=22529"}],"version-history":[{"count":1,"href":"https:\/\/www.yungayino.cl\/noticias\/index.php?rest_route=\/wp\/v2\/posts\/22529\/revisions"}],"predecessor-version":[{"id":22531,"href":"https:\/\/www.yungayino.cl\/noticias\/index.php?rest_route=\/wp\/v2\/posts\/22529\/revisions\/22531"}],"wp:featuredmedia":[{"embeddable":true,"href":"https:\/\/www.yungayino.cl\/noticias\/index.php?rest_route=\/wp\/v2\/media\/22530"}],"wp:attachment":[{"href":"https:\/\/www.yungayino.cl\/noticias\/index.php?rest_route=%2Fwp%2Fv2%2Fmedia&parent=22529"}],"wp:term":[{"taxonomy":"category","embeddable":true,"href":"https:\/\/www.yungayino.cl\/noticias\/index.php?rest_route=%2Fwp%2Fv2%2Fcategories&post=22529"},{"taxonomy":"post_tag","embeddable":true,"href":"https:\/\/www.yungayino.cl\/noticias\/index.php?rest_route=%2Fwp%2Fv2%2Ftags&post=22529"}],"curies":[{"name":"wp","href":"https:\/\/api.w.org\/{rel}","templated":true}]}}