{"id":2254,"date":"2009-10-25T12:00:22","date_gmt":"2009-10-25T16:00:22","guid":{"rendered":"http:\/\/www.yungayino.cl\/noticias\/?p=2254"},"modified":"2009-10-25T18:38:38","modified_gmt":"2009-10-25T22:38:38","slug":"ultima-ceremonia-de-aniversario-de-la-escuela-de-cadetes-bomberos-de-yungay","status":"publish","type":"post","link":"https:\/\/www.yungayino.cl\/noticias\/?p=2254","title":{"rendered":"\u00daltima Ceremonia de Aniversario de la Escuela de Cadetes Bomberos de Yungay"},"content":{"rendered":"<p><img decoding=\"async\" src=\"http:\/\/www.yungayino.cl\/imagenes\/cadetebomberos.jpg\" alt=\"\u00daltima Ceremonia de Aniversario de la Escuela de Cadetes Bomberos de Yungay\" \/><\/p>\n<p align=\"justify\"><font size=\"2\">S\u00e1bado 24 de octubre a las 19:00 horas en las dependencias del Cuerpo de Bomberos de Yungay se llevo a cabo la \u00faltima ceremonia de aniversario de la Escuela de Cadetes de esta instituci\u00f3n, la que llevaba 12 a\u00f1os formando voluntarios. La actividad fue presidida por Pedro Carrasco Mieres, Comandante del Cuerpo de Bomberos y en esta se les hizo entrega de medallas a los cadetes con 10 a\u00f1os adem\u00e1s de diplomas y presentes entregados por cada apoderado de cada uno de ellos, adem\u00e1s como parte del programa de esta ceremonia los cadetes realizaron su \u00faltimo ejercicio de despedida. Para finalizar compartieron un c\u00f3ctel y exposici\u00f3n fotogr\u00e1ficas de los doce a\u00f1os de funcionamiento.<br \/>\n<a href=\"http:\/\/www.yungayino.cl\/noticias\/?p=2254#comments\">Comente Aqu\u00ed<\/a><br \/>\n<a href=\"http:\/\/www.flickr.com\/photos\/37962920@N03\/tags\/cadetesbomberosyungay\/\">Fotograf\u00edas<\/a><br \/>\n<object width=\"425\" height=\"344\"><param name=\"movie\" value=\"http:\/\/www.youtube.com\/v\/E6lGKm35K_k&#038;rel=0&#038;egm=0&#038;hl=es&#038;fs=1&#038;\"><\/param><param name=\"allowFullScreen\" value=\"true\"><\/param><param name=\"allowscriptaccess\" value=\"always\"><\/param><embed src=\"http:\/\/www.youtube.com\/v\/E6lGKm35K_k&#038;rel=0&#038;egm=0&#038;hl=es&#038;fs=1&#038;\" type=\"application\/x-shockwave-flash\" allowscriptaccess=\"always\" allowfullscreen=\"true\" width=\"425\" height=\"344\"><\/embed><\/object><\/a><\/font><\/p>\n","protected":false},"excerpt":{"rendered":"<p>S\u00e1bado 24 de octubre a las 19:00 horas en las dependencias del Cuerpo de Bomberos de Yungay se llevo a cabo la \u00faltima ceremonia de aniversario de la Escuela de Cadetes de esta instituci\u00f3n,&#46;&#46;&#46;<\/p>\n","protected":false},"author":2,"featured_media":15139,"comment_status":"open","ping_status":"open","sticky":false,"template":"","format":"standard","meta":{"footnotes":""},"categories":[1],"tags":[37,86,1115,8,6],"class_list":["post-2254","post","type-post","status-publish","format-standard","has-post-thumbnail","hentry","category-noticias","tag-bomberos","tag-cadetes","tag-noticias","tag-yungay","tag-yungayino"],"_links":{"self":[{"href":"https:\/\/www.yungayino.cl\/noticias\/index.php?rest_route=\/wp\/v2\/posts\/2254","targetHints":{"allow":["GET"]}}],"collection":[{"href":"https:\/\/www.yungayino.cl\/noticias\/index.php?rest_route=\/wp\/v2\/posts"}],"about":[{"href":"https:\/\/www.yungayino.cl\/noticias\/index.php?rest_route=\/wp\/v2\/types\/post"}],"author":[{"embeddable":true,"href":"https:\/\/www.yungayino.cl\/noticias\/index.php?rest_route=\/wp\/v2\/users\/2"}],"replies":[{"embeddable":true,"href":"https:\/\/www.yungayino.cl\/noticias\/index.php?rest_route=%2Fwp%2Fv2%2Fcomments&post=2254"}],"version-history":[{"count":6,"href":"https:\/\/www.yungayino.cl\/noticias\/index.php?rest_route=\/wp\/v2\/posts\/2254\/revisions"}],"predecessor-version":[{"id":2260,"href":"https:\/\/www.yungayino.cl\/noticias\/index.php?rest_route=\/wp\/v2\/posts\/2254\/revisions\/2260"}],"wp:featuredmedia":[{"embeddable":true,"href":"https:\/\/www.yungayino.cl\/noticias\/index.php?rest_route=\/wp\/v2\/media\/15139"}],"wp:attachment":[{"href":"https:\/\/www.yungayino.cl\/noticias\/index.php?rest_route=%2Fwp%2Fv2%2Fmedia&parent=2254"}],"wp:term":[{"taxonomy":"category","embeddable":true,"href":"https:\/\/www.yungayino.cl\/noticias\/index.php?rest_route=%2Fwp%2Fv2%2Fcategories&post=2254"},{"taxonomy":"post_tag","embeddable":true,"href":"https:\/\/www.yungayino.cl\/noticias\/index.php?rest_route=%2Fwp%2Fv2%2Ftags&post=2254"}],"curies":[{"name":"wp","href":"https:\/\/api.w.org\/{rel}","templated":true}]}}