{"id":22547,"date":"2020-06-04T20:55:24","date_gmt":"2020-06-04T23:55:24","guid":{"rendered":"http:\/\/www.yungayino.cl\/noticias\/?p=22547"},"modified":"2020-06-04T20:56:31","modified_gmt":"2020-06-04T23:56:31","slug":"alcalde-de-yungay-firma-convenio-mandato-para-ejecucion-de-proyecto-reposicion-del-liceo-a-17-comuna-de-yungay","status":"publish","type":"post","link":"https:\/\/www.yungayino.cl\/noticias\/?p=22547","title":{"rendered":"Alcalde de Yungay Firma \u201cConvenio Mandato Para Ejecuci\u00f3n de Proyecto Reposici\u00f3n del Liceo A-17 Comuna de Yungay"},"content":{"rendered":"<p><img loading=\"lazy\" decoding=\"async\" class=\"alignnone size-full wp-image-22548\" src=\"http:\/\/www.yungayino.cl\/noticias\/wp-content\/uploads\/2020\/06\/portada-hoy-LICEO.jpg\" alt=\"\" width=\"700\" height=\"350\" srcset=\"https:\/\/www.yungayino.cl\/noticias\/wp-content\/uploads\/2020\/06\/portada-hoy-LICEO.jpg 700w, https:\/\/www.yungayino.cl\/noticias\/wp-content\/uploads\/2020\/06\/portada-hoy-LICEO-300x150.jpg 300w\" sizes=\"auto, (max-width: 700px) 100vw, 700px\" \/><\/p>\n<p style=\"text-align: justify;\">Yungay, junio 2020: A menos de un mes desde que el Consejo Regional de \u00d1uble aprobara los recursos para la elaboraci\u00f3n del dise\u00f1o de la nueva infraestructura del Liceo de Yungay, hoy jueves 04 de junio, el alcalde, Rafael Cifuentes Rodr\u00edguez, firm\u00f3 el convenio mandato para la ejecuci\u00f3n del proyecto que permitir\u00e1 iniciar prontamente la licitaci\u00f3n p\u00fablica que determinar\u00e1 la empresa que se har\u00e1 cargo de dise\u00f1ar la nueva infraestructura del ic\u00f3nico edificio educacional de nuestra comuna, ubicado frente a la Plaza Iquique.<\/p>\n<p style=\"text-align: justify;\">El costo total del dise\u00f1o ser\u00e1 de $194.370.000 millones de pesos, provenientes del Fondo Nacional de Desarrollo Regional.<\/p>\n<p style=\"text-align: justify;\">Tras concretar la firma de este importante convenio, el alcalde de Yungay afirm\u00f3 que \u201chemos avanzando a paso firme en este sue\u00f1o. Los compromisos asumidos los cumplimos, porque hemos empe\u00f1ado nuestra palabra y tambi\u00e9n nuestro coraz\u00f3n. La reposici\u00f3n del Liceo A-17 de Yungay, \u00a1VA!\u201d.<\/p>\n<p style=\"text-align: justify;\"><iframe loading=\"lazy\" style=\"border: none; overflow: hidden;\" src=\"https:\/\/www.facebook.com\/plugins\/post.php?href=https:\/\/www.facebook.com\/yungayino.cl\/photos\/a.3486995561315458\/3486995727982108\/?type=3&amp;__xts__%5B0%5D=68.ARBi0PiQWxZohcseOTorSuGck092IVAOhxJ58kYzUkvO3dO9mRiit8yqfhg5nOGSeSS41t3exzohHmRi9kRUX4eJWLi776SgkZPw0y5tuuYoF2-dCjzghB_Xj3tZdUaPH9-DAcvT5t_FJO3nnMuesgbRzSCXcefX0TN78QNcjz35V8gxtR5p1IYfnTNVD5Qoy0DYVl6hMhcICLEiL3ymUlikydXU5m_CWkPthfVsXU088Ny24YuyYZaWiig7oMfAH4bj3-3XePLchQ6gcFNFbyrJUfryQ7FYCygTUtFgzpeJO6GqPutktbualq6f4Il6AJP_M-kN9YITWbdECnctgyDlsIiGdY8z8u6fO5DlRDFg-NDX_-Ky4nLVDtU_mhEQ7kR3R5yQaxSNuWaJ3SEPIJsftSFjboMItLF3DXu8lZZvKnZMxhu9Jwqj11KpWs0YASyUAc9ZiTaC8evK8bnH&amp;__tn__=-R&amp;l=a77e327dc6&amp;l=f5951f1994&amp;l=bfecbb8adf&amp;l=687b6bf5da&amp;width=500&amp;show_text=true&amp;height=691&amp;appId\" width=\"500\" height=\"715\" frameborder=\"0\" scrolling=\"no\"><\/iframe><\/p>\n<p style=\"text-align: justify;\">[su_button url=\u00bbhttps:\/\/www.facebook.com\/pg\/yungayino.cl\/photos\/?tab=album&amp;album_id=3486995561315458&#8243; target=\u00bbblank\u00bb size=\u00bb7&#8243; radius=\u00bbround\u00bb icon=\u00bbicon: facebook-square\u00bb]FOTOGRAF\u00cdAS &#8211; Alcalde de Yungay Firma \u201cConvenio Mandato Para Ejecuci\u00f3n de Proyecto Reposici\u00f3n del Liceo A-17 Comuna de Yungay[\/su_button]<\/p>\n","protected":false},"excerpt":{"rendered":"<p>Yungay, junio 2020: A menos de un mes desde que el Consejo Regional de \u00d1uble aprobara los recursos para la elaboraci\u00f3n del dise\u00f1o de la nueva infraestructura del Liceo de Yungay, hoy jueves 04&#46;&#46;&#46;<\/p>\n","protected":false},"author":2,"featured_media":22548,"comment_status":"closed","ping_status":"open","sticky":false,"template":"","format":"standard","meta":{"footnotes":""},"categories":[1493,1],"tags":[366,89,1115,8,6,117],"class_list":["post-22547","post","type-post","status-publish","format-standard","has-post-thumbnail","hentry","category-educacion","category-noticias","tag-educacion","tag-liceo-yungay","tag-noticias","tag-yungay","tag-yungayino","tag-yungayinocl"],"_links":{"self":[{"href":"https:\/\/www.yungayino.cl\/noticias\/index.php?rest_route=\/wp\/v2\/posts\/22547","targetHints":{"allow":["GET"]}}],"collection":[{"href":"https:\/\/www.yungayino.cl\/noticias\/index.php?rest_route=\/wp\/v2\/posts"}],"about":[{"href":"https:\/\/www.yungayino.cl\/noticias\/index.php?rest_route=\/wp\/v2\/types\/post"}],"author":[{"embeddable":true,"href":"https:\/\/www.yungayino.cl\/noticias\/index.php?rest_route=\/wp\/v2\/users\/2"}],"replies":[{"embeddable":true,"href":"https:\/\/www.yungayino.cl\/noticias\/index.php?rest_route=%2Fwp%2Fv2%2Fcomments&post=22547"}],"version-history":[{"count":3,"href":"https:\/\/www.yungayino.cl\/noticias\/index.php?rest_route=\/wp\/v2\/posts\/22547\/revisions"}],"predecessor-version":[{"id":22551,"href":"https:\/\/www.yungayino.cl\/noticias\/index.php?rest_route=\/wp\/v2\/posts\/22547\/revisions\/22551"}],"wp:featuredmedia":[{"embeddable":true,"href":"https:\/\/www.yungayino.cl\/noticias\/index.php?rest_route=\/wp\/v2\/media\/22548"}],"wp:attachment":[{"href":"https:\/\/www.yungayino.cl\/noticias\/index.php?rest_route=%2Fwp%2Fv2%2Fmedia&parent=22547"}],"wp:term":[{"taxonomy":"category","embeddable":true,"href":"https:\/\/www.yungayino.cl\/noticias\/index.php?rest_route=%2Fwp%2Fv2%2Fcategories&post=22547"},{"taxonomy":"post_tag","embeddable":true,"href":"https:\/\/www.yungayino.cl\/noticias\/index.php?rest_route=%2Fwp%2Fv2%2Ftags&post=22547"}],"curies":[{"name":"wp","href":"https:\/\/api.w.org\/{rel}","templated":true}]}}