{"id":22552,"date":"2020-06-05T07:00:39","date_gmt":"2020-06-05T10:00:39","guid":{"rendered":"http:\/\/www.yungayino.cl\/noticias\/?p=22552"},"modified":"2020-06-04T20:58:52","modified_gmt":"2020-06-04T23:58:52","slug":"aprueban-recursos-para-ampliar-camas-criticas-en-nuble","status":"publish","type":"post","link":"https:\/\/www.yungayino.cl\/noticias\/?p=22552","title":{"rendered":"Aprueban Recursos Para Ampliar Camas Cr\u00edticas en \u00d1uble"},"content":{"rendered":"<p><img loading=\"lazy\" decoding=\"async\" class=\"alignnone size-full wp-image-22553\" src=\"http:\/\/www.yungayino.cl\/noticias\/wp-content\/uploads\/2020\/06\/portada-cama-critica.jpg\" alt=\"\" width=\"700\" height=\"394\" srcset=\"https:\/\/www.yungayino.cl\/noticias\/wp-content\/uploads\/2020\/06\/portada-cama-critica.jpg 700w, https:\/\/www.yungayino.cl\/noticias\/wp-content\/uploads\/2020\/06\/portada-cama-critica-300x169.jpg 300w, https:\/\/www.yungayino.cl\/noticias\/wp-content\/uploads\/2020\/06\/portada-cama-critica-266x150.jpg 266w\" sizes=\"auto, (max-width: 700px) 100vw, 700px\" \/><\/p>\n<p style=\"text-align: justify;\">\u00d1uble, viernes 5 de junio 2020: La adquisici\u00f3n de equipos que permitir\u00e1n habilitar nuevas camas cr\u00edticas para el Hospital Cl\u00ednico Herminda Mart\u00edn aprob\u00f3 ayer el\u00a0 Consejo Regional en su sesi\u00f3n ordinaria N\u00b0 42. El proyecto consiste en dotar del equipamiento necesario para atender a pacientes que requieren de tratamiento intensivo, e implica una inversi\u00f3n de $2.279 millones.<\/p>\n<p style=\"text-align: justify;\">La iniciativa presentada por el Intendente Mart\u00edn Arrau, considera la compra de 52 monitores, 31 ventiladores, 140 bombas de infusi\u00f3n, 17 laringoscopios, 25 resucitadores manuales\u00a0 y 20 reguladores de temperatura.<\/p>\n<p style=\"text-align: justify;\">Al respecto el Intendente destac\u00f3 el compromiso del Consejo Regional en tiempos de pandemia y valor\u00f3 \u201cla sinton\u00eda que hemos tenido con el Consejo en esta crisis, cuando es necesario saber focalizar los recursos en las reales urgencias de los \u00f1ublensinos y en este momento la prioridad est\u00e1 dada por la emergencia sanitaria producto del Covid-19, por eso, hemos invertido en equipos que permitir\u00e1n contar con 50 camas cr\u00edticas\u201d.<\/p>\n","protected":false},"excerpt":{"rendered":"<p>\u00d1uble, viernes 5 de junio 2020: La adquisici\u00f3n de equipos que permitir\u00e1n habilitar nuevas camas cr\u00edticas para el Hospital Cl\u00ednico Herminda Mart\u00edn aprob\u00f3 ayer el\u00a0 Consejo Regional en su sesi\u00f3n ordinaria N\u00b0 42. El&#46;&#46;&#46;<\/p>\n","protected":false},"author":2,"featured_media":22553,"comment_status":"closed","ping_status":"open","sticky":false,"template":"","format":"standard","meta":{"footnotes":""},"categories":[1,1676],"tags":[2232,1115,1678,65,8,6,117],"class_list":["post-22552","post","type-post","status-publish","format-standard","has-post-thumbnail","hentry","category-noticias","category-salud","tag-camas-criticas","tag-noticias","tag-nuble","tag-salud","tag-yungay","tag-yungayino","tag-yungayinocl"],"_links":{"self":[{"href":"https:\/\/www.yungayino.cl\/noticias\/index.php?rest_route=\/wp\/v2\/posts\/22552","targetHints":{"allow":["GET"]}}],"collection":[{"href":"https:\/\/www.yungayino.cl\/noticias\/index.php?rest_route=\/wp\/v2\/posts"}],"about":[{"href":"https:\/\/www.yungayino.cl\/noticias\/index.php?rest_route=\/wp\/v2\/types\/post"}],"author":[{"embeddable":true,"href":"https:\/\/www.yungayino.cl\/noticias\/index.php?rest_route=\/wp\/v2\/users\/2"}],"replies":[{"embeddable":true,"href":"https:\/\/www.yungayino.cl\/noticias\/index.php?rest_route=%2Fwp%2Fv2%2Fcomments&post=22552"}],"version-history":[{"count":1,"href":"https:\/\/www.yungayino.cl\/noticias\/index.php?rest_route=\/wp\/v2\/posts\/22552\/revisions"}],"predecessor-version":[{"id":22554,"href":"https:\/\/www.yungayino.cl\/noticias\/index.php?rest_route=\/wp\/v2\/posts\/22552\/revisions\/22554"}],"wp:featuredmedia":[{"embeddable":true,"href":"https:\/\/www.yungayino.cl\/noticias\/index.php?rest_route=\/wp\/v2\/media\/22553"}],"wp:attachment":[{"href":"https:\/\/www.yungayino.cl\/noticias\/index.php?rest_route=%2Fwp%2Fv2%2Fmedia&parent=22552"}],"wp:term":[{"taxonomy":"category","embeddable":true,"href":"https:\/\/www.yungayino.cl\/noticias\/index.php?rest_route=%2Fwp%2Fv2%2Fcategories&post=22552"},{"taxonomy":"post_tag","embeddable":true,"href":"https:\/\/www.yungayino.cl\/noticias\/index.php?rest_route=%2Fwp%2Fv2%2Ftags&post=22552"}],"curies":[{"name":"wp","href":"https:\/\/api.w.org\/{rel}","templated":true}]}}