{"id":22567,"date":"2020-06-09T10:00:27","date_gmt":"2020-06-09T13:00:27","guid":{"rendered":"http:\/\/www.yungayino.cl\/noticias\/?p=22567"},"modified":"2020-06-09T15:10:35","modified_gmt":"2020-06-09T18:10:35","slug":"proyecto-fondart-indagara-en-la-relacion-entre-claudio-arrau-y-los-compositores-chilenos","status":"publish","type":"post","link":"https:\/\/www.yungayino.cl\/noticias\/?p=22567","title":{"rendered":"Proyecto Fondart Indagar\u00e1 en la Relaci\u00f3n Entre Claudio Arrau y los Compositores Chilenos"},"content":{"rendered":"<p><img loading=\"lazy\" decoding=\"async\" class=\"alignnone size-full wp-image-22568\" src=\"http:\/\/www.yungayino.cl\/noticias\/wp-content\/uploads\/2020\/06\/Claudio-Arrau.jpg\" alt=\"\" width=\"762\" height=\"1080\" srcset=\"https:\/\/www.yungayino.cl\/noticias\/wp-content\/uploads\/2020\/06\/Claudio-Arrau.jpg 762w, https:\/\/www.yungayino.cl\/noticias\/wp-content\/uploads\/2020\/06\/Claudio-Arrau-212x300.jpg 212w, https:\/\/www.yungayino.cl\/noticias\/wp-content\/uploads\/2020\/06\/Claudio-Arrau-722x1024.jpg 722w, https:\/\/www.yungayino.cl\/noticias\/wp-content\/uploads\/2020\/06\/Claudio-Arrau-106x150.jpg 106w\" sizes=\"auto, (max-width: 762px) 100vw, 762px\" \/><\/p>\n<p style=\"text-align: justify;\">\u00d1uble, martes 9 de junio 2020: Investigaci\u00f3n in\u00e9dita persigue clasificar, conservar y estudiar las obras de 30 compositores chilenos, analizando sus caracter\u00edsticas, contexto hist\u00f3rico y relevancia dentro de la creaci\u00f3n musical nacional.<\/p>\n<p style=\"text-align: justify;\">Lanzamiento de \u00abArrau y los compositores chilenos\u201d se realizar\u00e1 este <strong>martes 9 de junio a las 18:00 hrs. a trav\u00e9s de Facebook Live<\/strong> de la Seremi de las Culturas, las Artes y el Patrimonio \u00d1uble en conjunto con el Museo Claudio Arrau Le\u00f3n.<\/p>\n<p style=\"text-align: justify;\">\u201cAl maestro se le ha criticado su escasa relaci\u00f3n con Chile; sin embargo, este proyecto lo va a acercar, lo va a chilenizar\u201d, se\u00f1al\u00f3 el director del museo Claudio Arrau, Eduardo Pe\u00f1a, refiri\u00e9ndose a la investigaci\u00f3n que ya comenz\u00f3 y que une nuevamente al Museo Claudio Arrau de la Ilustre Municipalidad de Chill\u00e1n con el Centro de Documentaci\u00f3n Patrimonial de la Universidad de Talca.<\/p>\n<p style=\"text-align: justify;\">Financiado por el Fondart Regional 2020, ser\u00e1 un estudio in\u00e9dito que pretende derribar \u00e9ste y otros mitos, en torno al gran int\u00e9rprete mundial, y tiene como objetivo avanzar con la tercera etapa del trabajo de investigaci\u00f3n, iniciado en 2015, concentr\u00e1ndose ahora en los compositores, y especialmente en las compositoras chilenas, presentes en el fondo de partituras del maestro que custodia el Museo Arrau de Chill\u00e1n.<\/p>\n<p style=\"text-align: justify;\">Coincidente con el D\u00eda Internacional de los Archivos y con el aniversario de la muerte del pianista, ocurrida en Austria en 1991, el martes 9 de junio, a las 18 horas, v\u00eda Facebook Live @culturas.nuble se efectuar\u00e1 el encuentro \u201cArrau y los compositores chilenos\u201d con la participaci\u00f3n de los acad\u00e9micos de la Escuela de M\u00fasica UTALCA, Jos\u00e9 Miguel Ramos y Gonzalo Mart\u00ednez, e intervenciones del equipo del Centro de Documentaci\u00f3n Patrimonial y del director del Museo Claudio Arrau, Eduardo Pe\u00f1a.<\/p>\n<p style=\"text-align: justify;\">\u00abPara la Municipalidad de Chill\u00e1n y los habitantes de esta comuna es sumamente relevante el trabajo en conjunto que est\u00e1n desarrollando el Museo Claudio Arrau Le\u00f3n, el Centro de Documentaci\u00f3n Patrimonial de la Universidad de Talca y la Seremi de las Culturas, las Artes y el Patrimonio de nuestra regi\u00f3n, ya que permitir\u00e1n dar cuenta, una vez m\u00e1s, de la magnitud de artista que fue el Maestro Claudio Arrau, en esta ocasi\u00f3n demostrando que dentro de su devenir profesional se relacion\u00f3 y colabor\u00f3 musicalmente con otros m\u00fasicos y m\u00fasicas nacionales. Gracias a este proyecto, respaldado por la Municipalidad de Chill\u00e1n, podemos seguir profundizando en la vida y obra de uno de los artistas m\u00e1s importantes del siglo XX\u00bb, se\u00f1al\u00f3 el alcalde de Chill\u00e1n, Sergio Zarzar Andonie.<\/p>\n<p style=\"text-align: justify;\">\u201cLas partituras del maestro Claudio Arrau Le\u00f3n son un bien cultural indispensable para entender y difundir su legado, y este proyecto Fondart hace un gran aporte a aquello. Instituciones como la Municipalidad de Chill\u00e1n y la Universidad de Talca nos dan garant\u00eda de que este trabajo de largo aliento llegar\u00e1 a buen puerto y en alg\u00fan momento estar\u00e1n todas las partituras \u00f3ptimamente resguardadas y, sobre todo, puestas a disposici\u00f3n de las nuevas generaciones\u201d, sostuvo la seremi de las Culturas, las Artes y el Patrimonio de \u00d1uble, Mar\u00eda Soledad Castro.<\/p>\n<p style=\"text-align: justify;\"><strong>NUEVO CONOCIMIENTO<\/strong><\/p>\n<p style=\"text-align: justify;\">Seg\u00fan el acad\u00e9mico de la Escuela de M\u00fasica de la Universidad de Talca, Jos\u00e9 Miguel Ramos, la investigaci\u00f3n desmitifica la idea que el maestro no gustaba de interpretar compositores chilenos, evidenciando una cercan\u00eda con la creaci\u00f3n musical nacional hasta ahora desconocida. \u201cEn segundo lugar nos abre la posibilidad de rescatar del olvido, obras y figuras trascendentes en la creaci\u00f3n musical nacional y que hasta ahora se mantienen in\u00e9ditas. En este aspecto es de gran relevancia la figura femenina\u201d, indic\u00f3.<\/p>\n<p style=\"text-align: justify;\">El trabajo que efectuar\u00e1n acad\u00e9micos y especialistas del Centro de Documentaci\u00f3n Patrimonial aportar\u00e1 conocimiento sobre dos figuras femeninas de la m\u00fasica cl\u00e1sica nacional, las compositoras Carmela Mackenna y Mar\u00eda Luisa Sep\u00falveda.<\/p>\n<p style=\"text-align: justify;\">\u201cLa relevancia radica en el rescate de creaci\u00f3n musical nacional desconocida hasta hoy, as\u00ed como la vinculaci\u00f3n que tuvo Arrau con los compositores y compositoras nacionales tanto en Chile como el extranjero. Nos introduce en una faceta desconocida del maestro, entre su carrera internacional y el amor por la tierra que lo vio nacer\u201d, se\u00f1al\u00f3 el investigador UTALCA.<\/p>\n<p style=\"text-align: justify;\"><strong>ESTUDIO DESDE LA MENTE DE ARRAU<\/strong><\/p>\n<p style=\"text-align: justify;\">Se trata del estudio de un fondo que contiene m\u00e1s de seis mil partituras personales de Claudio Arrau Le\u00f3n, un corpus musical \u00fanico y de incalculable valor desde la perspectiva hist\u00f3rica, patrimonial y musical. Esta nueva investigaci\u00f3n coincide con el objetivo general de la propuesta que es \u201cPoner en valor el corpus musical personal de Claudio Arrau, desde el rescate, la investigaci\u00f3n y la difusi\u00f3n\u201d.<\/p>\n<p style=\"text-align: justify;\">En lo espec\u00edfico el proyecto persigue clasificar, conservar y estudiar las obras de 30 compositores chilenos identificados en el fondo Arrau, compuesto por 80 partituras, estudiando sus caracter\u00edsticas, contexto hist\u00f3rico y relevancia dentro de la creaci\u00f3n musical nacional.<\/p>\n<p style=\"text-align: justify;\">La clasificaci\u00f3n y comunicaci\u00f3n de este valioso patrimonio estar\u00e1 a cargo del equipo t\u00e9cnico del Centro de Documentaci\u00f3n Patrimonial de la Universidad de Talca dependiente del Instituto de Estudios Human\u00edsticos Juan Ignacio Molina.<\/p>\n<p style=\"text-align: justify;\">\u201cLas obras de compositores chilenos en la literatura pian\u00edstica de Arrau ser\u00e1n las protagonistas de un libro que editaremos al final de esta nueva investigaci\u00f3n. El libro, adem\u00e1s, contendr\u00e1 fichas de an\u00e1lisis musicol\u00f3gico de car\u00e1cter did\u00e1ctico para la vinculaci\u00f3n de este patrimonio hacia y desde la comunidad educativa\u201d, se\u00f1al\u00f3 Eduardo Bravo, director del Centro de Documentaci\u00f3n Patrimonial, UTALCA.<\/p>\n","protected":false},"excerpt":{"rendered":"<p>\u00d1uble, martes 9 de junio 2020: Investigaci\u00f3n in\u00e9dita persigue clasificar, conservar y estudiar las obras de 30 compositores chilenos, analizando sus caracter\u00edsticas, contexto hist\u00f3rico y relevancia dentro de la creaci\u00f3n musical nacional. Lanzamiento de&#46;&#46;&#46;<\/p>\n","protected":false},"author":2,"featured_media":22568,"comment_status":"closed","ping_status":"open","sticky":false,"template":"","format":"standard","meta":{"footnotes":""},"categories":[3,1],"tags":[879,2236,1115,8,6,117],"class_list":["post-22567","post","type-post","status-publish","format-standard","has-post-thumbnail","hentry","category-actualidad","category-noticias","tag-claudio-arrau","tag-fondart","tag-noticias","tag-yungay","tag-yungayino","tag-yungayinocl"],"_links":{"self":[{"href":"https:\/\/www.yungayino.cl\/noticias\/index.php?rest_route=\/wp\/v2\/posts\/22567","targetHints":{"allow":["GET"]}}],"collection":[{"href":"https:\/\/www.yungayino.cl\/noticias\/index.php?rest_route=\/wp\/v2\/posts"}],"about":[{"href":"https:\/\/www.yungayino.cl\/noticias\/index.php?rest_route=\/wp\/v2\/types\/post"}],"author":[{"embeddable":true,"href":"https:\/\/www.yungayino.cl\/noticias\/index.php?rest_route=\/wp\/v2\/users\/2"}],"replies":[{"embeddable":true,"href":"https:\/\/www.yungayino.cl\/noticias\/index.php?rest_route=%2Fwp%2Fv2%2Fcomments&post=22567"}],"version-history":[{"count":2,"href":"https:\/\/www.yungayino.cl\/noticias\/index.php?rest_route=\/wp\/v2\/posts\/22567\/revisions"}],"predecessor-version":[{"id":22570,"href":"https:\/\/www.yungayino.cl\/noticias\/index.php?rest_route=\/wp\/v2\/posts\/22567\/revisions\/22570"}],"wp:featuredmedia":[{"embeddable":true,"href":"https:\/\/www.yungayino.cl\/noticias\/index.php?rest_route=\/wp\/v2\/media\/22568"}],"wp:attachment":[{"href":"https:\/\/www.yungayino.cl\/noticias\/index.php?rest_route=%2Fwp%2Fv2%2Fmedia&parent=22567"}],"wp:term":[{"taxonomy":"category","embeddable":true,"href":"https:\/\/www.yungayino.cl\/noticias\/index.php?rest_route=%2Fwp%2Fv2%2Fcategories&post=22567"},{"taxonomy":"post_tag","embeddable":true,"href":"https:\/\/www.yungayino.cl\/noticias\/index.php?rest_route=%2Fwp%2Fv2%2Ftags&post=22567"}],"curies":[{"name":"wp","href":"https:\/\/api.w.org\/{rel}","templated":true}]}}