{"id":22572,"date":"2020-06-10T08:00:27","date_gmt":"2020-06-10T11:00:27","guid":{"rendered":"http:\/\/www.yungayino.cl\/noticias\/?p=22572"},"modified":"2020-06-09T15:38:57","modified_gmt":"2020-06-09T18:38:57","slug":"servicio-de-salud-nuble-confirmo-la-puesta-en-marcha-de-una-cuarta-residencia-sanitaria-en-la-region","status":"publish","type":"post","link":"https:\/\/www.yungayino.cl\/noticias\/?p=22572","title":{"rendered":"Servicio de Salud \u00d1uble Confirm\u00f3 la Puesta en Marcha de una Cuarta Residencia Sanitaria en la Regi\u00f3n"},"content":{"rendered":"<p><img loading=\"lazy\" decoding=\"async\" class=\"alignnone size-full wp-image-22573\" src=\"http:\/\/www.yungayino.cl\/noticias\/wp-content\/uploads\/2020\/06\/portada-Residencias-3.jpg\" alt=\"\" width=\"700\" height=\"351\" srcset=\"https:\/\/www.yungayino.cl\/noticias\/wp-content\/uploads\/2020\/06\/portada-Residencias-3.jpg 700w, https:\/\/www.yungayino.cl\/noticias\/wp-content\/uploads\/2020\/06\/portada-Residencias-3-300x150.jpg 300w, https:\/\/www.yungayino.cl\/noticias\/wp-content\/uploads\/2020\/06\/portada-Residencias-3-299x150.jpg 299w\" sizes=\"auto, (max-width: 700px) 100vw, 700px\" \/><\/p>\n<p style=\"text-align: justify;\">\u00d1uble, junio 2020: Con la habilitaci\u00f3n de este nuevo dispositivo se suman 41 camas a las disponibles para que las personas con Covid 19 puedan realizar su aislamiento de manera segura.<\/p>\n<p style=\"text-align: justify;\">Fortalecer el testeo, incrementar la capacidad de respuesta de la red hospitalaria y evitar que quienes son diagnosticados Covid positivo contagien a otros, son aspectos fundamentales del Plan de Acci\u00f3n del Ministerio de Salud para disminuir el n\u00famero de personas infectadas con el SARS-CoV-2.<\/p>\n<p style=\"text-align: justify;\">Para avanzar en esa l\u00ednea, una de las principales tareas es aumentar la cantidad de residencias sanitarias en el pa\u00eds y nuestra Regi\u00f3n no ha sido la excepci\u00f3n, es as\u00ed, como el Servicio de Salud \u00d1uble anunci\u00f3 la puesta en marcha de un cuarto dispositivo de este tipo en Chill\u00e1n.<\/p>\n<p style=\"text-align: justify;\">La informaci\u00f3n fue confirmada por el Director (s) de la instituci\u00f3n, Ricardo S\u00e1nchez Opazo, quien entreg\u00f3 detalles de esta nueva implementaci\u00f3n: \u201cEl virus se transmite de persona a persona, la \u00fanica fuente de contagio son los individuos que est\u00e1n en per\u00edodo infectante, por ello, es imprescindible aislar de forma estricta a quienes tienen la enfermedad, lo que permite reducir la transmisi\u00f3n del Covid 19\u201d.<\/p>\n<p style=\"text-align: justify;\">\u201cTeniendo en cuenta la efectivad de esta estrategia, hoy concretamos la habilitaci\u00f3n de esta cuarta residencia, que adiciona 41 nuevas camas, sumando un total de 109 en toda la red, para que nuestros usuarios cumplan su cuarentena. Una vez m\u00e1s, quiero reconocer el gran trabajo que realizan los equipos de salud, quienes est\u00e1n dando su m\u00e1ximo esfuerzo y demostrando su gran compromiso y vocaci\u00f3n de servicio p\u00fablico en el combate a esta pandemia\u201d, enfatiz\u00f3 el directivo.<\/p>\n<p style=\"text-align: justify;\"><strong>Visita de las autoridades<\/strong><\/p>\n<p style=\"text-align: justify;\">La puesta en marcha de la nueva dependencia, fue monitoreada por el Intendente Mart\u00edn Arrau, junto a la Seremi de Salud, doctora Marta Bravo. Durante el recorrido por el lugar, la m\u00e1xima autoridad de la Regi\u00f3n indic\u00f3: \u201cEstamos poniendo en marcha la cuarta residencia sanitaria, gracias al tremendo trabajo del Servicio de Salud y la Seremi, la verdad es que todo el mundo est\u00e1 colaborando en esto. M\u00e1s de 100 cupos ya tenemos y quiero motivar a las personas que lamentablemente est\u00e1n con Covid positivo, que vengan a estas residencias y hagan el desarrollo de esta enfermedad ac\u00e1, con los cuidados del personal m\u00e9dico, el cari\u00f1o de las enfermeras y la preocupaci\u00f3n que dan, para que, evitemos que puedan contagiar a alguien y as\u00ed causarle la enfermedad, queremos aislar a las personas para disminuir los contagios y as\u00ed cuidarnos entre todos\u201d<\/p>\n<p style=\"text-align: justify;\"><strong>\u00bfQui\u00e9nes pueden acudir?<\/strong><\/p>\n<p style=\"text-align: justify;\">Nicol\u00e1s Soto, enfermero a cargo de las residencias, explic\u00f3 que \u201c\u00e9stas se encuentran disponibles para aquellos que teniendo el diagn\u00f3stico de Covid 19, no pueden hacer el aislamiento en su hogar, ya sea porque no cuentan con las condiciones adecuadas, porque no viven en la ciudad donde fueron confirmados y no tienen un lugar donde permanecer mientras dure su per\u00edodo de asilamiento. Precisar que estos dispositivos son gratuitos y en ellos se provee de alimento y monitoreo del estado de salud de los pacientes en todo momento\u201d.<\/p>\n<p style=\"text-align: justify;\">\u201cPara ello, estamos en directa coordinaci\u00f3n con la autoridad sanitaria, quienes se encargan de derivar a los usuarios\u201d, agreg\u00f3 el profesional, que recalc\u00f3 que la recomendaci\u00f3n, es que las persona que no cuentan con las condiciones necesarias, se comuniquen con la Seremi de Salud al 42 2587178 o al correo: <a href=\"mailto:residenciasnuble@redsalud.gob.cl\">residenciasnuble@redsalud.gob.cl<\/a>, quienes eval\u00faan el caso y\u00a0 concretan el traslado\u201d, agreg\u00f3 el profesional.<\/p>\n<p style=\"text-align: justify;\">Los usuarios tambi\u00e9n pueden consultar en su centro de salud y en caso de dudas, contactarse con la l\u00ednea Servicio de Salud \u00d1uble te Orienta, al 800 123 591.<\/p>\n","protected":false},"excerpt":{"rendered":"<p>\u00d1uble, junio 2020: Con la habilitaci\u00f3n de este nuevo dispositivo se suman 41 camas a las disponibles para que las personas con Covid 19 puedan realizar su aislamiento de manera segura. Fortalecer el testeo,&#46;&#46;&#46;<\/p>\n","protected":false},"author":2,"featured_media":22573,"comment_status":"closed","ping_status":"open","sticky":false,"template":"","format":"standard","meta":{"footnotes":""},"categories":[1,1675],"tags":[728,2183,1115,1678,8,6,117],"class_list":["post-22572","post","type-post","status-publish","format-standard","has-post-thumbnail","hentry","category-noticias","category-saludc","tag-chillan","tag-covid-19","tag-noticias","tag-nuble","tag-yungay","tag-yungayino","tag-yungayinocl"],"_links":{"self":[{"href":"https:\/\/www.yungayino.cl\/noticias\/index.php?rest_route=\/wp\/v2\/posts\/22572","targetHints":{"allow":["GET"]}}],"collection":[{"href":"https:\/\/www.yungayino.cl\/noticias\/index.php?rest_route=\/wp\/v2\/posts"}],"about":[{"href":"https:\/\/www.yungayino.cl\/noticias\/index.php?rest_route=\/wp\/v2\/types\/post"}],"author":[{"embeddable":true,"href":"https:\/\/www.yungayino.cl\/noticias\/index.php?rest_route=\/wp\/v2\/users\/2"}],"replies":[{"embeddable":true,"href":"https:\/\/www.yungayino.cl\/noticias\/index.php?rest_route=%2Fwp%2Fv2%2Fcomments&post=22572"}],"version-history":[{"count":2,"href":"https:\/\/www.yungayino.cl\/noticias\/index.php?rest_route=\/wp\/v2\/posts\/22572\/revisions"}],"predecessor-version":[{"id":22575,"href":"https:\/\/www.yungayino.cl\/noticias\/index.php?rest_route=\/wp\/v2\/posts\/22572\/revisions\/22575"}],"wp:featuredmedia":[{"embeddable":true,"href":"https:\/\/www.yungayino.cl\/noticias\/index.php?rest_route=\/wp\/v2\/media\/22573"}],"wp:attachment":[{"href":"https:\/\/www.yungayino.cl\/noticias\/index.php?rest_route=%2Fwp%2Fv2%2Fmedia&parent=22572"}],"wp:term":[{"taxonomy":"category","embeddable":true,"href":"https:\/\/www.yungayino.cl\/noticias\/index.php?rest_route=%2Fwp%2Fv2%2Fcategories&post=22572"},{"taxonomy":"post_tag","embeddable":true,"href":"https:\/\/www.yungayino.cl\/noticias\/index.php?rest_route=%2Fwp%2Fv2%2Ftags&post=22572"}],"curies":[{"name":"wp","href":"https:\/\/api.w.org\/{rel}","templated":true}]}}