{"id":22580,"date":"2020-06-12T07:00:39","date_gmt":"2020-06-12T10:00:39","guid":{"rendered":"http:\/\/www.yungayino.cl\/noticias\/?p=22580"},"modified":"2020-06-09T18:16:20","modified_gmt":"2020-06-09T21:16:20","slug":"seremi-lanza-fondo-de-innovacion-en-educacion-parvularia-2020-en-la-region-de-nuble","status":"publish","type":"post","link":"https:\/\/www.yungayino.cl\/noticias\/?p=22580","title":{"rendered":"Seremi Lanza Fondo de Innovaci\u00f3n en Educaci\u00f3n Parvularia 2020 en la Regi\u00f3n de \u00d1uble"},"content":{"rendered":"<p><img loading=\"lazy\" decoding=\"async\" class=\"alignnone size-full wp-image-22581\" src=\"http:\/\/www.yungayino.cl\/noticias\/wp-content\/uploads\/2020\/06\/PORTADA-fiep2020.jpg\" alt=\"\" width=\"700\" height=\"475\" srcset=\"https:\/\/www.yungayino.cl\/noticias\/wp-content\/uploads\/2020\/06\/PORTADA-fiep2020.jpg 700w, https:\/\/www.yungayino.cl\/noticias\/wp-content\/uploads\/2020\/06\/PORTADA-fiep2020-300x204.jpg 300w, https:\/\/www.yungayino.cl\/noticias\/wp-content\/uploads\/2020\/06\/PORTADA-fiep2020-221x150.jpg 221w\" sizes=\"auto, (max-width: 700px) 100vw, 700px\" \/><\/p>\n<p style=\"text-align: justify;\">\u00d1uble, junio 2020: Entre el 10 y el 24 de junio estar\u00e1n abiertas las postulaciones al fondo que por tercer a\u00f1o consecutivo financia proyectos generados por las propias salas cuna, jardines infantiles y escuelas. Las bases de postulaci\u00f3n est\u00e1n disponibles en <strong>parvularia.mineduc.cl<\/strong>.<\/p>\n<p style=\"text-align: justify;\">A trav\u00e9s de una video conferencia con m\u00e1s de 250 educadoras de p\u00e1rvulo, directivos y docentes, el Seremi de Educaci\u00f3n de la Regi\u00f3n de \u00d1uble dio inicio al proceso de postulaci\u00f3n para el Fondo de Innovaci\u00f3n en Educaci\u00f3n Parvularia 2020 (FIEP) impulsado por la Subsecretar\u00eda de Educaci\u00f3n Parvularia.<\/p>\n<p style=\"text-align: justify;\">El plazo para postular al FIEP estar\u00e1 abierto entre el 10 y el 24 de junio, iniciativa que por tercer a\u00f1o consecutivo financiar\u00e1 proyectos que buscan potenciar la innovaci\u00f3n pedag\u00f3gica y que son creados por las propias comunidades educativas de las salas cuna, jardines infantiles y escuelas.<\/p>\n<p style=\"text-align: justify;\">\u201cEl a\u00f1o pasado adjudicamos 8 proyectos en nuestra Regi\u00f3n por un total de $28 millones. Este a\u00f1o esperamos ojal\u00e1 superar esta cifra y que tengamos nuevas iniciativas que promuevan la innovaci\u00f3n pedag\u00f3gica en el primer nivel educativo, que es uno de nuestros focos como Ministerio\u201d, destac\u00f3 el Seremi de Educaci\u00f3n, Daniel San Mart\u00edn.<\/p>\n<p style=\"text-align: justify;\">Los fondos FIEP, est\u00e1n dirigidos a todos los establecimientos educacionales que imparten niveles de Educaci\u00f3n Parvularia y que reciben financiamiento del Estado. En total, son 400 millones de pesos para financiar iniciativas que consideren, por proyecto, un presupuesto de entre 2 a 4 millones.<\/p>\n<p style=\"text-align: justify;\">Su objetivo es financiar la implementaci\u00f3n de proyectos que contengan acciones concretas que permitan cumplir con los objetivos propuestos en las Bases Curriculares de Educaci\u00f3n Parvularia (BCEP), generando un trabajo colaborativo entre los equipos pedag\u00f3gicos y otros actores de la comunidad educativa, para el desarrollo de propuestas con pertinencia a su contexto local y comunitario, as\u00ed como su implementaci\u00f3n en los espacios educativos orientados al aprendizaje y bienestar de las ni\u00f1as y ni\u00f1os.<\/p>\n<p style=\"text-align: justify;\">Para m\u00e1s informaci\u00f3n de FIEP y bases de postulaci\u00f3n visita:<\/p>\n<p style=\"text-align: justify;\"><a href=\"https:\/\/parvularia.mineduc.cl\/fondo-de-innovacion-en-educacion-parvularia-fiep\/\">https:\/\/parvularia.mineduc.cl\/fondo-de-innovacion-en-educacion-parvularia-fiep\/<\/a><\/p>\n","protected":false},"excerpt":{"rendered":"<p>\u00d1uble, junio 2020: Entre el 10 y el 24 de junio estar\u00e1n abiertas las postulaciones al fondo que por tercer a\u00f1o consecutivo financia proyectos generados por las propias salas cuna, jardines infantiles y escuelas.&#46;&#46;&#46;<\/p>\n","protected":false},"author":2,"featured_media":22581,"comment_status":"closed","ping_status":"open","sticky":false,"template":"","format":"standard","meta":{"footnotes":""},"categories":[1493,1],"tags":[1599,1115,1678,8,6,117],"class_list":["post-22580","post","type-post","status-publish","format-standard","has-post-thumbnail","hentry","category-educacion","category-noticias","tag-mineduc","tag-noticias","tag-nuble","tag-yungay","tag-yungayino","tag-yungayinocl"],"_links":{"self":[{"href":"https:\/\/www.yungayino.cl\/noticias\/index.php?rest_route=\/wp\/v2\/posts\/22580","targetHints":{"allow":["GET"]}}],"collection":[{"href":"https:\/\/www.yungayino.cl\/noticias\/index.php?rest_route=\/wp\/v2\/posts"}],"about":[{"href":"https:\/\/www.yungayino.cl\/noticias\/index.php?rest_route=\/wp\/v2\/types\/post"}],"author":[{"embeddable":true,"href":"https:\/\/www.yungayino.cl\/noticias\/index.php?rest_route=\/wp\/v2\/users\/2"}],"replies":[{"embeddable":true,"href":"https:\/\/www.yungayino.cl\/noticias\/index.php?rest_route=%2Fwp%2Fv2%2Fcomments&post=22580"}],"version-history":[{"count":2,"href":"https:\/\/www.yungayino.cl\/noticias\/index.php?rest_route=\/wp\/v2\/posts\/22580\/revisions"}],"predecessor-version":[{"id":22583,"href":"https:\/\/www.yungayino.cl\/noticias\/index.php?rest_route=\/wp\/v2\/posts\/22580\/revisions\/22583"}],"wp:featuredmedia":[{"embeddable":true,"href":"https:\/\/www.yungayino.cl\/noticias\/index.php?rest_route=\/wp\/v2\/media\/22581"}],"wp:attachment":[{"href":"https:\/\/www.yungayino.cl\/noticias\/index.php?rest_route=%2Fwp%2Fv2%2Fmedia&parent=22580"}],"wp:term":[{"taxonomy":"category","embeddable":true,"href":"https:\/\/www.yungayino.cl\/noticias\/index.php?rest_route=%2Fwp%2Fv2%2Fcategories&post=22580"},{"taxonomy":"post_tag","embeddable":true,"href":"https:\/\/www.yungayino.cl\/noticias\/index.php?rest_route=%2Fwp%2Fv2%2Ftags&post=22580"}],"curies":[{"name":"wp","href":"https:\/\/api.w.org\/{rel}","templated":true}]}}