{"id":22584,"date":"2020-06-13T07:00:46","date_gmt":"2020-06-13T10:00:46","guid":{"rendered":"http:\/\/www.yungayino.cl\/noticias\/?p=22584"},"modified":"2020-06-09T19:45:15","modified_gmt":"2020-06-09T22:45:15","slug":"gobierno-lanza-protocolos-sanitarios-para-preparar-la-reactivacion-del-sector-turistico-pospandemia","status":"publish","type":"post","link":"https:\/\/www.yungayino.cl\/noticias\/?p=22584","title":{"rendered":"Gobierno Lanza Protocolos Sanitarios Para Preparar la Reactivaci\u00f3n del Sector Tur\u00edstico Pospandemia"},"content":{"rendered":"<p><img loading=\"lazy\" decoding=\"async\" class=\"alignnone size-full wp-image-22585\" src=\"http:\/\/www.yungayino.cl\/noticias\/wp-content\/uploads\/2020\/06\/portada-turismo.jpg\" alt=\"\" width=\"700\" height=\"394\" srcset=\"https:\/\/www.yungayino.cl\/noticias\/wp-content\/uploads\/2020\/06\/portada-turismo.jpg 700w, https:\/\/www.yungayino.cl\/noticias\/wp-content\/uploads\/2020\/06\/portada-turismo-300x169.jpg 300w, https:\/\/www.yungayino.cl\/noticias\/wp-content\/uploads\/2020\/06\/portada-turismo-266x150.jpg 266w\" sizes=\"auto, (max-width: 700px) 100vw, 700px\" \/><\/p>\n<p style=\"text-align: justify;\">\u00d1uble, junio 2020: El Ministerio de Econom\u00eda, Fomento y Turismo, en conjunto con la Subsecretar\u00eda de Turismo y Sernatur, anunciaron que ya est\u00e1n disponibles los protocolos sanitarios y de buenas pr\u00e1cticas para alojamientos tur\u00edsticos y restaurantes, medidas que buscan preparar a la industria tur\u00edstica para hacer frente a la fase de reactivaci\u00f3n del sector una vez superado el peak de contagios.<\/p>\n<p style=\"text-align: justify;\">Estos protocolos \u2014con los que se pretende brindar una gu\u00eda que, adem\u00e1s de entregar criterios homologados, oriente a los prestadores de servicios tur\u00edsticos\u2014 son parte de las iniciativas que engloba el Plan Nacional de Turismo anunciado por el Ministerio de Econom\u00eda, Fomento y Turismo, que cuenta con tres focos fundamentales: reactivaci\u00f3n gradual en base a protocolos y recomendaciones sanitarias, apoyos econ\u00f3micos a las pymes del sector y plan de promoci\u00f3n de turismo nacional.<\/p>\n<p style=\"text-align: justify;\">Roger Cisterna, seremi de Econom\u00eda, Fomento y Turismo de \u00d1uble, enfatiz\u00f3 que se trata de un conjunto de medidas que se comenzar\u00e1n a aplicar de forma gradual, de forma que se vayan mitigando los riesgos de contagio por efectos del Covid-19: \u201cPara \u00d1uble es tremendamente significativa la actividad tur\u00edstica puesto que tenemos sectores consolidados y otros en pleno desarrollo, con importantes inversiones y grandes esperanzas de constituirse como polos relevantes del turismo nacional. El Valle Las Trancas, Cobquecura, San Fab\u00edan, Valle del Itata y Quill\u00f3n son ejemplos del enorme potencial tur\u00edstico que posee la regi\u00f3n y estamos ciertos que no solo el ingreso de muchas pymes depende del restablecimiento de la actividad, sino que tambi\u00e9n es muy dependiente el sector familiar. Hay un significativo n\u00famero de personas que dependen de esta industria y actividades anexas, y por eso es de nuestro inter\u00e9s prepararnos con tiempo para el retorno paulatino a la normalidad\u201d, asever\u00f3.<\/p>\n<p style=\"text-align: justify;\">Por su parte, la Directora Regional de Turismo de \u00d1uble, Heidi Inostroza, se\u00f1al\u00f3 que \u201cla seguridad sanitaria de nuestros destinos, atractivos y oferta tur\u00edstica regional ser\u00e1 clave para la reactivaci\u00f3n del sector, pues adem\u00e1s, permitir\u00e1 generar las confianzas necesarias hacia los turistas para decidir viajar nuevamente y elegir a \u00d1uble, y a Chile; de all\u00ed la importancia de contar con estos protocolos y difundir sus recomendaciones para su implementaci\u00f3n oportuna, y as\u00ed, en conjunto con nuestros empresarios, gremios de turismo y municipios nos preparemos informadamente y con tiempo para continuar en la recuperaci\u00f3n y\u00a0 reapertura gradual del turismo\u201d. Indicando adem\u00e1s que \u201cestos protocolos contribuyen a proteger la salud de nuestros prestadores de servicios tur\u00edsticos, los trabajadores del sector, la comunidad, y por supuesto, de los turistas; por lo que seguiremos trabajando con los actores del turismo para contar prontamente con nuevas recomendaciones para otros tipos de servicios o rubros de la industria\u201d.<\/p>\n","protected":false},"excerpt":{"rendered":"<p>\u00d1uble, junio 2020: El Ministerio de Econom\u00eda, Fomento y Turismo, en conjunto con la Subsecretar\u00eda de Turismo y Sernatur, anunciaron que ya est\u00e1n disponibles los protocolos sanitarios y de buenas pr\u00e1cticas para alojamientos tur\u00edsticos&#46;&#46;&#46;<\/p>\n","protected":false},"author":2,"featured_media":22585,"comment_status":"closed","ping_status":"open","sticky":false,"template":"","format":"standard","meta":{"footnotes":""},"categories":[1,15],"tags":[1115,1678,1119,8,6,117],"class_list":["post-22584","post","type-post","status-publish","format-standard","has-post-thumbnail","hentry","category-noticias","category-turismo","tag-noticias","tag-nuble","tag-turismo","tag-yungay","tag-yungayino","tag-yungayinocl"],"_links":{"self":[{"href":"https:\/\/www.yungayino.cl\/noticias\/index.php?rest_route=\/wp\/v2\/posts\/22584","targetHints":{"allow":["GET"]}}],"collection":[{"href":"https:\/\/www.yungayino.cl\/noticias\/index.php?rest_route=\/wp\/v2\/posts"}],"about":[{"href":"https:\/\/www.yungayino.cl\/noticias\/index.php?rest_route=\/wp\/v2\/types\/post"}],"author":[{"embeddable":true,"href":"https:\/\/www.yungayino.cl\/noticias\/index.php?rest_route=\/wp\/v2\/users\/2"}],"replies":[{"embeddable":true,"href":"https:\/\/www.yungayino.cl\/noticias\/index.php?rest_route=%2Fwp%2Fv2%2Fcomments&post=22584"}],"version-history":[{"count":2,"href":"https:\/\/www.yungayino.cl\/noticias\/index.php?rest_route=\/wp\/v2\/posts\/22584\/revisions"}],"predecessor-version":[{"id":22587,"href":"https:\/\/www.yungayino.cl\/noticias\/index.php?rest_route=\/wp\/v2\/posts\/22584\/revisions\/22587"}],"wp:featuredmedia":[{"embeddable":true,"href":"https:\/\/www.yungayino.cl\/noticias\/index.php?rest_route=\/wp\/v2\/media\/22585"}],"wp:attachment":[{"href":"https:\/\/www.yungayino.cl\/noticias\/index.php?rest_route=%2Fwp%2Fv2%2Fmedia&parent=22584"}],"wp:term":[{"taxonomy":"category","embeddable":true,"href":"https:\/\/www.yungayino.cl\/noticias\/index.php?rest_route=%2Fwp%2Fv2%2Fcategories&post=22584"},{"taxonomy":"post_tag","embeddable":true,"href":"https:\/\/www.yungayino.cl\/noticias\/index.php?rest_route=%2Fwp%2Fv2%2Ftags&post=22584"}],"curies":[{"name":"wp","href":"https:\/\/api.w.org\/{rel}","templated":true}]}}