{"id":22588,"date":"2020-06-14T07:00:19","date_gmt":"2020-06-14T10:00:19","guid":{"rendered":"http:\/\/www.yungayino.cl\/noticias\/?p=22588"},"modified":"2020-06-09T19:47:07","modified_gmt":"2020-06-09T22:47:07","slug":"corfo-lanza-plataforma-pymes-en-linea-y-busca-capacitar-gratis-a-100-mil-pymes-en-venta-online-este-ano","status":"publish","type":"post","link":"https:\/\/www.yungayino.cl\/noticias\/?p=22588","title":{"rendered":"Corfo Lanza Plataforma Pymes en L\u00ednea, y Busca Capacitar Gratis a 100 Mil Pymes en Venta Online Este A\u00f1o"},"content":{"rendered":"<p><img loading=\"lazy\" decoding=\"async\" class=\"alignnone size-full wp-image-22589\" src=\"http:\/\/www.yungayino.cl\/noticias\/wp-content\/uploads\/2020\/06\/portada-pymes-linea.jpg\" alt=\"\" width=\"700\" height=\"350\" srcset=\"https:\/\/www.yungayino.cl\/noticias\/wp-content\/uploads\/2020\/06\/portada-pymes-linea.jpg 700w, https:\/\/www.yungayino.cl\/noticias\/wp-content\/uploads\/2020\/06\/portada-pymes-linea-300x150.jpg 300w\" sizes=\"auto, (max-width: 700px) 100vw, 700px\" \/><\/p>\n<p style=\"text-align: justify;\">Nacional, junio 2020: La iniciativa busca que las mipymes se digitalicen para que generen o aumenten sus ventas. La plataforma habilitada por Corfo ofrece cursos de capacitaci\u00f3n en comercio digital, redes sociales, plataformas e-commerce, marketplace, medios de pago y marketing digital, entre otros.<\/p>\n<p style=\"text-align: justify;\">\u201cPymes en L\u00ednea\u201d es el nombre de la plataforma que lanz\u00f3 Corfo con apoyo del Ministerio de Econom\u00eda, Fomento y Turismo, y que, de forma gratuita, pone a disposici\u00f3n cursos y capacitaciones online para que mipymes y emprendedores aprendan de comercio electr\u00f3nico, para utilizar la venta por internet como un nuevo canal de comercializaci\u00f3n, a prop\u00f3sito de la emergencia sanitaria.<\/p>\n<p style=\"text-align: justify;\">\u201cEl objetivo principal de esta iniciativa es proporcionar una mayor competitividad a las empresas de menor tama\u00f1o y, con ello, un incremento de sus ventas y por consiguiente de sus ingresos y los de las familias que dependen de ellas, mediante la entrega de las herramientas necesarias que les permitan promocionar y vender sus productos a trav\u00e9s de internet\u201d se\u00f1al\u00f3 el seremi de Econom\u00eda de \u00d1uble, Roger Cisterna.<\/p>\n<p style=\"text-align: justify;\">\u201cEn Corfo, hoy m\u00e1s que nunca, estamos muy preocupados por apoyar a las pymes que se han visto fuertemente afectadas por la pandemia del Covid-19 y que cumplen un rol muy importante en la activaci\u00f3n econ\u00f3mica de nuestro territorio. Confiamos en que el camino de la digitalizaci\u00f3n les permitir\u00e1 salir adelante en esta crisis, por lo que invito a los \u00f1ublensinos a inscribirse en esta plataforma y adquirir los conocimientos para ofrecer y vender sus productos y servicios por internet\u201d, expres\u00f3 el director regional de Corfo en \u00d1uble, Daniel Sep\u00falveda.<\/p>\n<p style=\"text-align: justify;\">La plataforma \u201cPymes en L\u00ednea\u201d permitir\u00e1 instruirse en \u00e1reas como el comercio electr\u00f3nico, redes sociales, e-commerce, marketplace, medios de pago, y marketing digital, entre otros. Actualmente la iniciativa cuenta con ocho charlas magistrales que ser\u00e1n dictadas por expertos en el \u00e1rea, adem\u00e1s de cursos especializados en las materias antes mencionadas. Asimismo, se dispondr\u00e1 de apoyo con asistencia t\u00e9cnica para implementar lo aprendido y lograr la comercializaci\u00f3n por internet. Por \u00faltimo, los egresados podr\u00e1n acceder a ser parte de una comunidad y obtener un diploma virtual al egreso del curso.<\/p>\n<p style=\"text-align: justify;\">La plataforma incorporar\u00e1 contenidos adicionales de manera paulatina durante los pr\u00f3ximos meses e ir\u00e1 mejorando de forma continua los contenidos, siempre tomando en cuenta el feedback de los emprendedores y sus necesidades.<\/p>\n<p style=\"text-align: justify;\">Seg\u00fan los resultados de la \u00faltima versi\u00f3n del \u00cdndice de Transformaci\u00f3n Digital 2019 (Corfo, CCS y PMG), las pymes declaran que los procesos de digitalizaci\u00f3n y la incorporaci\u00f3n de tecnolog\u00edas b\u00e1sicas, les han ayudado a conseguir nuevos clientes. De esta manera, la incorporaci\u00f3n del e-commerce y las redes sociales ha ampliado su capacidad de venta y su sostenibilidad como modelo de negocio. Sin embargo, este mismo \u00edndice sostiene que en el pa\u00eds una de cada dos pymes tiene un nivel de madurez de \u201cPrincipiante Digital\u201d; es decir, se encuentran dando el primer paso hacia la transformaci\u00f3n digital, a trav\u00e9s de la incorporaci\u00f3n de tecnolog\u00edas y herramientas digitales b\u00e1sicas.<\/p>\n<p style=\"text-align: justify;\">Para ser parte del programa \u201cPymes en L\u00ednea\u201d no hay requisitos, solo los interesados deber\u00e1n inscribirse en <a href=\"http:\/\/www.pymesenlinea.cl\">www.pymesenlinea.cl<\/a>, contar con conexi\u00f3n a internet y un dispositivo (notebook o smartphone) para poder participar de las clases.<\/p>\n","protected":false},"excerpt":{"rendered":"<p>Nacional, junio 2020: La iniciativa busca que las mipymes se digitalicen para que generen o aumenten sus ventas. La plataforma habilitada por Corfo ofrece cursos de capacitaci\u00f3n en comercio digital, redes sociales, plataformas e-commerce,&#46;&#46;&#46;<\/p>\n","protected":false},"author":2,"featured_media":22589,"comment_status":"closed","ping_status":"open","sticky":false,"template":"","format":"standard","meta":{"footnotes":""},"categories":[1],"tags":[2239,478,1115,2237,2238,8,6,117],"class_list":["post-22588","post","type-post","status-publish","format-standard","has-post-thumbnail","hentry","category-noticias","tag-comercio","tag-corfo","tag-noticias","tag-pymes-en-linea","tag-ventas-online","tag-yungay","tag-yungayino","tag-yungayinocl"],"_links":{"self":[{"href":"https:\/\/www.yungayino.cl\/noticias\/index.php?rest_route=\/wp\/v2\/posts\/22588","targetHints":{"allow":["GET"]}}],"collection":[{"href":"https:\/\/www.yungayino.cl\/noticias\/index.php?rest_route=\/wp\/v2\/posts"}],"about":[{"href":"https:\/\/www.yungayino.cl\/noticias\/index.php?rest_route=\/wp\/v2\/types\/post"}],"author":[{"embeddable":true,"href":"https:\/\/www.yungayino.cl\/noticias\/index.php?rest_route=\/wp\/v2\/users\/2"}],"replies":[{"embeddable":true,"href":"https:\/\/www.yungayino.cl\/noticias\/index.php?rest_route=%2Fwp%2Fv2%2Fcomments&post=22588"}],"version-history":[{"count":2,"href":"https:\/\/www.yungayino.cl\/noticias\/index.php?rest_route=\/wp\/v2\/posts\/22588\/revisions"}],"predecessor-version":[{"id":22591,"href":"https:\/\/www.yungayino.cl\/noticias\/index.php?rest_route=\/wp\/v2\/posts\/22588\/revisions\/22591"}],"wp:featuredmedia":[{"embeddable":true,"href":"https:\/\/www.yungayino.cl\/noticias\/index.php?rest_route=\/wp\/v2\/media\/22589"}],"wp:attachment":[{"href":"https:\/\/www.yungayino.cl\/noticias\/index.php?rest_route=%2Fwp%2Fv2%2Fmedia&parent=22588"}],"wp:term":[{"taxonomy":"category","embeddable":true,"href":"https:\/\/www.yungayino.cl\/noticias\/index.php?rest_route=%2Fwp%2Fv2%2Fcategories&post=22588"},{"taxonomy":"post_tag","embeddable":true,"href":"https:\/\/www.yungayino.cl\/noticias\/index.php?rest_route=%2Fwp%2Fv2%2Ftags&post=22588"}],"curies":[{"name":"wp","href":"https:\/\/api.w.org\/{rel}","templated":true}]}}