{"id":22614,"date":"2020-06-16T10:00:25","date_gmt":"2020-06-16T13:00:25","guid":{"rendered":"http:\/\/www.yungayino.cl\/noticias\/?p=22614"},"modified":"2020-06-16T14:16:54","modified_gmt":"2020-06-16T17:16:54","slug":"senama-registra-un-aumento-de-casi-4-veces-en-los-casos-y-consultas-sobre-maltrato-a-las-personas-mayores-durante-los-meses-de-pandemia","status":"publish","type":"post","link":"https:\/\/www.yungayino.cl\/noticias\/?p=22614","title":{"rendered":"SENAMA Registra un Aumento de Casi 4 Veces en los Casos y Consultas Sobre Maltrato a las Personas Mayores Durante los Meses de Pandemia"},"content":{"rendered":"<p><img loading=\"lazy\" decoding=\"async\" class=\"alignnone size-full wp-image-22616\" src=\"http:\/\/www.yungayino.cl\/noticias\/wp-content\/uploads\/2020\/06\/foto-2-adultos-mayores.jpg\" alt=\"\" width=\"700\" height=\"700\" srcset=\"https:\/\/www.yungayino.cl\/noticias\/wp-content\/uploads\/2020\/06\/foto-2-adultos-mayores.jpg 700w, https:\/\/www.yungayino.cl\/noticias\/wp-content\/uploads\/2020\/06\/foto-2-adultos-mayores-300x300.jpg 300w, https:\/\/www.yungayino.cl\/noticias\/wp-content\/uploads\/2020\/06\/foto-2-adultos-mayores-150x150.jpg 150w, https:\/\/www.yungayino.cl\/noticias\/wp-content\/uploads\/2020\/06\/foto-2-adultos-mayores-160x160.jpg 160w, https:\/\/www.yungayino.cl\/noticias\/wp-content\/uploads\/2020\/06\/foto-2-adultos-mayores-320x320.jpg 320w\" sizes=\"auto, (max-width: 700px) 100vw, 700px\" \/><\/p>\n<p style=\"text-align: justify;\">Naciona, junio 2020: Ayer lunes 15 de junio se conmemor\u00f3 el D\u00eda Mundial de la Toma de Conciencia del Abuso y Maltrato en la Vejez, y en este contexto, SENAMA presenta una Campa\u00f1a Digital que llama a las distintas edades a valorar, incluir y estar presentes con los mayores, sobre todo en \u00e9poca de pandemia, donde el aislamiento f\u00edsico no debe convertirse en aislamiento social porque hoy #NosCuidamosJuntos.<\/p>\n<p style=\"text-align: justify;\">Seg\u00fan datos de las atenciones canalizadas por el programa de Buen Trato de SENAMA, durante los meses de marzo, abril y mayo de este a\u00f1o, se recibieron un total de 3.110 casos y consultas con situaciones de vulneraci\u00f3n de derechos a las personas mayores. Esta cifra indica un aumento de un 366% con respecto al mismo periodo de 2019, donde se registraron 848 casos.<\/p>\n<p style=\"text-align: justify;\">Del total de atenciones en el mes de mayo se registran 477 casos de maltrato a las personas mayores, principalmente relacionadas a la categor\u00eda \u201csituaci\u00f3n de emergencia, cat\u00e1strofe o desastre\u201d que corresponde a situaciones de maltrato en el marco de la contingencia sanitaria que vive el pa\u00eds, seguida por violencia intrafamiliar y derivadas del Poder Judicial.<\/p>\n<p style=\"text-align: justify;\">Al respecto el director nacional de SENAMA, Octavio Vergara, precis\u00f3 que \u201cnuestra campa\u00f1a entrega un mensaje potente ante la realidad de la pandemia por el Covid-19 que vive el pa\u00eds y el mundo, promoviendo un trato inclusivo y digno, a trav\u00e9s de acciones cotidianas, como las llamadas telef\u00f3nicas o \u00a0videollamadas a las personas mayores m\u00e1s significativas, porque el olvido es una forma de abandono y en esta pandemia no olvidemos a las personas mayores\u201d.<\/p>\n<p style=\"text-align: justify;\">Agreg\u00f3 que \u201cen SENAMA implementamos el Fono Mayor Covid-19: 800-400-035, que entrega apoyo emocional y acompa\u00f1amiento a las personas mayores, y que, desde marzo hasta mayo, contabiliza 954 casos y consultas relacionadas a las tem\u00e1ticas de maltrato hacia el adulto mayor\u201d.<\/p>\n<p style=\"text-align: justify;\">En \u00d1uble, la seremi de Desarrollo Social, Doris Osses\u00a0 sostuvo que hoy \u201clo que no podemos dejar de hacer,\u00a0 es tomar\u00a0 contacto a trav\u00e9s de las redes\u00a0 y a trav\u00e9s de las formas en que hoy nos permite la pandemia, un llamado telef\u00f3nico, una video llamada, un acercamiento lejano, en fin, siempre con el prop\u00f3sito de transmitir cari\u00f1o y afecto a quienes m\u00e1s lo necesitan. El adulto mayor es parte del coraz\u00f3n del gobierno del Presidente Sebasti\u00e1n Pi\u00f1era y de la regi\u00f3n de \u00d1uble, y en ese sentido hoy eso se concreta a trav\u00e9s del financiamiento de centros diurnos, centros comunitarios, programas de cuidados domiciliarios y hoy d\u00eda el programa televinculos que ha entregado tel\u00e9fonos para que m\u00e1s de 260 adultos mayores de 16 comunas de \u00d1uble puedan recibir asistencia y acompa\u00f1amiento remoto.<\/p>\n<p style=\"text-align: justify;\">La coordinadora regional de SENAMA, Denisse Aburto, destac\u00f3 la \u201cimplementaci\u00f3n de la figura del Defensor Mayor en la regi\u00f3n, como en todo el pa\u00eds, el que brinda la atenci\u00f3n especializada de un abogado que asesora a las personas mayores en forma gratuita, ante situaciones de abuso, maltrato, violencia o alguna vulneraci\u00f3n en sus derechos, en el marco del trato digno que merecen las personas mayores\u201d.<\/p>\n<p style=\"text-align: justify;\">Este 15 de junio, D\u00eda Mundial de la Toma de Conciencia sobre el Abuso y Maltrato en la Vejez, el Servicio Nacional del Adulto Mayor, hace un llamado a toda la sociedad, especialmente a los grupos menores de 60 a\u00f1os, a reforzar el buen trato a las personas mayores, tanto en las familias, comunidades, residencias, en la atenci\u00f3n p\u00fablica, y en todos aquellos espacios donde conviven personas mayores.<\/p>\n<p style=\"text-align: justify;\"><strong><u>Maltrato<\/u><\/strong><\/p>\n<p style=\"text-align: justify;\">De acuerdo al programa de Buen Trato de SENAMA, maltrato a las personas mayores es cualquier acci\u00f3n u omisi\u00f3n que produce da\u00f1o y que vulnera el respeto a su dignidad y el ejercicio de sus derechos como persona. Este puede realizarse de manera intencionada, como tambi\u00e9n puede ocurrir por desconocimiento de manera no intencionada. El da\u00f1o producido puede ser de distintos tipo y dimensi\u00f3n (f\u00edsico, psicol\u00f3gico, negligencia, abuso sexual, abandono, patrimonial y societario).<\/p>\n<p style=\"text-align: justify;\">Desde este Programa se implementa adem\u00e1s el Defensor Mayor de SENAMA, que est\u00e1 presente en cada regi\u00f3n del pa\u00eds, con un abogado especializado en adulto mayor.<\/p>\n<p style=\"text-align: justify;\"><strong>En mayo de 2020: <\/strong><\/p>\n<ul style=\"text-align: justify;\">\n<li>Las regiones con m\u00e1s casos y consultas en el mes de mayo son la RM con 123 casos y 12 consultas y la regi\u00f3n de Valpara\u00edso con 107 casos y 2 consultas.<\/li>\n<li>Se registran 329 casos ingresados a trav\u00e9s del Fono Mayor durante el mes de mayo.<\/li>\n<li>En lo que refiere a los casos de maltrato, 302 (63,3%) de las v\u00edctimas corresponde a mujeres y 175 (36,7%) a hombres.<\/li>\n<li>Se registran 86 denuncias por violencia intrafamiliar en el mes de mayo.<\/li>\n<\/ul>\n<p>&nbsp;<\/p>\n<p style=\"text-align: justify;\">[su_button url=\u00bbhttps:\/\/www.facebook.com\/pg\/yungayino.cl\/photos\/?tab=album&amp;album_id=3519261954755485&#8243; target=\u00bbblank\u00bb size=\u00bb7&#8243; radius=\u00bbround\u00bb icon=\u00bbicon: facebook-square\u00bb]FOTOGRAF\u00cdAS &#8211; SENAMA Registra un Aumento de Casi 4 Veces en los Casos y Consultas Sobre Maltrato a las Personas Mayores Durante los Meses de Pandemia[\/su_button]<\/p>\n<p style=\"text-align: justify;\">\n","protected":false},"excerpt":{"rendered":"<p>Naciona, junio 2020: Ayer lunes 15 de junio se conmemor\u00f3 el D\u00eda Mundial de la Toma de Conciencia del Abuso y Maltrato en la Vejez, y en este contexto, SENAMA presenta una Campa\u00f1a Digital&#46;&#46;&#46;<\/p>\n","protected":false},"author":2,"featured_media":22616,"comment_status":"closed","ping_status":"open","sticky":false,"template":"","format":"standard","meta":{"footnotes":""},"categories":[1],"tags":[57,2245,1115,619,8,6,117],"class_list":["post-22614","post","type-post","status-publish","format-standard","has-post-thumbnail","hentry","category-noticias","tag-adultos-mayores","tag-nos-cuidamos-juntos","tag-noticias","tag-senama","tag-yungay","tag-yungayino","tag-yungayinocl"],"_links":{"self":[{"href":"https:\/\/www.yungayino.cl\/noticias\/index.php?rest_route=\/wp\/v2\/posts\/22614","targetHints":{"allow":["GET"]}}],"collection":[{"href":"https:\/\/www.yungayino.cl\/noticias\/index.php?rest_route=\/wp\/v2\/posts"}],"about":[{"href":"https:\/\/www.yungayino.cl\/noticias\/index.php?rest_route=\/wp\/v2\/types\/post"}],"author":[{"embeddable":true,"href":"https:\/\/www.yungayino.cl\/noticias\/index.php?rest_route=\/wp\/v2\/users\/2"}],"replies":[{"embeddable":true,"href":"https:\/\/www.yungayino.cl\/noticias\/index.php?rest_route=%2Fwp%2Fv2%2Fcomments&post=22614"}],"version-history":[{"count":6,"href":"https:\/\/www.yungayino.cl\/noticias\/index.php?rest_route=\/wp\/v2\/posts\/22614\/revisions"}],"predecessor-version":[{"id":22622,"href":"https:\/\/www.yungayino.cl\/noticias\/index.php?rest_route=\/wp\/v2\/posts\/22614\/revisions\/22622"}],"wp:featuredmedia":[{"embeddable":true,"href":"https:\/\/www.yungayino.cl\/noticias\/index.php?rest_route=\/wp\/v2\/media\/22616"}],"wp:attachment":[{"href":"https:\/\/www.yungayino.cl\/noticias\/index.php?rest_route=%2Fwp%2Fv2%2Fmedia&parent=22614"}],"wp:term":[{"taxonomy":"category","embeddable":true,"href":"https:\/\/www.yungayino.cl\/noticias\/index.php?rest_route=%2Fwp%2Fv2%2Fcategories&post=22614"},{"taxonomy":"post_tag","embeddable":true,"href":"https:\/\/www.yungayino.cl\/noticias\/index.php?rest_route=%2Fwp%2Fv2%2Ftags&post=22614"}],"curies":[{"name":"wp","href":"https:\/\/api.w.org\/{rel}","templated":true}]}}