{"id":22681,"date":"2020-06-26T07:00:30","date_gmt":"2020-06-26T10:00:30","guid":{"rendered":"http:\/\/www.yungayino.cl\/noticias\/?p=22681"},"modified":"2020-06-23T15:14:33","modified_gmt":"2020-06-23T18:14:33","slug":"mas-de-330-personas-de-la-region-se-han-inscrito-en-capacitaciones-a-distancia-firmadas-por-universidades-extranjeras","status":"publish","type":"post","link":"https:\/\/www.yungayino.cl\/noticias\/?p=22681","title":{"rendered":"M\u00e1s de 330 Personas de la Regi\u00f3n se Han Inscrito en Capacitaciones a Distancia Firmadas por Universidades Extranjeras"},"content":{"rendered":"<p><img loading=\"lazy\" decoding=\"async\" class=\"alignnone size-full wp-image-22682\" src=\"http:\/\/www.yungayino.cl\/noticias\/wp-content\/uploads\/2020\/06\/Coursera.jpg\" alt=\"\" width=\"700\" height=\"298\" srcset=\"https:\/\/www.yungayino.cl\/noticias\/wp-content\/uploads\/2020\/06\/Coursera.jpg 700w, https:\/\/www.yungayino.cl\/noticias\/wp-content\/uploads\/2020\/06\/Coursera-300x128.jpg 300w, https:\/\/www.yungayino.cl\/noticias\/wp-content\/uploads\/2020\/06\/Coursera-352x150.jpg 352w\" sizes=\"auto, (max-width: 700px) 100vw, 700px\" \/><\/p>\n<p style=\"text-align: justify;\">Nacional, junio 2020: Un total de 336 personas de la Regi\u00f3n de \u00d1uble se han inscrito en las capacitaciones a distancia, en materias tecnol\u00f3gicas, de negocios e idiomas, a trav\u00e9s de la plataforma Coursera, cuya culminaci\u00f3n se sella con un diploma firmado por algunas de las principales y m\u00e1s prestigiosas universidades del mundo.<\/p>\n<p style=\"text-align: justify;\">La iniciativa, desarrollada en el pa\u00eds gracias a una alianza impulsada por el Servicio Nacional de Capacitaci\u00f3n y Empleo (Sence), ya cuenta con m\u00e1s de 32.000 inscritos a nivel nacional. Otras 17.000 invitaciones a\u00fan est\u00e1n disponibles en el sitio web <a href=\"https:\/\/sence.gob.cl\/\"><strong>www.sence.cl<\/strong><\/a> (con los \u00fanicos requisitos de la mayor\u00eda de edad y el rut).<\/p>\n<p style=\"text-align: justify;\">La seremi del Trabajo y Previsi\u00f3n Social de \u00d1uble, Yeniffer Ferrada, llam\u00f3 a los trabajadores y emprendedores de la zona que se han visto afectados en el \u00faltimo tiempo producto de la emergencia sanitaria \u00aba conocer y aprovechar la oferta program\u00e1tica que ha ideado el ministerio para el escenario que atravesamos. Estamos hablando de capacitaciones a distancia de alta calidad y que, sin duda, sumar\u00e1n a los curriculum y a los proyectos que emprendan\u00bb.<\/p>\n<p style=\"text-align: justify;\">Por su parte, el director regional del Sence, Rodolfo Zaror, explic\u00f3 que la alianza es parte de una red \u201cde ayuda para la recuperaci\u00f3n de la fuerza laboral, generando habilidades, competencias y logando profundizar la capacitaci\u00f3n de las personas en estos tiempos de pandemia. La invitaci\u00f3n es para que las personas se sumen y se sigan agregando, participando en esta tremenda oportunidad que hay, ingresando a nuestra p\u00e1gina y revisando las opciones de los cursos en l\u00ednea que se ofrecen\u201d.<\/p>\n<p style=\"text-align: justify;\">Cabe se\u00f1alar que se trata de 70 cursos, agrupados en 14 \u00e1reas, entre las que destacan \u201cGesti\u00f3n de Emprendimientos\u201d, \u201cIngl\u00e9s Empresarial\u201d, \u201cCreatividad, dise\u00f1o e innovaci\u00f3n: T\u00e9cnicas y herramientas\u201d, \u201cImplementaci\u00f3n del Marketing Mix\u201d y \u201cMarketing con Redes Sociales\u201d.<\/p>\n<p style=\"text-align: justify;\">La seremi Ferrada tambi\u00e9n destac\u00f3 otras iniciativas relativas a capacitaci\u00f3n y ofertas de empleo \u201cporque en el Gobierno entendemos que, en este minuto, m\u00e1s que nunca, debemos poner todas las herramientas a disposici\u00f3n de los trabajadores. La semana pasada se liber\u00f3 el sitio web <a href=\"https:\/\/www.apoyoalempleo.cl\/\">www.apoyoalempleo.cl<\/a>, donde se puede encontrar una orientaci\u00f3n y respuestas sobre las posibilidades existentes, tanto para los propios trabajadores como tambi\u00e9n para los empleadores\u201d.<\/p>\n","protected":false},"excerpt":{"rendered":"<p>Nacional, junio 2020: Un total de 336 personas de la Regi\u00f3n de \u00d1uble se han inscrito en las capacitaciones a distancia, en materias tecnol\u00f3gicas, de negocios e idiomas, a trav\u00e9s de la plataforma Coursera,&#46;&#46;&#46;<\/p>\n","protected":false},"author":2,"featured_media":22682,"comment_status":"closed","ping_status":"open","sticky":false,"template":"","format":"standard","meta":{"footnotes":""},"categories":[1],"tags":[2252,1115,1602,8,6,117],"class_list":["post-22681","post","type-post","status-publish","format-standard","has-post-thumbnail","hentry","category-noticias","tag-capacitaciones","tag-noticias","tag-sence","tag-yungay","tag-yungayino","tag-yungayinocl"],"_links":{"self":[{"href":"https:\/\/www.yungayino.cl\/noticias\/index.php?rest_route=\/wp\/v2\/posts\/22681","targetHints":{"allow":["GET"]}}],"collection":[{"href":"https:\/\/www.yungayino.cl\/noticias\/index.php?rest_route=\/wp\/v2\/posts"}],"about":[{"href":"https:\/\/www.yungayino.cl\/noticias\/index.php?rest_route=\/wp\/v2\/types\/post"}],"author":[{"embeddable":true,"href":"https:\/\/www.yungayino.cl\/noticias\/index.php?rest_route=\/wp\/v2\/users\/2"}],"replies":[{"embeddable":true,"href":"https:\/\/www.yungayino.cl\/noticias\/index.php?rest_route=%2Fwp%2Fv2%2Fcomments&post=22681"}],"version-history":[{"count":2,"href":"https:\/\/www.yungayino.cl\/noticias\/index.php?rest_route=\/wp\/v2\/posts\/22681\/revisions"}],"predecessor-version":[{"id":22684,"href":"https:\/\/www.yungayino.cl\/noticias\/index.php?rest_route=\/wp\/v2\/posts\/22681\/revisions\/22684"}],"wp:featuredmedia":[{"embeddable":true,"href":"https:\/\/www.yungayino.cl\/noticias\/index.php?rest_route=\/wp\/v2\/media\/22682"}],"wp:attachment":[{"href":"https:\/\/www.yungayino.cl\/noticias\/index.php?rest_route=%2Fwp%2Fv2%2Fmedia&parent=22681"}],"wp:term":[{"taxonomy":"category","embeddable":true,"href":"https:\/\/www.yungayino.cl\/noticias\/index.php?rest_route=%2Fwp%2Fv2%2Fcategories&post=22681"},{"taxonomy":"post_tag","embeddable":true,"href":"https:\/\/www.yungayino.cl\/noticias\/index.php?rest_route=%2Fwp%2Fv2%2Ftags&post=22681"}],"curies":[{"name":"wp","href":"https:\/\/api.w.org\/{rel}","templated":true}]}}