{"id":22702,"date":"2020-07-01T15:00:31","date_gmt":"2020-07-01T18:00:31","guid":{"rendered":"http:\/\/www.yungayino.cl\/noticias\/?p=22702"},"modified":"2020-07-01T17:03:32","modified_gmt":"2020-07-01T20:03:32","slug":"carabineros-realiza-saludo-de-reconocimiento-a-bomberos-de-yungay","status":"publish","type":"post","link":"https:\/\/www.yungayino.cl\/noticias\/?p=22702","title":{"rendered":"Carabineros Realiza Saludo de Reconocimiento a Bomberos de Yungay"},"content":{"rendered":"<p><img loading=\"lazy\" decoding=\"async\" class=\"alignnone size-full wp-image-22703\" src=\"http:\/\/www.yungayino.cl\/noticias\/wp-content\/uploads\/2020\/07\/PORTADA-1-JULIO.jpg\" alt=\"\" width=\"700\" height=\"351\" srcset=\"https:\/\/www.yungayino.cl\/noticias\/wp-content\/uploads\/2020\/07\/PORTADA-1-JULIO.jpg 700w, https:\/\/www.yungayino.cl\/noticias\/wp-content\/uploads\/2020\/07\/PORTADA-1-JULIO-300x150.jpg 300w, https:\/\/www.yungayino.cl\/noticias\/wp-content\/uploads\/2020\/07\/PORTADA-1-JULIO-299x150.jpg 299w\" sizes=\"auto, (max-width: 700px) 100vw, 700px\" \/><\/p>\n<p style=\"text-align: justify;\">Yungay, mi\u00e9rcoles 01 de julio 2020: Carabineros pertenecientes a la Cuarta Comisar\u00eda de Yungay realiz\u00f3 el d\u00eda de ayer un saludo de reconocimiento a Bomberos de nuestra comuna en su aniversario N\u00b0 169 de la Instituci\u00f3n.<\/p>\n<p style=\"text-align: justify;\">Destacando la labor que realizan cada d\u00eda al servicio de la comunidad.<\/p>\n<p style=\"text-align: justify;\"><iframe loading=\"lazy\" style=\"border: none; overflow: hidden;\" src=\"https:\/\/www.facebook.com\/plugins\/post.php?href=https:\/\/www.facebook.com\/yungayino.cl\/photos\/a.3563174240364256\/3563174963697517\/?type=3&amp;__xts__%5B0%5D=68.ARAUuxbVJszQh-aSz-8GHwwcjMyuNXT_37ZhWFP9yJ2U2r3q33xsKssOUKE3ek1msNIzOMaSdF7HPlkwwNPXeTvYNHQKIIdlj4lioxwsVR2WmJdvDQZKi1JmhF47hL5Yh47diqLG6EJKCPVyzZHKraQZCTSyNDeN291dK2_gZbKPFnpIkLEakfnAe-iewuBlsYWtZF_n2Uasj5Df03WiFZgFeHTfEdPeyTgBsB5wypvRb4kTx4Lxxw7iGh6W2OraVqj42Ma-E-f59CWOHE_fGmITnFQFu_cIqpk813Lj1x1xvd4AtY3gN09beA4XjhVdtEMBawrUoJIs9Z_QEC7Lwi-WR6F6BD6YOcp5txnXyjg0KYVd2J28kyqIxQdSNGpw6taNJ_CMOQdc0Icbgikrt23IlAD70s9VFoljR9Zi_LbVI6WTglObrX8Tm329E4aXIrKi4Obvr1WjHEZcLdfl&amp;__tn__=-R&amp;l=a77e327dc6&amp;l=f5951f1994&amp;l=bfecbb8adf&amp;l=687b6bf5da&amp;width=500&amp;show_text=true&amp;height=691&amp;appId\" width=\"500\" height=\"715\" frameborder=\"0\" scrolling=\"no\"><\/iframe><\/p>\n<p style=\"text-align: justify;\">[su_button url=\u00bbhttps:\/\/www.facebook.com\/pg\/yungayino.cl\/photos\/?tab=album&amp;album_id=3563174240364256&#8243; target=\u00bbblank\u00bb size=\u00bb7&#8243; radius=\u00bbround\u00bb icon=\u00bbicon: facebook-square\u00bb]FOTOGRAF\u00cdAS &#8211; Carabineros Realiza Saludo de Reconocimiento a Bomberos de Yungay[\/su_button]<\/p>\n","protected":false},"excerpt":{"rendered":"<p>Yungay, mi\u00e9rcoles 01 de julio 2020: Carabineros pertenecientes a la Cuarta Comisar\u00eda de Yungay realiz\u00f3 el d\u00eda de ayer un saludo de reconocimiento a Bomberos de nuestra comuna en su aniversario N\u00b0 169 de&#46;&#46;&#46;<\/p>\n","protected":false},"author":2,"featured_media":22703,"comment_status":"closed","ping_status":"open","sticky":false,"template":"","format":"standard","meta":{"footnotes":""},"categories":[1],"tags":[37,25,1115,8,6,117],"class_list":["post-22702","post","type-post","status-publish","format-standard","has-post-thumbnail","hentry","category-noticias","tag-bomberos","tag-carabineros","tag-noticias","tag-yungay","tag-yungayino","tag-yungayinocl"],"_links":{"self":[{"href":"https:\/\/www.yungayino.cl\/noticias\/index.php?rest_route=\/wp\/v2\/posts\/22702","targetHints":{"allow":["GET"]}}],"collection":[{"href":"https:\/\/www.yungayino.cl\/noticias\/index.php?rest_route=\/wp\/v2\/posts"}],"about":[{"href":"https:\/\/www.yungayino.cl\/noticias\/index.php?rest_route=\/wp\/v2\/types\/post"}],"author":[{"embeddable":true,"href":"https:\/\/www.yungayino.cl\/noticias\/index.php?rest_route=\/wp\/v2\/users\/2"}],"replies":[{"embeddable":true,"href":"https:\/\/www.yungayino.cl\/noticias\/index.php?rest_route=%2Fwp%2Fv2%2Fcomments&post=22702"}],"version-history":[{"count":5,"href":"https:\/\/www.yungayino.cl\/noticias\/index.php?rest_route=\/wp\/v2\/posts\/22702\/revisions"}],"predecessor-version":[{"id":22708,"href":"https:\/\/www.yungayino.cl\/noticias\/index.php?rest_route=\/wp\/v2\/posts\/22702\/revisions\/22708"}],"wp:featuredmedia":[{"embeddable":true,"href":"https:\/\/www.yungayino.cl\/noticias\/index.php?rest_route=\/wp\/v2\/media\/22703"}],"wp:attachment":[{"href":"https:\/\/www.yungayino.cl\/noticias\/index.php?rest_route=%2Fwp%2Fv2%2Fmedia&parent=22702"}],"wp:term":[{"taxonomy":"category","embeddable":true,"href":"https:\/\/www.yungayino.cl\/noticias\/index.php?rest_route=%2Fwp%2Fv2%2Fcategories&post=22702"},{"taxonomy":"post_tag","embeddable":true,"href":"https:\/\/www.yungayino.cl\/noticias\/index.php?rest_route=%2Fwp%2Fv2%2Ftags&post=22702"}],"curies":[{"name":"wp","href":"https:\/\/api.w.org\/{rel}","templated":true}]}}