{"id":22717,"date":"2020-07-04T07:00:28","date_gmt":"2020-07-04T10:00:28","guid":{"rendered":"http:\/\/www.yungayino.cl\/noticias\/?p=22717"},"modified":"2020-07-02T21:38:17","modified_gmt":"2020-07-03T00:38:17","slug":"segunda-reunion-virtual-de-la-co-construccion-de-la-hoja-de-ruta-para-la-reactivacion-turistica-de-nuble-reunio-a-importantes-actores-del-turismo-regional","status":"publish","type":"post","link":"https:\/\/www.yungayino.cl\/noticias\/?p=22717","title":{"rendered":"Segunda Reuni\u00f3n Virtual de la Co-Construcci\u00f3n de la Hoja de Ruta Para la Reactivaci\u00f3n Tur\u00edstica de \u00d1uble Reuni\u00f3 a Importantes Actores del Turismo Regional"},"content":{"rendered":"<p><img loading=\"lazy\" decoding=\"async\" class=\"alignnone size-full wp-image-22718\" src=\"http:\/\/www.yungayino.cl\/noticias\/wp-content\/uploads\/2020\/07\/portada-4-julio.jpg\" alt=\"\" width=\"700\" height=\"410\" srcset=\"https:\/\/www.yungayino.cl\/noticias\/wp-content\/uploads\/2020\/07\/portada-4-julio.jpg 700w, https:\/\/www.yungayino.cl\/noticias\/wp-content\/uploads\/2020\/07\/portada-4-julio-300x176.jpg 300w, https:\/\/www.yungayino.cl\/noticias\/wp-content\/uploads\/2020\/07\/portada-4-julio-256x150.jpg 256w\" sizes=\"auto, (max-width: 700px) 100vw, 700px\" \/><\/p>\n<p style=\"text-align: justify;\">\u00d1uble, julio 2020: La actividad organizada por SERNATUR \u00d1uble cont\u00f3 con m\u00e1s de 60 asistentes entre ellos autoridades regionales, representantes de instituciones de gobierno, coordinadores de turismo municipal, empresarios, gremios y la academia. La cual tiene por objetivo la co-construcci\u00f3n conjunta de iniciativas y estrategias que ayuden a enfrentar los desaf\u00edos que impondr\u00e1 la nueva etapa post pandemia.<\/p>\n<p style=\"text-align: justify;\">Esta segunda jornada de co-construcci\u00f3n inici\u00f3 con palabras de la directora regional de turismo en \u00d1uble, Heidi Inostroza y el Seremi de Econom\u00eda, Roger Cisterna, quienes relevaron la instancia y la importancia de la creaci\u00f3n de un Plan de Reactivaci\u00f3n para el Turismo en \u00d1uble de forma colaborativa, con los diferentes actores del rubro.<\/p>\n<p style=\"text-align: justify;\">Seg\u00fan inform\u00f3 la directora regional de SERNATUR \u00d1uble, Heidi Inostroza Rojas, \u201cdurante estas semanas hemos desarrollado distintos espacios de trabajo con organizaciones de empresarios del turismo, coordinadores municipales de turismo, gu\u00edas y turismo aventura, actores del turismo gastron\u00f3mico, del turismo creativo y cultural, as\u00ed como del comit\u00e9 de promoci\u00f3n tur\u00edstica de la regi\u00f3n, y centros vinculados al emprendimiento y la academia, destacando propuestas sobre turismo sustentable, la puesta en valor de la identidad regional; as\u00ed como del fortalecimiento de los gremios y los empresarios locales, una transformaci\u00f3n digital que permita no solo la difusi\u00f3n, sino tambi\u00e9n la comercializaci\u00f3n y aprovechar las nuevas plataformas para capacitaci\u00f3n\u201d.<\/p>\n<p style=\"text-align: justify;\">Algunas de las ideas que surgieron entre los participantes, son acciones de marketing para promover el turismo regional con intereses especiales, fomentar la creaci\u00f3n de nuevos proyectos de innovaci\u00f3n y transformaci\u00f3n digital para atender de forma eficiente y efectiva los requerimientos del sector bajo un nuevo escenario para la industria tur\u00edstica y as\u00ed estar preparados para las futuras visitas, sobre todo en altos est\u00e1ndares de higiene, as\u00ed como otras medidas que apunten a crear confianza para que los turistas se sientan seguros.<\/p>\n<p style=\"text-align: justify;\">Durante el transcurso de este encuentro virtual, tambi\u00e9n se dio un espacio relevante a las medidas y normas sanitarias que deber\u00e1 implementar la industria tur\u00edstica a nivel pa\u00eds, con miras a preparar el momento de la reactivaci\u00f3n.<\/p>\n<p style=\"text-align: justify;\">Finalizando el encuentro, se involucr\u00f3 el trabajo realizado con los diversos comit\u00e9s y mesas en torno al turismo regional, donde se levantaron m\u00e1s propuestas para la construcci\u00f3n del plan de reactivaci\u00f3n del turismo en la regi\u00f3n, adem\u00e1s de asumir el compromiso de trabajo mancomunado para estar preparados para lo que ser\u00e1 el nuevo turista.<\/p>\n<p style=\"text-align: justify;\">En cuanto a la reuni\u00f3n, Roger Cisterna, seremi de Econom\u00eda, enfatiz\u00f3:<\/p>\n<p style=\"text-align: justify;\">\u201c\u00d1uble posee un tremendo potencial debido a sus paisajes y sus productos end\u00e9micos que cautivan a chilenos y extranjeros, por lo que es fundamental el trabajo mancomunado entre empresarios y el sector p\u00fablico. El turismo es una industria virtuosa que se caracteriza por su capacidad de generar riqueza y oportunidades laborales que ahora m\u00e1s que nunca debemos recuperar con todos los protocolos necesarios y responsabilidad tanto de los empresarios como quienes visitan nuestra regi\u00f3n para su reactivaci\u00f3n econ\u00f3mica\u201d.<\/p>\n","protected":false},"excerpt":{"rendered":"<p>\u00d1uble, julio 2020: La actividad organizada por SERNATUR \u00d1uble cont\u00f3 con m\u00e1s de 60 asistentes entre ellos autoridades regionales, representantes de instituciones de gobierno, coordinadores de turismo municipal, empresarios, gremios y la academia. La&#46;&#46;&#46;<\/p>\n","protected":false},"author":2,"featured_media":22718,"comment_status":"closed","ping_status":"open","sticky":false,"template":"","format":"standard","meta":{"footnotes":""},"categories":[1,15],"tags":[1115,1678,1128,1119,8,6,117],"class_list":["post-22717","post","type-post","status-publish","format-standard","has-post-thumbnail","hentry","category-noticias","category-turismo","tag-noticias","tag-nuble","tag-sernatur","tag-turismo","tag-yungay","tag-yungayino","tag-yungayinocl"],"_links":{"self":[{"href":"https:\/\/www.yungayino.cl\/noticias\/index.php?rest_route=\/wp\/v2\/posts\/22717","targetHints":{"allow":["GET"]}}],"collection":[{"href":"https:\/\/www.yungayino.cl\/noticias\/index.php?rest_route=\/wp\/v2\/posts"}],"about":[{"href":"https:\/\/www.yungayino.cl\/noticias\/index.php?rest_route=\/wp\/v2\/types\/post"}],"author":[{"embeddable":true,"href":"https:\/\/www.yungayino.cl\/noticias\/index.php?rest_route=\/wp\/v2\/users\/2"}],"replies":[{"embeddable":true,"href":"https:\/\/www.yungayino.cl\/noticias\/index.php?rest_route=%2Fwp%2Fv2%2Fcomments&post=22717"}],"version-history":[{"count":1,"href":"https:\/\/www.yungayino.cl\/noticias\/index.php?rest_route=\/wp\/v2\/posts\/22717\/revisions"}],"predecessor-version":[{"id":22719,"href":"https:\/\/www.yungayino.cl\/noticias\/index.php?rest_route=\/wp\/v2\/posts\/22717\/revisions\/22719"}],"wp:featuredmedia":[{"embeddable":true,"href":"https:\/\/www.yungayino.cl\/noticias\/index.php?rest_route=\/wp\/v2\/media\/22718"}],"wp:attachment":[{"href":"https:\/\/www.yungayino.cl\/noticias\/index.php?rest_route=%2Fwp%2Fv2%2Fmedia&parent=22717"}],"wp:term":[{"taxonomy":"category","embeddable":true,"href":"https:\/\/www.yungayino.cl\/noticias\/index.php?rest_route=%2Fwp%2Fv2%2Fcategories&post=22717"},{"taxonomy":"post_tag","embeddable":true,"href":"https:\/\/www.yungayino.cl\/noticias\/index.php?rest_route=%2Fwp%2Fv2%2Ftags&post=22717"}],"curies":[{"name":"wp","href":"https:\/\/api.w.org\/{rel}","templated":true}]}}