{"id":22735,"date":"2020-07-09T07:00:59","date_gmt":"2020-07-09T10:00:59","guid":{"rendered":"http:\/\/www.yungayino.cl\/noticias\/?p=22735"},"modified":"2020-07-05T19:14:07","modified_gmt":"2020-07-05T22:14:07","slug":"cnr-y-gore-nuble-lanzan-concurso-por-cerca-de-400-millones-para-fomentar-el-riego-en-la-pequena-agricultura","status":"publish","type":"post","link":"https:\/\/www.yungayino.cl\/noticias\/?p=22735","title":{"rendered":"CNR y GORE \u00d1uble Lanzan Concurso por Cerca de $400 Millones Para Fomentar el Riego en la Peque\u00f1a Agricultura"},"content":{"rendered":"<p><img loading=\"lazy\" decoding=\"async\" class=\"alignnone size-full wp-image-22736\" src=\"http:\/\/www.yungayino.cl\/noticias\/wp-content\/uploads\/2020\/07\/riego-peque\u00f1a-agricultura.jpg\" alt=\"\" width=\"700\" height=\"407\" srcset=\"https:\/\/www.yungayino.cl\/noticias\/wp-content\/uploads\/2020\/07\/riego-peque\u00f1a-agricultura.jpg 700w, https:\/\/www.yungayino.cl\/noticias\/wp-content\/uploads\/2020\/07\/riego-peque\u00f1a-agricultura-300x174.jpg 300w, https:\/\/www.yungayino.cl\/noticias\/wp-content\/uploads\/2020\/07\/riego-peque\u00f1a-agricultura-258x150.jpg 258w\" sizes=\"auto, (max-width: 700px) 100vw, 700px\" \/><\/p>\n<p style=\"text-align: justify;\">\u00d1uble, julio 2020: La Comisi\u00f3n Nacional de Riego (CNR) y el Gobierno Regional de \u00d1uble anunciaron que ya se encuentran disponibles en la p\u00e1gina web\u00a0<a href=\"http:\/\/www.cnr.gob.cl\/\">www.cnr.gob.cl<\/a>\u00a0las bases del concurso 109-2020 denominado \u201cPrograma Especial Peque\u00f1a Agricultura CNR-GORE de \u00d1uble\u201d.<\/p>\n<p style=\"text-align: justify;\">El concurso est\u00e1 orientado a fomentar obras de tecnificaci\u00f3n de riego en beneficio de peque\u00f1os productores agr\u00edcolas INDAP y no INDAP.\u00a0 El fondo disponible es de $379 millones, de los cuales $250 millones son para proyectos que se emplacen en comunas declaradas en emergencia agr\u00edcola como; \u00d1iqu\u00e9n, San Carlos, Coihueco, Pinto, San Nicol\u00e1s, Chill\u00e1n, Chill\u00e1n Viejo y Bulnes. El resto de los recursos ser\u00e1n para obras que se desarrollen en las comunas de Pemuco, El Carmen, San Ignacio, Quill\u00f3n, <strong>Yungay<\/strong> y San Fabi\u00e1n.<\/p>\n<p style=\"text-align: justify;\">\u201c\u00d1uble es sin\u00f3nimo de peque\u00f1a agricultura y en mi actual cargo he sido testigo de c\u00f3mo el riego tecnificado le cambia la vida a familias que son lideradas por mujeres y hombres que dan todo su esfuerzo para hacer fruct\u00edfera la tierra\u201d, se\u00f1al\u00f3 Javier \u00c1vila, Coordinador Zonal Biob\u00edo-\u00d1uble de la Comisi\u00f3n Nacional de Riego.<\/p>\n<p style=\"text-align: justify;\">\u00c1vila agreg\u00f3 que \u201cel riego sin duda se transforma en un factor que les aliviana el trabajo, les da la opci\u00f3n de diversificar sus cultivos y cuando el proyecto de riego incluye energ\u00edas renovables conectadas a la red, el ahorro en el gasto energ\u00e9tico les permite economizar no solo los gastado en el riego, sino que adem\u00e1s les ayuda a disminuir significativamente la cuenta de energ\u00eda el\u00e9ctrica del hogar\u201d.<\/p>\n<p style=\"text-align: justify;\">Por su parte el Intendente, Mart\u00edn Arrau, se\u00f1al\u00f3 que \u201cuna de las grandes ventajas de que \u00d1uble sea regi\u00f3n es que podemos priorizar d\u00f3nde destinar recursos, de acuerdo a nuestra realidad regional y claramente el riego siempre estar\u00e1 dentro de nuestras prioridades, porque sabemos lo que significa el agua para el campo. \u00d1uble es campo y estamos convencidos de que el desarrollo de nuestra regi\u00f3n depende de cu\u00e1nto trabajemos para hacer crecer nuestra agricultura\u201d.<\/p>\n<p style=\"text-align: justify;\">Arrau agreg\u00f3 que \u201csi bien este a\u00f1o la tendencia a la escasez h\u00eddrica se ha quebrado, no podemos dejar de destinar recursos al riego, porque la agricultura de \u00d1uble debe estar preparada para escenarios clim\u00e1ticos adversos. Por esta raz\u00f3n seguiremos trabajando para concretar las obras de acumulaci\u00f3n, conducci\u00f3n y tecnificaci\u00f3n del riego que garanticen el desarrollo de una actividad econ\u00f3mica que no tan solo permite progreso, sino que tambi\u00e9n le entrega la identidad a nuestra regi\u00f3n\u201d<\/p>\n<p style=\"text-align: justify;\">A su vez el Seremi de Agricultura de la regi\u00f3n del \u00d1uble, Juan Carlos Molina, se\u00f1al\u00f3 que \u201ceste concurso priorizar\u00e1 aquellos proyectos que provengan de comunas declaradas en emergencia agr\u00edcola, porque sabemos el da\u00f1o que han provocado tantos a\u00f1os de escasez h\u00eddrica a nuestra peque\u00f1a agricultura\u201d.<\/p>\n<p style=\"text-align: justify;\">El titular regional del agro a\u00f1adi\u00f3 que \u201cdesde el primer d\u00eda del Gobierno del Presidente Sebasti\u00e1n Pi\u00f1era, el Ministro de Agricultura, Antonio Walker, ha dejado claro que el riego es un eje estrat\u00e9gico para desarrollar todo el potencial de los campos de Chile y en \u00d1uble as\u00ed lo estamos realizando, no tan solo con los recursos sectoriales a trav\u00e9s de la CNR e INDAP, sino que tambi\u00e9n gracias a los aportes del Gobierno Regional, que permiten la realizaci\u00f3n de este tipo de concursos\u201d.<\/p>\n<p style=\"text-align: justify;\"><strong>Los proyectos podr\u00e1n ser postulados al concurso desde el 29 de junio de 2020 y hasta las 23:59 horas del 11 de agosto de 2020<\/strong>, solamente a trav\u00e9s del software de la Ley N\u00ba 18.450 disponible en el link \u201cPostulaci\u00f3n Electr\u00f3nica Ley 18.450\u201d del sitio web de la CNR\u00a0<a href=\"http:\/\/www.cnr.gob.cl\/\">www.cnr.gob.cl<\/a>\u00a0(<a href=\"https:\/\/ley18450.cnr.gob.cl\/ley18450\/login\">https:\/\/ley18450.cnr.gob.cl\/ley18450\/login<\/a>).<\/p>\n","protected":false},"excerpt":{"rendered":"<p>\u00d1uble, julio 2020: La Comisi\u00f3n Nacional de Riego (CNR) y el Gobierno Regional de \u00d1uble anunciaron que ya se encuentran disponibles en la p\u00e1gina web\u00a0www.cnr.gob.cl\u00a0las bases del concurso 109-2020 denominado \u201cPrograma Especial Peque\u00f1a Agricultura&#46;&#46;&#46;<\/p>\n","protected":false},"author":2,"featured_media":22736,"comment_status":"closed","ping_status":"open","sticky":false,"template":"","format":"standard","meta":{"footnotes":""},"categories":[1],"tags":[2265,140,1115,2136,8,6,117],"class_list":["post-22735","post","type-post","status-publish","format-standard","has-post-thumbnail","hentry","category-noticias","tag-agricultura","tag-indap","tag-noticias","tag-riego","tag-yungay","tag-yungayino","tag-yungayinocl"],"_links":{"self":[{"href":"https:\/\/www.yungayino.cl\/noticias\/index.php?rest_route=\/wp\/v2\/posts\/22735","targetHints":{"allow":["GET"]}}],"collection":[{"href":"https:\/\/www.yungayino.cl\/noticias\/index.php?rest_route=\/wp\/v2\/posts"}],"about":[{"href":"https:\/\/www.yungayino.cl\/noticias\/index.php?rest_route=\/wp\/v2\/types\/post"}],"author":[{"embeddable":true,"href":"https:\/\/www.yungayino.cl\/noticias\/index.php?rest_route=\/wp\/v2\/users\/2"}],"replies":[{"embeddable":true,"href":"https:\/\/www.yungayino.cl\/noticias\/index.php?rest_route=%2Fwp%2Fv2%2Fcomments&post=22735"}],"version-history":[{"count":1,"href":"https:\/\/www.yungayino.cl\/noticias\/index.php?rest_route=\/wp\/v2\/posts\/22735\/revisions"}],"predecessor-version":[{"id":22737,"href":"https:\/\/www.yungayino.cl\/noticias\/index.php?rest_route=\/wp\/v2\/posts\/22735\/revisions\/22737"}],"wp:featuredmedia":[{"embeddable":true,"href":"https:\/\/www.yungayino.cl\/noticias\/index.php?rest_route=\/wp\/v2\/media\/22736"}],"wp:attachment":[{"href":"https:\/\/www.yungayino.cl\/noticias\/index.php?rest_route=%2Fwp%2Fv2%2Fmedia&parent=22735"}],"wp:term":[{"taxonomy":"category","embeddable":true,"href":"https:\/\/www.yungayino.cl\/noticias\/index.php?rest_route=%2Fwp%2Fv2%2Fcategories&post=22735"},{"taxonomy":"post_tag","embeddable":true,"href":"https:\/\/www.yungayino.cl\/noticias\/index.php?rest_route=%2Fwp%2Fv2%2Ftags&post=22735"}],"curies":[{"name":"wp","href":"https:\/\/api.w.org\/{rel}","templated":true}]}}