{"id":22745,"date":"2020-07-09T10:00:17","date_gmt":"2020-07-09T13:00:17","guid":{"rendered":"http:\/\/www.yungayino.cl\/noticias\/?p=22745"},"modified":"2020-07-09T15:13:55","modified_gmt":"2020-07-09T18:13:55","slug":"pavimentacion-de-calle-prolongacion-germania-se-encuentra-proxima-para-iniciar-sus-obras","status":"publish","type":"post","link":"https:\/\/www.yungayino.cl\/noticias\/?p=22745","title":{"rendered":"Pavimentaci\u00f3n de Calle \u201cProlongaci\u00f3n Germania\u201d se Encuentra Pr\u00f3xima Para Iniciar sus Obras"},"content":{"rendered":"<p><img loading=\"lazy\" decoding=\"async\" class=\"alignnone size-full wp-image-22746\" src=\"http:\/\/www.yungayino.cl\/noticias\/wp-content\/uploads\/2020\/07\/portada.jpg\" alt=\"\" width=\"700\" height=\"350\" srcset=\"https:\/\/www.yungayino.cl\/noticias\/wp-content\/uploads\/2020\/07\/portada.jpg 700w, https:\/\/www.yungayino.cl\/noticias\/wp-content\/uploads\/2020\/07\/portada-300x150.jpg 300w\" sizes=\"auto, (max-width: 700px) 100vw, 700px\" \/><\/p>\n<p style=\"text-align: justify;\">Yungay, julio 2020: Alcalde de Yungay, Rafael Cifuentes Rodr\u00edguez, en compa\u00f1\u00eda del SEREMI de Vivienda y Urbanismo de \u00d1uble, Carlos Urrestarazu Carrion, visitaron la calle Prolongaci\u00f3n Germania, confirmando que el proyecto de pavimentaci\u00f3n est\u00e1 en etapa de licitaci\u00f3n y se encuentra pronto a iniciar sus obras.<\/p>\n<p style=\"text-align: justify;\"><iframe loading=\"lazy\" style=\"border: none; overflow: hidden;\" src=\"https:\/\/www.facebook.com\/plugins\/post.php?href=https:\/\/www.facebook.com\/yungayino.cl\/photos\/a.3586318328049847\/3586318864716460\/?type=3&amp;__xts__%5B0%5D=68.ARAnl5EIWCwOhI-EphgTeuA_LYxXcMlawQz9ZkiqUYULI9mz9dR7cAcO_JEp94oHx94_EoTtSpMUNOwWrhG0sJLSwWenToiaVYu34_X98Oxx-rc-dlhw3c6HFvpZZ6_SlUXELPvzryZWeVXvxkiYH5ZuSXC1_7PgJaud_2MLtgYw-jdkMrG9dFex4sfMlMAiIcIZOnQhbLeeGsajY_sFieQ8h3LEP1GQusgRaRr_CQZdAlI5MppcH5KNsaSpNpfraUbd3aJoVV2glxmyeH436TpDhleJx7UY8-7k_gdMc0EoQPIibnbpAzO6ksHXguEBXWQLebJxrkSmc5rROdevjsyTeaWzdIPa-ZC2DfdfvC1ihbp1Nt2EjsvolDG3SUIp7K3UxlQrXHlOszvZ81LSHAofE5-N8isxbGGpjIiE6a_x-SQUgIFrnRPioUDUkdn2fQrLylLVxWskwvm8sRQO&amp;__tn__=-R&amp;l=a77e327dc6&amp;l=f5951f1994&amp;l=bfecbb8adf&amp;l=687b6bf5da&amp;width=500&amp;show_text=true&amp;height=691&amp;appId\" width=\"500\" height=\"715\" frameborder=\"0\" scrolling=\"no\"><\/iframe><\/p>\n<p style=\"text-align: justify;\">La iniciativa est\u00e1 enmarcada en el \u201cPrograma de Pavimentaci\u00f3n Participativa\u201d proceso de selecci\u00f3n a\u00f1o 2020 del Ministerio de Vivienda y Urbanismo, que se trabaja con el comit\u00e9 de pavimentaci\u00f3n Villa Juan Pablo II y la Municipalidad de Yungay.<\/p>\n<p style=\"text-align: justify;\">\u201cActualmente este proyecto est\u00e1 en etapa de licitaci\u00f3n, por tanto las obras se iniciar\u00edan entre los meses de agosto o septiembre\u201d manifest\u00f3 el SEREMI de Vivienda y Urbanismo de \u00d1uble.<\/p>\n<p style=\"text-align: justify;\">\u201cNuestro equipo Municipal ha hecho un gran trabajo para sacar adelante este proyecto. Es un compromiso que asumimos como administraci\u00f3n y se est\u00e1 cumpliendo. Agradecemos el apoyo obtenido por parte del Ministerio de Vivienda\u201d se refiri\u00f3 el alcalde yungayino.<\/p>\n<p style=\"text-align: justify;\">[su_button url=\u00bbhttps:\/\/www.facebook.com\/pg\/yungayino.cl\/photos\/?tab=album&amp;album_id=3586318328049847&#8243; target=\u00bbblank\u00bb size=\u00bb7&#8243; radius=\u00bbround\u00bb icon=\u00bbicon: facebook-square\u00bb]FOTOGRAF\u00cdAS &#8211; Pavimentaci\u00f3n de Calle \u201cProlongaci\u00f3n Germania\u201d se Encuentra Pr\u00f3xima Para Iniciar sus Obras[\/su_button]<\/p>\n","protected":false},"excerpt":{"rendered":"<p>Yungay, julio 2020: Alcalde de Yungay, Rafael Cifuentes Rodr\u00edguez, en compa\u00f1\u00eda del SEREMI de Vivienda y Urbanismo de \u00d1uble, Carlos Urrestarazu Carrion, visitaron la calle Prolongaci\u00f3n Germania, confirmando que el proyecto de pavimentaci\u00f3n est\u00e1&#46;&#46;&#46;<\/p>\n","protected":false},"author":2,"featured_media":22746,"comment_status":"closed","ping_status":"open","sticky":false,"template":"","format":"standard","meta":{"footnotes":""},"categories":[1],"tags":[2267,1115,742,8,6,117],"class_list":["post-22745","post","type-post","status-publish","format-standard","has-post-thumbnail","hentry","category-noticias","tag-calle-germania","tag-noticias","tag-pavimentacion","tag-yungay","tag-yungayino","tag-yungayinocl"],"_links":{"self":[{"href":"https:\/\/www.yungayino.cl\/noticias\/index.php?rest_route=\/wp\/v2\/posts\/22745","targetHints":{"allow":["GET"]}}],"collection":[{"href":"https:\/\/www.yungayino.cl\/noticias\/index.php?rest_route=\/wp\/v2\/posts"}],"about":[{"href":"https:\/\/www.yungayino.cl\/noticias\/index.php?rest_route=\/wp\/v2\/types\/post"}],"author":[{"embeddable":true,"href":"https:\/\/www.yungayino.cl\/noticias\/index.php?rest_route=\/wp\/v2\/users\/2"}],"replies":[{"embeddable":true,"href":"https:\/\/www.yungayino.cl\/noticias\/index.php?rest_route=%2Fwp%2Fv2%2Fcomments&post=22745"}],"version-history":[{"count":4,"href":"https:\/\/www.yungayino.cl\/noticias\/index.php?rest_route=\/wp\/v2\/posts\/22745\/revisions"}],"predecessor-version":[{"id":22749,"href":"https:\/\/www.yungayino.cl\/noticias\/index.php?rest_route=\/wp\/v2\/posts\/22745\/revisions\/22749"}],"wp:featuredmedia":[{"embeddable":true,"href":"https:\/\/www.yungayino.cl\/noticias\/index.php?rest_route=\/wp\/v2\/media\/22746"}],"wp:attachment":[{"href":"https:\/\/www.yungayino.cl\/noticias\/index.php?rest_route=%2Fwp%2Fv2%2Fmedia&parent=22745"}],"wp:term":[{"taxonomy":"category","embeddable":true,"href":"https:\/\/www.yungayino.cl\/noticias\/index.php?rest_route=%2Fwp%2Fv2%2Fcategories&post=22745"},{"taxonomy":"post_tag","embeddable":true,"href":"https:\/\/www.yungayino.cl\/noticias\/index.php?rest_route=%2Fwp%2Fv2%2Ftags&post=22745"}],"curies":[{"name":"wp","href":"https:\/\/api.w.org\/{rel}","templated":true}]}}